{"id":4952,"date":"2011-11-26T14:58:44","date_gmt":"2011-11-26T14:58:44","guid":{"rendered":"http:\/\/www.rivadaviamendoza.gob.ar\/hcd\/?p=4952"},"modified":"2011-11-26T14:58:44","modified_gmt":"2011-11-26T14:58:44","slug":"resolucion-12-2011","status":"publish","type":"post","link":"https:\/\/coworkdigital.com.ar\/hcd\/resolucion-12-2011\/","title":{"rendered":"Resoluci\u00f3n 12-2011"},"content":{"rendered":"<p style=\"text-align: center;\"><strong><img fetchpriority=\"high\" decoding=\"async\" class=\"wp-image-1054 aligncenter\" src=\"http:\/\/rd.gov.ar\/wp4\/wp-content\/uploads\/2017\/02\/encabezado-300x60.jpg\" sizes=\"(max-width: 669px) 100vw, 669px\" srcset=\"http:\/\/www.rivadaviamendoza.gob.ar\/hcd\/wp-content\/uploads\/2017\/02\/encabezado-300x60.jpg 300w, http:\/\/www.rivadaviamendoza.gob.ar\/hcd\/wp-content\/uploads\/2017\/02\/encabezado-768x153.jpg 768w, http:\/\/www.rivadaviamendoza.gob.ar\/hcd\/wp-content\/uploads\/2017\/02\/encabezado-1024x203.jpg 1024w\" alt=\"\" width=\"669\" height=\"134\" \/><\/strong><\/p>\n<p style=\"text-align: center;\"><strong>RESOLUCION N\u00ba 12<\/strong><\/p>\n<p style=\"text-align: justify;\"><strong>VISTO<\/strong><br \/>\nQue por Resoluci\u00f3n de Presidencia N\u00ba P-47-11, se convoco al Concejo Deliberante de Rivadavia a Sesi\u00f3n Preparatoria, y<\/p>\n<p style=\"text-align: justify;\"><strong>CONSIDERANDO<\/strong><br \/>\nQue, se convoco al Concejo Deliberante de Rivadavia, con el objeto de incorporar como Concejales por el departamento de Rivadavia a los ciudadanos que resultaron electos en los comicios del d\u00eda 23 de octubre de 2011 y que figuran en el Acta de Proclamaci\u00f3n de Candidatos, expedida por la Honorable Junta Electoral de la provincia de Mendoza, obrante a fs. 3\/4 del Expediente N\u00ba 2011-00303-1.<br \/>\nQue la Comisi\u00f3n de Poderes de este Cuerpo, mediante Acta de fecha 25 de noviembre de 2011, obrante a fs. 07 del citado Expediente, aconsej\u00f3 a este Cuerpo la incorporaci\u00f3n de los ciudadanos electos Concejales, a excepci\u00f3n del concejal Alejandro Derkaez, cuya incorporaci\u00f3n ser\u00e1 oportunamente resuelta, conforme lo dispuesto en el art\u00edculo 12 del reglamento interno de este Concejo Deliberante.<\/p>\n<p style=\"text-align: justify;\"><strong>POR ELLO<\/strong><br \/>\nEl Concejo Deliberante de Rivadavia, Mendoza, y en uso de sus facultades:<\/p>\n<p style=\"text-align: center;\"><strong>RESUELVE<\/strong><\/p>\n<p style=\"text-align: justify;\"><strong>Art\u00edculo 1\u00ba:<\/strong> Aprobar en todas y cada una de sus partes el Acta emitida por la Comisi\u00f3n de Poderes de este Cuerpo, de fecha 25 de noviembre de 2011, obrante a fs. 07 del Expediente N\u00ba2011-00303-1.<\/p>\n<p style=\"text-align: justify;\"><strong>Art\u00edculo 2\u00ba:<\/strong> Incorporar como Concejales por el departamento de Rivadavia, provincia de Mendoza, por el periodo comprendido entre los d\u00edas 26 de noviembre de 2011 y 25 de noviembre de 2015, a los ciudadanos: SEOANE FLORINDA; BERLOIN ROBERTO; FORNASARI CARLOS JAVIER y CORREA ARIEL MARCELO.<\/p>\n<p style=\"text-align: justify;\"><strong>Art\u00edculo 3\u00ba:<\/strong> Por Secretar\u00eda de este Cuerpo, real\u00edcese las comunicaciones oficiales de estilo, a fin de informar la nueva composici\u00f3n de este Departamento Deliberativo.<\/p>\n<p style=\"text-align: justify;\"><strong>Art\u00edculo 4\u00ba:<\/strong> Comun\u00edquese al Departamento Ejecutivo a sus efectos, e ins\u00e9rtese en el Libro de Resoluciones de este Cuerpo.<\/p>\n<p style=\"text-align: justify;\">Dada en la Sala de Sesiones Bandera Nacional Argentina, del Concejo Deliberante de Rivadavia, Mendoza, a los 26 d\u00edas del mes de noviembre de 2011.<\/p>\n<table>\n<tbody>\n<tr>\n<td style=\"text-align: center;\">ORLANDO JAVIER RODRIGUEZ<\/td>\n<td style=\"text-align: center;\">MAURICIO DI C\u00c9SARE<\/td>\n<\/tr>\n<tr>\n<td style=\"text-align: center;\">SECRETARIO C.D.<\/td>\n<td style=\"text-align: center;\">PRESIDENTE C.D.<\/td>\n<\/tr>\n<\/tbody>\n<\/table>\n<p style=\"text-align: right;\">Cpde. Expte. N\u00ba 2011-00303-1 C.D.<\/p>\n","protected":false},"excerpt":{"rendered":"<p>RESOLUCION N\u00ba 12 VISTO Que por Resoluci\u00f3n de Presidencia N\u00ba P-47-11, se convoco al Concejo Deliberante de Rivadavia a Sesi\u00f3n Preparatoria, y CONSIDERANDO Que, se convoco al Concejo Deliberante de Rivadavia, con el objeto de incorporar como Concejales por el departamento de Rivadavia a los ciudadanos que resultaron electos en los comicios del d\u00eda 23 [&hellip;]<\/p>\n","protected":false},"author":1,"featured_media":1020,"comment_status":"closed","ping_status":"closed","sticky":false,"template":"","format":"standard","meta":{"_acf_changed":false,"footnotes":""},"categories":[65],"tags":[],"class_list":["post-4952","post","type-post","status-publish","format-standard","has-post-thumbnail","hentry","category-resoluciones"],"acf":[],"_links":{"self":[{"href":"https:\/\/coworkdigital.com.ar\/hcd\/wp-json\/wp\/v2\/posts\/4952","targetHints":{"allow":["GET"]}}],"collection":[{"href":"https:\/\/coworkdigital.com.ar\/hcd\/wp-json\/wp\/v2\/posts"}],"about":[{"href":"https:\/\/coworkdigital.com.ar\/hcd\/wp-json\/wp\/v2\/types\/post"}],"author":[{"embeddable":true,"href":"https:\/\/coworkdigital.com.ar\/hcd\/wp-json\/wp\/v2\/users\/1"}],"replies":[{"embeddable":true,"href":"https:\/\/coworkdigital.com.ar\/hcd\/wp-json\/wp\/v2\/comments?post=4952"}],"version-history":[{"count":0,"href":"https:\/\/coworkdigital.com.ar\/hcd\/wp-json\/wp\/v2\/posts\/4952\/revisions"}],"wp:featuredmedia":[{"embeddable":true,"href":"https:\/\/coworkdigital.com.ar\/hcd\/wp-json\/wp\/v2\/media\/1020"}],"wp:attachment":[{"href":"https:\/\/coworkdigital.com.ar\/hcd\/wp-json\/wp\/v2\/media?parent=4952"}],"wp:term":[{"taxonomy":"category","embeddable":true,"href":"https:\/\/coworkdigital.com.ar\/hcd\/wp-json\/wp\/v2\/categories?post=4952"},{"taxonomy":"post_tag","embeddable":true,"href":"https:\/\/coworkdigital.com.ar\/hcd\/wp-json\/wp\/v2\/tags?post=4952"}],"curies":[{"name":"wp","href":"https:\/\/api.w.org\/{rel}","templated":true}]}}