{"id":4960,"date":"2011-11-08T15:10:33","date_gmt":"2011-11-08T15:10:33","guid":{"rendered":"http:\/\/www.rivadaviamendoza.gob.ar\/hcd\/?p=4960"},"modified":"2011-11-08T15:10:33","modified_gmt":"2011-11-08T15:10:33","slug":"resolucion-08-2011","status":"publish","type":"post","link":"https:\/\/coworkdigital.com.ar\/hcd\/resolucion-08-2011\/","title":{"rendered":"Resoluci\u00f3n 08-2011"},"content":{"rendered":"<p style=\"text-align: center;\"><strong><img fetchpriority=\"high\" decoding=\"async\" class=\"wp-image-1054 aligncenter\" src=\"http:\/\/rd.gov.ar\/wp4\/wp-content\/uploads\/2017\/02\/encabezado-300x60.jpg\" sizes=\"(max-width: 669px) 100vw, 669px\" srcset=\"http:\/\/www.rivadaviamendoza.gob.ar\/hcd\/wp-content\/uploads\/2017\/02\/encabezado-300x60.jpg 300w, http:\/\/www.rivadaviamendoza.gob.ar\/hcd\/wp-content\/uploads\/2017\/02\/encabezado-768x153.jpg 768w, http:\/\/www.rivadaviamendoza.gob.ar\/hcd\/wp-content\/uploads\/2017\/02\/encabezado-1024x203.jpg 1024w\" alt=\"\" width=\"669\" height=\"134\" \/><\/strong><\/p>\n<p style=\"text-align: center;\"><strong>RESOLUCI\u00d3N 8<\/strong><\/p>\n<p style=\"text-align: justify;\"><strong>VISTO<\/strong><br \/>\nLa vigencia de la ley\u00a0 nacional 24901 de \u201cSistema de prestaciones b\u00e1sicas en habilitaci\u00f3n y rehabilitaci\u00f3n integral a favor de las personas con discapacidad.<\/p>\n<p style=\"text-align: justify;\"><strong>CONSIDERANDO<\/strong><br \/>\nQue la legislaci\u00f3n internacional y nacional ampara el respeto y el ejercicio de los derechos humanos de los ni\u00f1os, j\u00f3venes y adultos con discapacidad, otorgando el principio de igualdad ante la ley.<br \/>\nQue ejemplos esto, son: La Convenci\u00f3n sobre los Derechos del Ni\u00f1o, la Declaraci\u00f3n de los Derechos del Ni\u00f1o; que contempla la protecci\u00f3n integral del ni\u00f1o y a\u00fan m\u00e1s del ni\u00f1o con capacidades especiales, estableciendo el derecho a la protecci\u00f3n, cuidados y ayuda especial. La ley 22431 de protecci\u00f3n integral de personas con discapacidades que \u201cestablece un sistema de protecci\u00f3n integral de las personas discapacitadas, tendientes a asegurar a est\u00e1s su atenci\u00f3n medica, su educaci\u00f3n y su seguridad social, as\u00ed como concederles la franquicia y est\u00edmulos que permitan en lo posible neutralizar la desventaja que la incapacidad les provoca y les den una oportunidad para desempe\u00f1ar un rol equivalente al que ejercen las personas normales\u201d.<br \/>\nQue la ley 24901 tiene como objetivo fundamental: \u201cacciones de prevenci\u00f3n asistencia, promoci\u00f3n y protecci\u00f3n para brindar\u00a0 una cobertura integral a las necesidades y requerimientos ya que propone lograr una mejor calidad de vida para las personas con discapacidad\u201d. En la reglamentaci\u00f3n se crea: el \u201cNomenclador de prestaciones b\u00e1sicas para personas con discapacidad, en el que se define el contenido y los alcances de las prestaciones\u201d. Se establecen \u201cmodalidades de cobertura y se fijan aranceles\u201d.<br \/>\nQue esta ley garantiza: \u201cel pleno goce del derecho a la salud, la educaci\u00f3n, la capacitaci\u00f3n para el trabajo, los traslados especiales, los servicios terap\u00e9uticos\u201d. \u201cNo hace diferenciaci\u00f3n ni excluye a los ciudadanos con discapacidad por contar o no con una obra social\u201d.<br \/>\nQue en la provincia de Mendoza los ciudadanos con discapacidad que poseen obra social nacional tienen una cobertura del 100% de las prestaciones b\u00e1sicas anunciadas en la ley 24901. Que los ciudadanos con discapacidad sin cobertura social dependen de la ayuda que le otorgue el Estado, no garantizando una atenci\u00f3n de calidad ya que no todos llegan a la direcci\u00f3n de discapacidad para tener una respuesta (por desconocimiento o porque se encuentran alejados de los n\u00facleos urbanos). Mientras que los ciudadanos con discapacidad con obras sociales provinciales, no tienen la cobertura de las prestaciones b\u00e1sicas enunciadas en la Ley 24901 ya que estas obras sociales aducen no estar obligadas, porque Mendoza no ha adherido a la misma. Provocando discriminaci\u00f3n y desigualdad a los afiliados con discapacidad y\/o sus familiares. Adem\u00e1s esto se agrava cuando las prestaciones de servicios m\u00e9dicos que se rigen por el nomenclador nacional seleccionan y prefieren a los afiliados de las obras sociales nacionales poniendo cupos o lista de espera cuando se requiere una prestaci\u00f3n.<br \/>\nQue el proyecto de declaraci\u00f3n de los padres auto convocados de ni\u00f1os, j\u00f3venes y adultos con discapacidad, \u201csolicitan la pronta adhesi\u00f3n de Mendoza a la Ley Nacional de Discapacidad 24901 sancionada en noviembre de 1997 y el rechazo del proyecto del Poder Ejecutivo Provincial y OSEP presentado en la legislatura en julio del 2011\u201d.<br \/>\nQue es deber del Estado bregar por la inclusi\u00f3n e igualdad de todos los habitantes, hace imperioso que la legislatura preste atenci\u00f3n a los problemas concretos y a los reclamos de dichas personas canaliz\u00e1ndolos en marcos legales que incrementen la posibilidad de integraci\u00f3n.<\/p>\n<p style=\"text-align: justify;\"><strong>POR ELLO<\/strong><br \/>\nEl Concejo Deliberante de Rivadavia, Mendoza, y en uso de sus facultades:<\/p>\n<p style=\"text-align: center;\"><strong>RESUELVE<\/strong><\/p>\n<p style=\"text-align: justify;\"><strong>Art\u00edculo 1\u00ba:<\/strong> El Concejo Deliberante de Rivadavia, Mendoza, adhiere\u00a0 a la ley Nacional N\u00ba 24.901, referida al Sistema de Prestaciones B\u00e1sicas en habilitaci\u00f3n y rehabilitaci\u00f3n integral a favor de las personas con discapacidad.<\/p>\n<p style=\"text-align: justify;\"><strong>Art\u00edculo 2\u00ba:<\/strong> Solicitar a los Legisladores de la provincia, adhieran a la Ley Nacional N\u00ba24.901, y se contemple en el pr\u00f3ximo Presupuesto 2012, la creaci\u00f3n de una Partida Presupuestaria que permita la efectiva implementaci\u00f3n de la Ley mencionada.<\/p>\n<p style=\"text-align: justify;\"><strong>Art\u00edculo 3\u00ba:<\/strong> Remitir copia de la presente pieza legal, a la Honorable Legislatura provincial; a la C.G.T.; C.T.A.; a la Mutual provincial de O.S.E.P. y a todos los Honorables Concejo Deliberante de la provincia, a los efectos de que se tome conocimiento y adhesi\u00f3n a la presente norma.<\/p>\n<p style=\"text-align: justify;\"><strong>Art\u00edculo 4\u00ba:<\/strong> Comun\u00edquese al Departamento Ejecutivo a sus efectos, e ins\u00e9rtese en el Libro de Resoluciones de este Cuerpo.<\/p>\n<p style=\"text-align: justify;\">Dada en la Sala de Sesiones Bandera Nacional Argentina, del Concejo Deliberante de Rivadavia, Mendoza, a los 08 d\u00edas del mes de noviembre de 2011.<\/p>\n<table>\n<tbody>\n<tr>\n<td style=\"text-align: center;\">ORLANDO JAVIER RODRIGUEZ<\/td>\n<td style=\"text-align: center;\">MAURICIO DI C\u00c9SARE<\/td>\n<\/tr>\n<tr>\n<td style=\"text-align: center;\">SECRETARIO C.D.<\/td>\n<td style=\"text-align: center;\">PRESIDENTE C.D.<\/td>\n<\/tr>\n<\/tbody>\n<\/table>\n<p style=\"text-align: right;\">Cpde. Expte. N\u00ba 2011-00272-8 C.D.<\/p>\n","protected":false},"excerpt":{"rendered":"<p>RESOLUCI\u00d3N 8 VISTO La vigencia de la ley\u00a0 nacional 24901 de \u201cSistema de prestaciones b\u00e1sicas en habilitaci\u00f3n y rehabilitaci\u00f3n integral a favor de las personas con discapacidad. CONSIDERANDO Que la legislaci\u00f3n internacional y nacional ampara el respeto y el ejercicio de los derechos humanos de los ni\u00f1os, j\u00f3venes y adultos con discapacidad, otorgando el principio [&hellip;]<\/p>\n","protected":false},"author":1,"featured_media":1020,"comment_status":"closed","ping_status":"closed","sticky":false,"template":"","format":"standard","meta":{"_acf_changed":false,"footnotes":""},"categories":[65],"tags":[],"class_list":["post-4960","post","type-post","status-publish","format-standard","has-post-thumbnail","hentry","category-resoluciones"],"acf":[],"_links":{"self":[{"href":"https:\/\/coworkdigital.com.ar\/hcd\/wp-json\/wp\/v2\/posts\/4960","targetHints":{"allow":["GET"]}}],"collection":[{"href":"https:\/\/coworkdigital.com.ar\/hcd\/wp-json\/wp\/v2\/posts"}],"about":[{"href":"https:\/\/coworkdigital.com.ar\/hcd\/wp-json\/wp\/v2\/types\/post"}],"author":[{"embeddable":true,"href":"https:\/\/coworkdigital.com.ar\/hcd\/wp-json\/wp\/v2\/users\/1"}],"replies":[{"embeddable":true,"href":"https:\/\/coworkdigital.com.ar\/hcd\/wp-json\/wp\/v2\/comments?post=4960"}],"version-history":[{"count":0,"href":"https:\/\/coworkdigital.com.ar\/hcd\/wp-json\/wp\/v2\/posts\/4960\/revisions"}],"wp:featuredmedia":[{"embeddable":true,"href":"https:\/\/coworkdigital.com.ar\/hcd\/wp-json\/wp\/v2\/media\/1020"}],"wp:attachment":[{"href":"https:\/\/coworkdigital.com.ar\/hcd\/wp-json\/wp\/v2\/media?parent=4960"}],"wp:term":[{"taxonomy":"category","embeddable":true,"href":"https:\/\/coworkdigital.com.ar\/hcd\/wp-json\/wp\/v2\/categories?post=4960"},{"taxonomy":"post_tag","embeddable":true,"href":"https:\/\/coworkdigital.com.ar\/hcd\/wp-json\/wp\/v2\/tags?post=4960"}],"curies":[{"name":"wp","href":"https:\/\/api.w.org\/{rel}","templated":true}]}}