{"id":4974,"date":"2011-02-22T12:13:51","date_gmt":"2011-02-22T12:13:51","guid":{"rendered":"http:\/\/www.rivadaviamendoza.gob.ar\/hcd\/?p=4974"},"modified":"2011-02-22T12:13:51","modified_gmt":"2011-02-22T12:13:51","slug":"resolucion-01-2011","status":"publish","type":"post","link":"https:\/\/coworkdigital.com.ar\/hcd\/resolucion-01-2011\/","title":{"rendered":"Resoluci\u00f3n 01-2011"},"content":{"rendered":"<p style=\"text-align: center;\"><strong><img fetchpriority=\"high\" decoding=\"async\" class=\"wp-image-1054 aligncenter\" src=\"http:\/\/rd.gov.ar\/wp4\/wp-content\/uploads\/2017\/02\/encabezado-300x60.jpg\" sizes=\"(max-width: 669px) 100vw, 669px\" srcset=\"http:\/\/www.rivadaviamendoza.gob.ar\/hcd\/wp-content\/uploads\/2017\/02\/encabezado-300x60.jpg 300w, http:\/\/www.rivadaviamendoza.gob.ar\/hcd\/wp-content\/uploads\/2017\/02\/encabezado-768x153.jpg 768w, http:\/\/www.rivadaviamendoza.gob.ar\/hcd\/wp-content\/uploads\/2017\/02\/encabezado-1024x203.jpg 1024w\" alt=\"\" width=\"669\" height=\"134\" \/><\/strong><\/p>\n<p style=\"text-align: center;\"><strong>RESOLUCI\u00d3N N\u00ba 1<\/strong><\/p>\n<p style=\"text-align: justify;\"><strong>VISTO:<br \/>\n<\/strong>Que por Resoluci\u00f3n de Presidencia N\u00ba P-011-11, se convoco al Concejo Deliberante de Rivadavia a Sesi\u00f3n Preparatoria, y<\/p>\n<p style=\"text-align: justify;\"><strong>CONSIDERANDO:<\/strong><br \/>\nQue la Ley N\u00ba 1.079 Org\u00e1nica de las Municipalidades, y sus modificatorias, Leyes N\u00ba 6.167 y N\u00ba 6.349, determinan y establecen cu\u00e1l ser\u00e1 el Per\u00edodo de Sesiones Ordinarias, y su Pr\u00f3rroga, como as\u00ed tambi\u00e9n, el Per\u00edodo de Sesiones Extraordinarias; que adem\u00e1s\u00a0 fija el procedimiento previsto para la elecci\u00f3n de las Autoridades de los Concejos Deliberantes, referenciando al respecto la siguiente f\u00f3rmula que dice: <strong>\u201c&#8230; Los Concejos proceder\u00e1n a la elecci\u00f3n de un Presidente, un Vice-Presidente 1\u00ba y un VicePresidente 2\u00ba, a simple pluralidad de votos, debiendo los tres ser ciudadanos Argentinos. En los casos de empate se decidir\u00e1 por sorteo. El per\u00edodo de esas Autoridades corre desde el primero de marzo hasta el veintiocho de febrero del a\u00f1o siguiente, pero su nombramiento es revocable en cualquier tiempo por Resoluci\u00f3n de dos tercios adoptada en Sesi\u00f3n P\u00fablica convocada a tal\u00a0 efecto. En caso de acefal\u00eda o ausencia de las Autoridades indicadas, asumir\u00e1 la Presidencia del Concejo el Concejal Argentino de mayor edad ..\u201d<\/strong>.<br \/>\nQue en virtud de las disposiciones vigentes citadas en el p\u00e1rrafo anterior, las actuales Autoridades finalizan su mandato el d\u00eda 28 de febrero de 2011, por lo que corresponde proceder a la designaci\u00f3n de quienes conducir\u00e1n esta Instituci\u00f3n por el per\u00edodo comprendido entre los d\u00edas 01 de marzo de 2011 al 29 de febrero de 2012.<br \/>\nQue por Resoluci\u00f3n N\u00ba 010-10, el Cuerpo presto acuerdo para que el se\u00f1or Javier Rodr\u00edguez se desempe\u00f1ara como secretario del Concejo Deliberante, por el Per\u00edodo Legislativo 2010-2011.<br \/>\nQue finalizado este Per\u00edodo, corresponde al Presidente proponer a qui\u00e9n se desempe\u00f1ara como Secretario del Cuerpo durante el a\u00f1o\u00a0 legislativo que se inicia.<br \/>\nQue a tal efecto ha sido propuesto el se\u00f1or ORLANDO JAVIER RODRIGUEZ.<br \/>\nQue de acuerdo a lo establecido por el Reglamento Interno, en su art\u00edculo 39\u00ba, es el Concejo Deliberante qui\u00e9n debe nombrar por mayor\u00eda simple al Secretario del Cuerpo.<br \/>\nQue corresponde entonces proceder a la elecci\u00f3n de las Autoridades de este Cuerpo para el per\u00edodo comprendido entre los d\u00edas 01 de marzo de 2011 al 29 de febrero de 2012.<\/p>\n<p style=\"text-align: justify;\"><strong>POR ELLO:<\/strong><br \/>\nEl Concejo Deliberante de Rivadavia, Mendoza y en uso de sus facultades:<\/p>\n<p style=\"text-align: center;\"><strong>RESUELVE:<\/strong><\/p>\n<p style=\"text-align: justify;\"><strong>Art\u00edculo 1\u00b0:<\/strong> Designar en el cargo de Presidente del Concejo Deliberante de Rivadavia, Mendoza, al Concejal MAURICIO FLAVIO DI CESARE, D.N.I. N\u00ba 17.573.504,\u00a0 por el per\u00edodo comprendido entre los d\u00edas 01 de marzo de 2011 al 29 de febrero de 2012.<\/p>\n<p style=\"text-align: justify;\"><strong>Art\u00edculo 2\u00ba:<\/strong> Designar en el cargo de Vicepresidenta 1\u00ba del Concejo Deliberante de Rivadavia, Mendoza, a la Concejala LILIANA BEATRIZ TERRANOVA, D.N.I. N\u00ba 12.933.125, por el per\u00edodo comprendido entre los d\u00edas 01 de marzo de 2011 al 29 de febrero de 2012.<\/p>\n<p style=\"text-align: justify;\"><strong>Art\u00edculo 3\u00b0:<\/strong> Designar en el cargo de Vicepresidente 2\u00ba del Concejo Deliberante de Rivadavia, Mendoza, al Concejal CARLOS JAVIER FORNASARI, D.N.I. N\u00ba 22.185.814, por el per\u00edodo comprendido entre los d\u00edas 01 de marzo de 2011 al 29 de febrero de 2012.<\/p>\n<p style=\"text-align: justify;\"><strong>Art\u00edculo 4\u00ba:<\/strong> Pr\u00e9stase el Acuerdo de este Cuerpo para designar en el cargo de Secretario del Concejo Deliberante de Rivadavia, Mendoza, al se\u00f1or ORLANDO JAVIER RODRIGUEZ, D.N.I. N\u00ba 25.022.289, por el per\u00edodo comprendido entre los d\u00edas 01 de marzo de 2011 al 29 de febrero de 2012.<\/p>\n<p style=\"text-align: justify;\"><strong>Art\u00edculo 5\u00ba:<\/strong> Comun\u00edquese al Departamento Ejecutivo, a sus efectos e ins\u00e9rtese en el Libro de Resoluciones de este Cuerpo.<\/p>\n<p style=\"text-align: justify;\">Dada en la Sala de Sesiones Bandera Nacional Argentina, del Concejo Deliberante de Rivadavia, provincia de Mendoza, a los 22 d\u00edas del mes de febrero de 2011.<\/p>\n<table>\n<tbody>\n<tr>\n<td style=\"text-align: center;\">ORLANDO JAVIER RODRIGUEZ<\/td>\n<td style=\"text-align: center;\">MAURICIO DI C\u00c9SARE<\/td>\n<\/tr>\n<tr>\n<td style=\"text-align: center;\">SECRETARIO C.D.<\/td>\n<td style=\"text-align: center;\">PRESIDENTE C.D.<\/td>\n<\/tr>\n<\/tbody>\n<\/table>\n<p style=\"text-align: right;\">Cpde. Expte. N\u00ba 2011-00025-0 C.D.<\/p>\n","protected":false},"excerpt":{"rendered":"<p>RESOLUCI\u00d3N N\u00ba 1 VISTO: Que por Resoluci\u00f3n de Presidencia N\u00ba P-011-11, se convoco al Concejo Deliberante de Rivadavia a Sesi\u00f3n Preparatoria, y CONSIDERANDO: Que la Ley N\u00ba 1.079 Org\u00e1nica de las Municipalidades, y sus modificatorias, Leyes N\u00ba 6.167 y N\u00ba 6.349, determinan y establecen cu\u00e1l ser\u00e1 el Per\u00edodo de Sesiones Ordinarias, y su Pr\u00f3rroga, como [&hellip;]<\/p>\n","protected":false},"author":1,"featured_media":1020,"comment_status":"closed","ping_status":"closed","sticky":false,"template":"","format":"standard","meta":{"_acf_changed":false,"footnotes":""},"categories":[65],"tags":[],"class_list":["post-4974","post","type-post","status-publish","format-standard","has-post-thumbnail","hentry","category-resoluciones"],"acf":[],"_links":{"self":[{"href":"https:\/\/coworkdigital.com.ar\/hcd\/wp-json\/wp\/v2\/posts\/4974","targetHints":{"allow":["GET"]}}],"collection":[{"href":"https:\/\/coworkdigital.com.ar\/hcd\/wp-json\/wp\/v2\/posts"}],"about":[{"href":"https:\/\/coworkdigital.com.ar\/hcd\/wp-json\/wp\/v2\/types\/post"}],"author":[{"embeddable":true,"href":"https:\/\/coworkdigital.com.ar\/hcd\/wp-json\/wp\/v2\/users\/1"}],"replies":[{"embeddable":true,"href":"https:\/\/coworkdigital.com.ar\/hcd\/wp-json\/wp\/v2\/comments?post=4974"}],"version-history":[{"count":0,"href":"https:\/\/coworkdigital.com.ar\/hcd\/wp-json\/wp\/v2\/posts\/4974\/revisions"}],"wp:featuredmedia":[{"embeddable":true,"href":"https:\/\/coworkdigital.com.ar\/hcd\/wp-json\/wp\/v2\/media\/1020"}],"wp:attachment":[{"href":"https:\/\/coworkdigital.com.ar\/hcd\/wp-json\/wp\/v2\/media?parent=4974"}],"wp:term":[{"taxonomy":"category","embeddable":true,"href":"https:\/\/coworkdigital.com.ar\/hcd\/wp-json\/wp\/v2\/categories?post=4974"},{"taxonomy":"post_tag","embeddable":true,"href":"https:\/\/coworkdigital.com.ar\/hcd\/wp-json\/wp\/v2\/tags?post=4974"}],"curies":[{"name":"wp","href":"https:\/\/api.w.org\/{rel}","templated":true}]}}