{"id":4976,"date":"2011-11-11T12:35:24","date_gmt":"2011-11-11T12:35:24","guid":{"rendered":"http:\/\/www.rivadaviamendoza.gob.ar\/hcd\/?p=4976"},"modified":"2011-11-11T12:35:24","modified_gmt":"2011-11-11T12:35:24","slug":"declaracion-18-2011","status":"publish","type":"post","link":"https:\/\/coworkdigital.com.ar\/hcd\/declaracion-18-2011\/","title":{"rendered":"Declaraci\u00f3n 18-2011"},"content":{"rendered":"<p style=\"text-align: center;\"><strong><img fetchpriority=\"high\" decoding=\"async\" class=\"wp-image-1054 aligncenter\" src=\"http:\/\/rd.gov.ar\/wp4\/wp-content\/uploads\/2017\/02\/encabezado-300x60.jpg\" sizes=\"(max-width: 669px) 100vw, 669px\" srcset=\"http:\/\/www.rivadaviamendoza.gob.ar\/hcd\/wp-content\/uploads\/2017\/02\/encabezado-300x60.jpg 300w, http:\/\/www.rivadaviamendoza.gob.ar\/hcd\/wp-content\/uploads\/2017\/02\/encabezado-768x153.jpg 768w, http:\/\/www.rivadaviamendoza.gob.ar\/hcd\/wp-content\/uploads\/2017\/02\/encabezado-1024x203.jpg 1024w\" alt=\"\" width=\"669\" height=\"134\" \/><\/strong><\/p>\n<p style=\"text-align: center;\"><strong>DECLARACI\u00d3N N\u00ba 18<\/strong><\/p>\n<p style=\"text-align: justify;\"><strong>VISTO:<br \/>\n<\/strong>La necesidad de incrementar las raciones alimentarias correspondientes a comedores de los Jardines Maternales del Departamento de Rivadavia, atento el incremento de precios registrados en los insumos.<\/p>\n<p style=\"text-align: justify;\"><strong>CONSIDERANDO:<\/strong><br \/>\nQue los comedores en los Jardines prestan un servicio complementario al propiamente educativo, que contribuye con la dieta de ni\u00f1os de familias con necesidades b\u00e1sicas insatisfechas, al cumplir una funci\u00f3n elemental de alimentaci\u00f3n y nutrici\u00f3n, de alto impacto social en tanto bajo ese concepto de los Jardines Maternales est\u00e1n integrados en la vida y organizaci\u00f3n de los centros educativos.<br \/>\nQue el precio de la actual raci\u00f3n per capita que se les concede a los Jardines del Departamento no es suficiente para completar el men\u00fa, conforme los est\u00e1ndares recomendados por especialistas en nutrici\u00f3n.<br \/>\nSeg\u00fan datos relevados por la Direcci\u00f3n de Estad\u00edsticas e Investigaciones Econ\u00f3micas (DEIE) de Mendoza, en la provincia durante julio de este a\u00f1o los precios subieron 1,6%. Esto eleva la inflaci\u00f3n acumulada en lo que va del a\u00f1o al 12,7% y marca una suba anual (\u00faltimos doce meses) del 21,6%. Y solamente en julio, en lo que respecta al rubro Alimentos y Bebidas subi\u00f3 3,2% en Mendoza. Esta suba es la m\u00e1s alta registrada en la provincia desde marzo (cuando subi\u00f3 3,5%).<br \/>\nTeniendo en cuenta los datos arrojados por la mentada Direcci\u00f3n, y la constante inflaci\u00f3n de la que es victima la Provincia de Mendoza desestabiliza los precios de los productos que se utilizan para la elaboraci\u00f3n de las raciones alimentarias para los comedores de los Jardines, siendo necesario e imprescindible actualizar el monto de dinero por raci\u00f3n alimentaria que se detalla en el siguiente cuadro (brindado por el \u00c1rea de Educaci\u00f3n del Municipio).<\/p>\n<table>\n<tbody>\n<tr>\n<td style=\"text-align: center;\"><strong>JARDIN MATERNAL<\/strong><\/td>\n<td style=\"text-align: center;\"><strong>MATRIC.<\/strong><\/td>\n<td style=\"text-align: center;\"><strong>RACIONES<\/strong><\/td>\n<td style=\"text-align: center;\"><strong>MONTO POR RACION<\/strong><\/td>\n<td style=\"text-align: center;\"><strong>MONTO POR JARDIN<\/strong><\/td>\n<\/tr>\n<tr>\n<td rowspan=\"2\">Nidito de Amor (B\u00ba Titarelli, Los Campamentos)<\/td>\n<td style=\"text-align: center;\" rowspan=\"2\">54 ni\u00f1os<\/td>\n<td>40 comedor simple<\/td>\n<td style=\"text-align: center;\">3,44<\/td>\n<td style=\"text-align: center;\">137,6<\/td>\n<\/tr>\n<tr>\n<td>50 meriendas<\/td>\n<td style=\"text-align: center;\">0,98<\/td>\n<td style=\"text-align: center;\">49<\/td>\n<\/tr>\n<tr>\n<td>Merceditas (Ciudad)<\/td>\n<td style=\"text-align: center;\">115 ni\u00f1os<\/td>\n<td>70 comedor tradicional<\/td>\n<td style=\"text-align: center;\">4,42<\/td>\n<td style=\"text-align: center;\">309,4<\/td>\n<\/tr>\n<tr>\n<td>Ositos Cari\u00f1osos (B\u00ba Bermejo, El Mirador)<\/td>\n<td style=\"text-align: center;\">30 ni\u00f1os<\/td>\n<td>20 comedor tradicional<\/td>\n<td style=\"text-align: center;\">4,42<\/td>\n<td style=\"text-align: center;\">88,4<\/td>\n<\/tr>\n<tr>\n<td>Rinc\u00f3n de Ilusion (CIC,Sta Mar\u00eda)<\/td>\n<td style=\"text-align: center;\">40 ni\u00f1os<\/td>\n<td>19 comedor tradicional<\/td>\n<td style=\"text-align: center;\">4,42<\/td>\n<td style=\"text-align: center;\">83,98<\/td>\n<\/tr>\n<tr>\n<td rowspan=\"2\">Chupetes y Garabatos (Ciudad)<\/td>\n<td style=\"text-align: center;\" rowspan=\"2\">90 ni\u00f1os<\/td>\n<td>37 comedor simple<\/td>\n<td style=\"text-align: center;\">3,44<\/td>\n<td style=\"text-align: center;\">127,28<\/td>\n<\/tr>\n<tr>\n<td>70 meriendas<\/td>\n<td style=\"text-align: center;\">0,98<\/td>\n<td style=\"text-align: center;\">68,6<\/td>\n<\/tr>\n<tr>\n<td>Duende Azul (Mundo Nuevo)<\/td>\n<td style=\"text-align: center;\">40 ni\u00f1os<\/td>\n<td>24 comedor tradicional<\/td>\n<td style=\"text-align: center;\">4,42<\/td>\n<td style=\"text-align: center;\">106,08<\/td>\n<\/tr>\n<tr>\n<td>Sue\u00f1o Dorado (B\u00ba Lencinas, Los Campamentos)<\/td>\n<td style=\"text-align: center;\">50 ni\u00f1os<\/td>\n<td>40 comedor tradicional<\/td>\n<td style=\"text-align: center;\">4,42<\/td>\n<td style=\"text-align: center;\">176,8<\/td>\n<\/tr>\n<tr>\n<td>Patito Coleton (La Central)<\/td>\n<td style=\"text-align: center;\">16 ni\u00f1os<\/td>\n<td>15 comedor tradicional<\/td>\n<td style=\"text-align: center;\">4,42<\/td>\n<td style=\"text-align: center;\">66,3<\/td>\n<\/tr>\n<tr>\n<td>Nuestra Casita (B\u00ba Polimeni, La Libertad)<\/td>\n<td style=\"text-align: center;\">33 ni\u00f1os<\/td>\n<td>25 comedor tradicional<\/td>\n<td style=\"text-align: center;\">4,42<\/td>\n<td style=\"text-align: center;\">110,5<\/td>\n<\/tr>\n<\/tbody>\n<\/table>\n<p style=\"text-align: justify;\">Si bien las remesas llegan con alguna demora, la gesti\u00f3n cotidiana de las raciones est\u00e1 a cargo del Municipio, quien adem\u00e1s debe suplementar los costos que demanda el creciente incremento del precio de los productos que integran cada unidad o raci\u00f3n, siendo injusto que el\u00a0 responsable directo no afronte \u00edntegramente el costo, en tanto que el Municipio como dijimos colabora desde otro nivel armando, gestionando y distribuyendo. Estos datos est\u00e1n corroborados con distintos estudios comparados que se vienen realizando en distintos puntos del pa\u00eds. Por poner un ejemplo, un minucioso estudio de costos realizado el 25 de marzo del 2011 por la \u201cFederaci\u00f3n de Asociaciones Cooperadoras Escolares\u201d de la provincia de Santa Fe arroj\u00f3 valores muy por encima\u00a0 de los que hoy asigna nuestra provincia para elaborar cada raci\u00f3n que se sirve en los comedores escolares, debiendo tambi\u00e9n considerarse la fecha del estudios y los par\u00e1metros inflacionarios actuales. Si bien este an\u00e1lisis corresponde a otra provincia, por sus semejanzas comparadas sirve de gu\u00eda para justificar la necesidad de incrementar el monto en dinero que se les otorga para cada raci\u00f3n alimentaria para los Jardines Maternales.<br \/>\nEn definitiva es imprescindible tener en cuenta que el refrigerio del mediod\u00eda es una de las comidas m\u00e1s importantes, es por ello, que es de suma importancia garantizar su calidad. Esto asegurar\u00e1 un \u00f3ptimo desarrollo psico-f\u00edsico de los ni\u00f1os, acorde con las modalidades econ\u00f3micas presentes.<\/p>\n<p><strong>POR ELLO:<\/strong><br \/>\nEl Concejo Deliberante de Rivadavia, Mendoza, y en uso de sus facultades:<\/p>\n<p style=\"text-align: center;\"><strong>DECLARA<\/strong><\/p>\n<p style=\"text-align: justify;\"><strong>Art\u00edculo 1\u00ba:<\/strong> Decl\u00e1rese de inter\u00e9s socio-econ\u00f3mico Departamental el servicio de comedores escolares en los Jardines Maternales del Departamento, en tanto complementan la nutrici\u00f3n infantil en etapa escolar inicial y cooperan en el desarrollo de h\u00e1bitos para la buena alimentaci\u00f3n y educaci\u00f3n para la salud.<\/p>\n<p style=\"text-align: justify;\"><strong>Art\u00edculo 2\u00ba:<\/strong> Solic\u00edtese al Gobierno de la Provincia de Mendoza y por su intermedio a la Direcci\u00f3n competente a efectos de que autorice un incremento de los precios asignados a las raciones para comedores de Jardines Maternales en nuestro Departamento, en tanto los existentes no garantizan la adecuada prestaci\u00f3n de este servicio de asistencia nutricional, fijado como pol\u00edtica de Estado en los primeros niveles de escolarizaci\u00f3n.<\/p>\n<p style=\"text-align: justify;\"><strong>Art\u00edculo 3\u00ba:<\/strong> Comun\u00edquese al Sr. Gobernador por intermedio de la Direcci\u00f3n de Desarrollo Social para su conocimiento y manifiesto.<\/p>\n<p style=\"text-align: justify;\"><strong>Art\u00edculo 4\u00ba:<\/strong> Comun\u00edquese al Departamento Ejecutivo a sus efectos e ins\u00e9rtese en el Libro de Declaraciones de este Cuerpo.<\/p>\n<p style=\"text-align: justify;\">Dada en la Sala de Sesiones Bandera Nacional Argentina del Concejo Deliberante de Rivadavia, Mendoza, a los 17 d\u00edas del mes de noviembre de 2011.<\/p>\n<table>\n<tbody>\n<tr>\n<td style=\"text-align: center;\">ORLANDO JAVIER RODRIGUEZ<\/td>\n<td style=\"text-align: center;\">MAURICIO DI C\u00c9SARE<\/td>\n<\/tr>\n<tr>\n<td style=\"text-align: center;\">SECRETARIO C.D.<\/td>\n<td style=\"text-align: center;\">PRESIDENTE C.D.<\/td>\n<\/tr>\n<\/tbody>\n<\/table>\n<p style=\"text-align: right;\">Cpde. Expte. N\u00ba 2011-00263-7 C.D.<\/p>\n","protected":false},"excerpt":{"rendered":"<p>DECLARACI\u00d3N N\u00ba 18 VISTO: La necesidad de incrementar las raciones alimentarias correspondientes a comedores de los Jardines Maternales del Departamento de Rivadavia, atento el incremento de precios registrados en los insumos. CONSIDERANDO: Que los comedores en los Jardines prestan un servicio complementario al propiamente educativo, que contribuye con la dieta de ni\u00f1os de familias con [&hellip;]<\/p>\n","protected":false},"author":1,"featured_media":4276,"comment_status":"closed","ping_status":"closed","sticky":false,"template":"","format":"standard","meta":{"_acf_changed":false,"footnotes":""},"categories":[66],"tags":[],"class_list":["post-4976","post","type-post","status-publish","format-standard","has-post-thumbnail","hentry","category-declaraciones"],"acf":[],"_links":{"self":[{"href":"https:\/\/coworkdigital.com.ar\/hcd\/wp-json\/wp\/v2\/posts\/4976","targetHints":{"allow":["GET"]}}],"collection":[{"href":"https:\/\/coworkdigital.com.ar\/hcd\/wp-json\/wp\/v2\/posts"}],"about":[{"href":"https:\/\/coworkdigital.com.ar\/hcd\/wp-json\/wp\/v2\/types\/post"}],"author":[{"embeddable":true,"href":"https:\/\/coworkdigital.com.ar\/hcd\/wp-json\/wp\/v2\/users\/1"}],"replies":[{"embeddable":true,"href":"https:\/\/coworkdigital.com.ar\/hcd\/wp-json\/wp\/v2\/comments?post=4976"}],"version-history":[{"count":0,"href":"https:\/\/coworkdigital.com.ar\/hcd\/wp-json\/wp\/v2\/posts\/4976\/revisions"}],"wp:featuredmedia":[{"embeddable":true,"href":"https:\/\/coworkdigital.com.ar\/hcd\/wp-json\/wp\/v2\/media\/4276"}],"wp:attachment":[{"href":"https:\/\/coworkdigital.com.ar\/hcd\/wp-json\/wp\/v2\/media?parent=4976"}],"wp:term":[{"taxonomy":"category","embeddable":true,"href":"https:\/\/coworkdigital.com.ar\/hcd\/wp-json\/wp\/v2\/categories?post=4976"},{"taxonomy":"post_tag","embeddable":true,"href":"https:\/\/coworkdigital.com.ar\/hcd\/wp-json\/wp\/v2\/tags?post=4976"}],"curies":[{"name":"wp","href":"https:\/\/api.w.org\/{rel}","templated":true}]}}