{"id":4980,"date":"2011-11-11T12:20:25","date_gmt":"2011-11-11T12:20:25","guid":{"rendered":"http:\/\/www.rivadaviamendoza.gob.ar\/hcd\/?p=4980"},"modified":"2011-11-11T12:20:25","modified_gmt":"2011-11-11T12:20:25","slug":"declaracion-17-2011","status":"publish","type":"post","link":"https:\/\/coworkdigital.com.ar\/hcd\/declaracion-17-2011\/","title":{"rendered":"Declaraci\u00f3n 17-2011"},"content":{"rendered":"<p style=\"text-align: center;\"><strong><img fetchpriority=\"high\" decoding=\"async\" class=\"wp-image-1054 aligncenter\" src=\"http:\/\/rd.gov.ar\/wp4\/wp-content\/uploads\/2017\/02\/encabezado-300x60.jpg\" sizes=\"(max-width: 669px) 100vw, 669px\" srcset=\"http:\/\/www.rivadaviamendoza.gob.ar\/hcd\/wp-content\/uploads\/2017\/02\/encabezado-300x60.jpg 300w, http:\/\/www.rivadaviamendoza.gob.ar\/hcd\/wp-content\/uploads\/2017\/02\/encabezado-768x153.jpg 768w, http:\/\/www.rivadaviamendoza.gob.ar\/hcd\/wp-content\/uploads\/2017\/02\/encabezado-1024x203.jpg 1024w\" alt=\"\" width=\"669\" height=\"134\" \/><\/strong><\/p>\n<p style=\"text-align: center;\"><strong>DECLARACI\u00d3N N\u00ba 17<\/strong><\/p>\n<p style=\"text-align: justify;\"><strong>VISTO<br \/>\n<\/strong>El Expediente N\u00ba 2011-00239-7, mediante el cual el Honorable Concejo Deliberante de Malargue, remite copia de la Resoluci\u00f3n N\u00ba 308\/11, y<\/p>\n<p style=\"text-align: justify;\"><strong>CONSIDERANDO<\/strong><br \/>\nQue, este evento el III Congreso Nacional de Discapacidad, y cuyo lema es \u201cPrevenci\u00f3n y Detenci\u00f3n Trempana\u201d, se desarrollar\u00e1 los d\u00edas 01; 02 y 03 de diciembre del corriente a\u00f1o.<br \/>\nQue, estas deficiencias que se producen en el ser en el ser humano, pueden evitarse por medio de la prevenci\u00f3n primaria; y cuando ello no es posible, la discapacidad puede evitarse o atenuarse significativamente mediante un tratamiento adecuado y la prevenci\u00f3n secundaria o terciaria orientar\u00e1n a quienes no han podido evitarla<\/p>\n<p style=\"text-align: justify;\"><strong>POR ELLO<\/strong><br \/>\nEl\u00a0 Concejo Deliberante de Rivadavia, Mendoza, y en uso de sus facultades:<\/p>\n<p style=\"text-align: center;\"><strong>DECLARA<\/strong><\/p>\n<p style=\"text-align: justify;\"><strong>Art\u00edculo 1\u00ba:<\/strong> El Concejo Deliberante de Rivadavia, Mendoza, adhiere en todas y cada una de sus partes a la Resoluci\u00f3n N\u00ba 308\/11, emanada por el Honorable Concejo Deliberante de Malargue; mediante la cual se Declara de Inter\u00e9s Social y Educativo, Sanitario, de Prevenci\u00f3n, de Inclusi\u00f3n y de Integraci\u00f3n Departamental, al III Congreso Nacional de Discapacidad, a desarrollarse los d\u00edas 01, 02 y 03 de diciembre de 2011 en el departamento de Malargue, provincia de Mendoza.<\/p>\n<p style=\"text-align: justify;\"><strong>Art\u00edculo 2\u00ba:<\/strong> Remitir copia de la presente pieza legal al\u00a0 Honorable Concejo Deliberante de Malargue, para su conocimiento y dem\u00e1s efectos.<\/p>\n<p style=\"text-align: justify;\"><strong>Art\u00edculo 3:<\/strong> Comun\u00edquese al Departamento Ejecutivo a sus efectos e ins\u00e9rtese en el Libro de Declaraciones de este Cuerpo.<\/p>\n<p style=\"text-align: justify;\">Dada en la Sala de Sesiones Bandera Nacional Argentina del Concejo Deliberante de Rivadavia, Mendoza, a los 17 d\u00edas del mes de noviembre de 2011.<\/p>\n<table>\n<tbody>\n<tr>\n<td style=\"text-align: center;\">ORLANDO JAVIER RODRIGUEZ<\/td>\n<td style=\"text-align: center;\">MAURICIO DI C\u00c9SARE<\/td>\n<\/tr>\n<tr>\n<td style=\"text-align: center;\">SECRETARIO C.D.<\/td>\n<td style=\"text-align: center;\">PRESIDENTE C.D.<\/td>\n<\/tr>\n<\/tbody>\n<\/table>\n<p style=\"text-align: right;\">Cpde. Expte. N\u00ba 2011-00239-7 C.D.<\/p>\n","protected":false},"excerpt":{"rendered":"<p>DECLARACI\u00d3N N\u00ba 17 VISTO El Expediente N\u00ba 2011-00239-7, mediante el cual el Honorable Concejo Deliberante de Malargue, remite copia de la Resoluci\u00f3n N\u00ba 308\/11, y CONSIDERANDO Que, este evento el III Congreso Nacional de Discapacidad, y cuyo lema es \u201cPrevenci\u00f3n y Detenci\u00f3n Trempana\u201d, se desarrollar\u00e1 los d\u00edas 01; 02 y 03 de diciembre del corriente [&hellip;]<\/p>\n","protected":false},"author":1,"featured_media":4276,"comment_status":"closed","ping_status":"closed","sticky":false,"template":"","format":"standard","meta":{"_acf_changed":false,"footnotes":""},"categories":[66],"tags":[],"class_list":["post-4980","post","type-post","status-publish","format-standard","has-post-thumbnail","hentry","category-declaraciones"],"acf":[],"_links":{"self":[{"href":"https:\/\/coworkdigital.com.ar\/hcd\/wp-json\/wp\/v2\/posts\/4980","targetHints":{"allow":["GET"]}}],"collection":[{"href":"https:\/\/coworkdigital.com.ar\/hcd\/wp-json\/wp\/v2\/posts"}],"about":[{"href":"https:\/\/coworkdigital.com.ar\/hcd\/wp-json\/wp\/v2\/types\/post"}],"author":[{"embeddable":true,"href":"https:\/\/coworkdigital.com.ar\/hcd\/wp-json\/wp\/v2\/users\/1"}],"replies":[{"embeddable":true,"href":"https:\/\/coworkdigital.com.ar\/hcd\/wp-json\/wp\/v2\/comments?post=4980"}],"version-history":[{"count":0,"href":"https:\/\/coworkdigital.com.ar\/hcd\/wp-json\/wp\/v2\/posts\/4980\/revisions"}],"wp:featuredmedia":[{"embeddable":true,"href":"https:\/\/coworkdigital.com.ar\/hcd\/wp-json\/wp\/v2\/media\/4276"}],"wp:attachment":[{"href":"https:\/\/coworkdigital.com.ar\/hcd\/wp-json\/wp\/v2\/media?parent=4980"}],"wp:term":[{"taxonomy":"category","embeddable":true,"href":"https:\/\/coworkdigital.com.ar\/hcd\/wp-json\/wp\/v2\/categories?post=4980"},{"taxonomy":"post_tag","embeddable":true,"href":"https:\/\/coworkdigital.com.ar\/hcd\/wp-json\/wp\/v2\/tags?post=4980"}],"curies":[{"name":"wp","href":"https:\/\/api.w.org\/{rel}","templated":true}]}}