{"id":4982,"date":"2011-11-11T12:10:14","date_gmt":"2011-11-11T12:10:14","guid":{"rendered":"http:\/\/www.rivadaviamendoza.gob.ar\/hcd\/?p=4982"},"modified":"2011-11-11T12:10:14","modified_gmt":"2011-11-11T12:10:14","slug":"declaracion-16-2011-2","status":"publish","type":"post","link":"https:\/\/coworkdigital.com.ar\/hcd\/declaracion-16-2011-2\/","title":{"rendered":"Declaraci\u00f3n 16-2011"},"content":{"rendered":"<p style=\"text-align: center;\"><strong><img fetchpriority=\"high\" decoding=\"async\" class=\"wp-image-1054 aligncenter\" src=\"http:\/\/rd.gov.ar\/wp4\/wp-content\/uploads\/2017\/02\/encabezado-300x60.jpg\" sizes=\"(max-width: 669px) 100vw, 669px\" srcset=\"http:\/\/www.rivadaviamendoza.gob.ar\/hcd\/wp-content\/uploads\/2017\/02\/encabezado-300x60.jpg 300w, http:\/\/www.rivadaviamendoza.gob.ar\/hcd\/wp-content\/uploads\/2017\/02\/encabezado-768x153.jpg 768w, http:\/\/www.rivadaviamendoza.gob.ar\/hcd\/wp-content\/uploads\/2017\/02\/encabezado-1024x203.jpg 1024w\" alt=\"\" width=\"669\" height=\"134\" \/><\/strong><\/p>\n<p style=\"text-align: center;\"><strong>DECLARACI\u00d3N N\u00ba 16<\/strong><\/p>\n<p style=\"text-align: justify;\"><strong>VISTO<\/strong><br \/>\nEl Expediente N\u00ba 2011-00238-9 mediante el cual el Honorable Concejo Deliberante de General Alvear, remite copia de la Resoluci\u00f3n N\u00ba 3007\/11, y<\/p>\n<p style=\"text-align: justify;\"><strong>CONSIDERANDO<\/strong><br \/>\nQue la AFIP (Administraci\u00f3n Federal de Ingresos P\u00fablicos) dict\u00f3 la Resoluci\u00f3n N\u00ba 3152, mediante la\u00a0 cual se modifican los indicadores M\u00ednimos de trabajadores de diversas actividades, entre ellas la producci\u00f3n de manzana, pera y durazno.<br \/>\nQue, para el caso de la manzana y de la pera, se entablece la cantidad de trbajadores permanentes de un (19 empelados desde una (1) a cincuenta (50) has., teniendo estos distintos porcentajes de aquellos temporarios en actividades como la poda, raleo y cosecha. Y para el durazno dicha normativa establece un m\u00ednimo de cinco (5)\u00a0 empleados permanentes desde una (1) a cincuenta (50) has., lo que hace inviable cualquier explotaci\u00f3n productiva, en especial para aquellas peque\u00f1as y medianas empresas.<br \/>\nQue, se considera justo y necesario solicitar a los Ministerios de Hacienda y de Producci\u00f3n del Gobierno de la provincia de Mendoza, a trav\u00e9s de sus Legisladores Provinciales y Nacionales, realicen urgentes acciones ante la AFIP, tendientes a revertir esta situaci\u00f3n.<\/p>\n<p style=\"text-align: justify;\"><strong>POR ELLO<\/strong><br \/>\nEl\u00a0 Concejo Deliberante de Rivadavia, Mendoza, y en uso de sus facultades:<\/p>\n<p style=\"text-align: center;\"><strong>DECLARA<\/strong><\/p>\n<p style=\"text-align: justify;\"><strong>Art\u00edculo 1\u00ba:<\/strong> El Concejo Deliberante de Rivadavia, Mendoza, adhiere en todas y cada una de sus partes a la Resoluci\u00f3n N\u00ba 3007\/11, emanada por el Honorable Concejo Deliberante de General Alvear, mediante la cual se solicita la modificaci\u00f3n\u00a0 de las disposiciones de la Resoluci\u00f3n General N\u00ba 3152\/11, sobre Indicadores M\u00ednimos de Trabajadores en el Ap\u00e9ndice I relativo a Fruticultura punto 2 durazno.<\/p>\n<p style=\"text-align: justify;\"><strong>Art\u00edculo 2\u00ba:<\/strong> Remitir copia de la presente pieza legal a ambas C\u00e1maras Legislativas de la provincia de Mendoza y al\u00a0 Honorable Concejo Deliberante de General Alvear, para su conocimiento y dem\u00e1s efectos.<\/p>\n<p style=\"text-align: justify;\"><strong>Art\u00edculo 3\u00b0:<\/strong> Comun\u00edquese al Departamento Ejecutivo a sus efectos e ins\u00e9rtese en el Libro de Declaraciones de este Cuerpo.<\/p>\n<p style=\"text-align: justify;\">Dada en la Sala de Sesiones Bandera Nacional Argentina del Concejo Deliberante de Rivadavia, Mendoza, a los 17 d\u00edas del mes de noviembre de 2011.<\/p>\n<table>\n<tbody>\n<tr>\n<td style=\"text-align: center;\">ORLANDO JAVIER RODRIGUEZ<\/td>\n<td style=\"text-align: center;\">MAURICIO DI C\u00c9SARE<\/td>\n<\/tr>\n<tr>\n<td style=\"text-align: center;\">SECRETARIO C.D.<\/td>\n<td style=\"text-align: center;\">PRESIDENTE C.D.<\/td>\n<\/tr>\n<\/tbody>\n<\/table>\n<p style=\"text-align: right;\">Cpde. Expte. N\u00ba 2011-00238-9 C.D.<\/p>\n","protected":false},"excerpt":{"rendered":"<p>DECLARACI\u00d3N N\u00ba 16 VISTO El Expediente N\u00ba 2011-00238-9 mediante el cual el Honorable Concejo Deliberante de General Alvear, remite copia de la Resoluci\u00f3n N\u00ba 3007\/11, y CONSIDERANDO Que la AFIP (Administraci\u00f3n Federal de Ingresos P\u00fablicos) dict\u00f3 la Resoluci\u00f3n N\u00ba 3152, mediante la\u00a0 cual se modifican los indicadores M\u00ednimos de trabajadores de diversas actividades, entre ellas [&hellip;]<\/p>\n","protected":false},"author":1,"featured_media":4276,"comment_status":"closed","ping_status":"closed","sticky":false,"template":"","format":"standard","meta":{"_acf_changed":false,"footnotes":""},"categories":[66],"tags":[],"class_list":["post-4982","post","type-post","status-publish","format-standard","has-post-thumbnail","hentry","category-declaraciones"],"acf":[],"_links":{"self":[{"href":"https:\/\/coworkdigital.com.ar\/hcd\/wp-json\/wp\/v2\/posts\/4982","targetHints":{"allow":["GET"]}}],"collection":[{"href":"https:\/\/coworkdigital.com.ar\/hcd\/wp-json\/wp\/v2\/posts"}],"about":[{"href":"https:\/\/coworkdigital.com.ar\/hcd\/wp-json\/wp\/v2\/types\/post"}],"author":[{"embeddable":true,"href":"https:\/\/coworkdigital.com.ar\/hcd\/wp-json\/wp\/v2\/users\/1"}],"replies":[{"embeddable":true,"href":"https:\/\/coworkdigital.com.ar\/hcd\/wp-json\/wp\/v2\/comments?post=4982"}],"version-history":[{"count":0,"href":"https:\/\/coworkdigital.com.ar\/hcd\/wp-json\/wp\/v2\/posts\/4982\/revisions"}],"wp:featuredmedia":[{"embeddable":true,"href":"https:\/\/coworkdigital.com.ar\/hcd\/wp-json\/wp\/v2\/media\/4276"}],"wp:attachment":[{"href":"https:\/\/coworkdigital.com.ar\/hcd\/wp-json\/wp\/v2\/media?parent=4982"}],"wp:term":[{"taxonomy":"category","embeddable":true,"href":"https:\/\/coworkdigital.com.ar\/hcd\/wp-json\/wp\/v2\/categories?post=4982"},{"taxonomy":"post_tag","embeddable":true,"href":"https:\/\/coworkdigital.com.ar\/hcd\/wp-json\/wp\/v2\/tags?post=4982"}],"curies":[{"name":"wp","href":"https:\/\/api.w.org\/{rel}","templated":true}]}}