{"id":4984,"date":"2011-11-08T13:35:11","date_gmt":"2011-11-08T13:35:11","guid":{"rendered":"http:\/\/www.rivadaviamendoza.gob.ar\/hcd\/?p=4984"},"modified":"2011-11-08T13:35:11","modified_gmt":"2011-11-08T13:35:11","slug":"declaracion-15-2011","status":"publish","type":"post","link":"https:\/\/coworkdigital.com.ar\/hcd\/declaracion-15-2011\/","title":{"rendered":"Declaraci\u00f3n 15-2011"},"content":{"rendered":"<p style=\"text-align: center;\"><strong><img fetchpriority=\"high\" decoding=\"async\" class=\"wp-image-1054 aligncenter\" src=\"http:\/\/rd.gov.ar\/wp4\/wp-content\/uploads\/2017\/02\/encabezado-300x60.jpg\" sizes=\"(max-width: 669px) 100vw, 669px\" srcset=\"http:\/\/www.rivadaviamendoza.gob.ar\/hcd\/wp-content\/uploads\/2017\/02\/encabezado-300x60.jpg 300w, http:\/\/www.rivadaviamendoza.gob.ar\/hcd\/wp-content\/uploads\/2017\/02\/encabezado-768x153.jpg 768w, http:\/\/www.rivadaviamendoza.gob.ar\/hcd\/wp-content\/uploads\/2017\/02\/encabezado-1024x203.jpg 1024w\" alt=\"\" width=\"669\" height=\"134\" \/><\/strong><\/p>\n<p style=\"text-align: center;\"><strong>DECLARACI\u00d3N N\u00ba 15<\/strong><\/p>\n<p><strong>VISTO<\/strong><br \/>\nLa necesidad de contribuir a la prevenci\u00f3n del delito, y<\/p>\n<p style=\"text-align: justify;\"><strong>CONSIDERANDO<\/strong><br \/>\nQue, la seguridad es reponsabilidad del Estado, buscando evitar las alteraciones al orden social, tiende a la convivencia arm\u00f3nica entre los ciudadanos y al respeto de los derechos individuales. La seguridad p\u00fablica es un servicio y su objetivo, ampliamente comprendido, es mantener el orden p\u00fablico, proteger la integridad f\u00edsica de las personas y sus bienes, prevenir delitos e infracciones a las leyes y reglamentaciones, auxiliar a la poblaci\u00f3n en casos de siniestros y desastres.<br \/>\nQue, teniendo en cuenta que la inseguridad es uno de los principales problemas pol\u00edticos y sociales de los \u00faltimos a\u00f1os, y uno de los problemas m\u00e1s preocupantes de la ciudadan\u00eda.<br \/>\nQue, m\u00e1s all\u00e1 de las discrepancias sobre los or\u00edgenes de la inseguridad y las medidas para solucionarlas, es evidente que se necesita la construcci\u00f3n de consensos pol\u00edticos, s\u00f3lidos y duraderos.<br \/>\nQue, debemos considerar que seguridad, es un conjunto de conocimientos, medidas y dispositivos empleados con el fin de prevenir riesgos.<br \/>\nQue, debido al crecimiento demogr\u00e1fico, y la gran ola de inseguridad que sufre nuestro departamento, y, teniendo en cuenta que muchos de los barrios se encuentran alejados de la Seccional 13ra, es por eso que se considera importante la instalaci\u00f3n de un destacamento policial en la ex estaci\u00f3n del ferrocarril ubicada en calle Mario Vitale, destacando que es un punto estrat\u00e9gico.<\/p>\n<p style=\"text-align: justify;\"><strong>POR ELLO<\/strong><br \/>\nEl\u00a0 Concejo Deliberante de Rivadavia, Mendoza, y en uso de sus facultades:<\/p>\n<p style=\"text-align: center;\"><strong>DECLARA<\/strong><\/p>\n<p style=\"text-align: justify;\"><strong>Art\u00edculo 1\u00ba:<\/strong> Solicita al Departamento Ejecutivo Municipal, gestione ante el Ministerio de Seguridad de la Provincia la instalaci\u00f3n de un Destacamento Policial en la ex estaci\u00f3n del ferrocarril ubicada en Calle Mario Vitale, la cual depender\u00e1 de la Seccional 13ra de Rivadavia.<\/p>\n<p style=\"text-align: justify;\"><strong>Art\u00edculo 2\u00ba:<\/strong> Remitir copia de la presente pieza legal al Ministerio de Gobierno, Honorables C\u00e1maras Legislativas de la provincia y Seccional 13ra de la Polic\u00eda Departamental de Rivadavia, para su conocimiento y dem\u00e1s efectos.<\/p>\n<p style=\"text-align: justify;\"><strong>Art\u00edculo 3:<\/strong> Comun\u00edquese al Departamento Ejecutivo a sus efectos e ins\u00e9rtese en el Libro de Declaraciones de este Cuerpo.<\/p>\n<p style=\"text-align: justify;\">Dada en la Sala de Sesiones Bandera Nacional Argentina del Concejo Deliberante de Rivadavia, Mendoza, a los 08 d\u00edas del mes de noviembre de 2011.<\/p>\n<table>\n<tbody>\n<tr>\n<td style=\"text-align: center;\">ORLANDO JAVIER RODRIGUEZ<\/td>\n<td style=\"text-align: center;\">MAURICIO DI C\u00c9SARE<\/td>\n<\/tr>\n<tr>\n<td style=\"text-align: center;\">SECRETARIO C.D.<\/td>\n<td style=\"text-align: center;\">PRESIDENTE C.D.<\/td>\n<\/tr>\n<\/tbody>\n<\/table>\n<p style=\"text-align: right;\">Cpde. Expte. N\u00ba 2011-00071-4 C.D.<\/p>\n","protected":false},"excerpt":{"rendered":"<p>DECLARACI\u00d3N N\u00ba 15 VISTO La necesidad de contribuir a la prevenci\u00f3n del delito, y CONSIDERANDO Que, la seguridad es reponsabilidad del Estado, buscando evitar las alteraciones al orden social, tiende a la convivencia arm\u00f3nica entre los ciudadanos y al respeto de los derechos individuales. La seguridad p\u00fablica es un servicio y su objetivo, ampliamente comprendido, [&hellip;]<\/p>\n","protected":false},"author":1,"featured_media":4276,"comment_status":"closed","ping_status":"closed","sticky":false,"template":"","format":"standard","meta":{"_acf_changed":false,"footnotes":""},"categories":[66],"tags":[],"class_list":["post-4984","post","type-post","status-publish","format-standard","has-post-thumbnail","hentry","category-declaraciones"],"acf":[],"_links":{"self":[{"href":"https:\/\/coworkdigital.com.ar\/hcd\/wp-json\/wp\/v2\/posts\/4984","targetHints":{"allow":["GET"]}}],"collection":[{"href":"https:\/\/coworkdigital.com.ar\/hcd\/wp-json\/wp\/v2\/posts"}],"about":[{"href":"https:\/\/coworkdigital.com.ar\/hcd\/wp-json\/wp\/v2\/types\/post"}],"author":[{"embeddable":true,"href":"https:\/\/coworkdigital.com.ar\/hcd\/wp-json\/wp\/v2\/users\/1"}],"replies":[{"embeddable":true,"href":"https:\/\/coworkdigital.com.ar\/hcd\/wp-json\/wp\/v2\/comments?post=4984"}],"version-history":[{"count":0,"href":"https:\/\/coworkdigital.com.ar\/hcd\/wp-json\/wp\/v2\/posts\/4984\/revisions"}],"wp:featuredmedia":[{"embeddable":true,"href":"https:\/\/coworkdigital.com.ar\/hcd\/wp-json\/wp\/v2\/media\/4276"}],"wp:attachment":[{"href":"https:\/\/coworkdigital.com.ar\/hcd\/wp-json\/wp\/v2\/media?parent=4984"}],"wp:term":[{"taxonomy":"category","embeddable":true,"href":"https:\/\/coworkdigital.com.ar\/hcd\/wp-json\/wp\/v2\/categories?post=4984"},{"taxonomy":"post_tag","embeddable":true,"href":"https:\/\/coworkdigital.com.ar\/hcd\/wp-json\/wp\/v2\/tags?post=4984"}],"curies":[{"name":"wp","href":"https:\/\/api.w.org\/{rel}","templated":true}]}}