{"id":4988,"date":"2011-11-08T13:20:32","date_gmt":"2011-11-08T13:20:32","guid":{"rendered":"http:\/\/www.rivadaviamendoza.gob.ar\/hcd\/?p=4988"},"modified":"2011-11-08T13:20:32","modified_gmt":"2011-11-08T13:20:32","slug":"declaracion-13-2011","status":"publish","type":"post","link":"https:\/\/coworkdigital.com.ar\/hcd\/declaracion-13-2011\/","title":{"rendered":"Declaraci\u00f3n 13-2011"},"content":{"rendered":"<p style=\"text-align: center;\"><strong><img fetchpriority=\"high\" decoding=\"async\" class=\"wp-image-1054 aligncenter\" src=\"http:\/\/rd.gov.ar\/wp4\/wp-content\/uploads\/2017\/02\/encabezado-300x60.jpg\" sizes=\"(max-width: 669px) 100vw, 669px\" srcset=\"http:\/\/www.rivadaviamendoza.gob.ar\/hcd\/wp-content\/uploads\/2017\/02\/encabezado-300x60.jpg 300w, http:\/\/www.rivadaviamendoza.gob.ar\/hcd\/wp-content\/uploads\/2017\/02\/encabezado-768x153.jpg 768w, http:\/\/www.rivadaviamendoza.gob.ar\/hcd\/wp-content\/uploads\/2017\/02\/encabezado-1024x203.jpg 1024w\" alt=\"\" width=\"669\" height=\"134\" \/><\/strong><\/p>\n<p style=\"text-align: center;\"><strong>DECLARACI\u00d3N N\u00ba 13<\/strong><\/p>\n<p style=\"text-align: justify;\"><strong>VISTO<\/strong><br \/>\nEl tr\u00e1nsito vehicular en la intersecci\u00f3n de calles Independencia y Lamadrid de nuestro departamento y atento al constante reclamo de los vecinos de la zona por los accidentes que ocurren en el lugar, y<\/p>\n<p style=\"text-align: justify;\"><strong>CONSIDERANDO<\/strong><br \/>\nQue, desde el estado provincial y municipal se generan pol\u00edticas cuyo objetivo es la seguridad e integridad de los habitantes.<br \/>\nQue, se hace necesaria la prevenci\u00f3n de accidentes regulando el tr\u00e1nsito vehicular a trav\u00e9s de diversos recursos.<br \/>\nQue, la intersecci\u00f3n de las calles mencionadas es un punto de riesgo por el exesivo movimiento vehicular, ya que es paso a barrios del este del departamento y tambi\u00e9n acceso directo al Hospital Dr. Carlos Saporiti.<br \/>\nQue,\u00a0 la necesidad manifiesta por la Uni\u00f3n Vecinal de la zona \u201cdata\u201d de m\u00e1s de una d\u00e9cada.<br \/>\nQue,\u00a0 esta necesidad e inquietud no ha recibido respuestas hasta la fecha.<br \/>\nQue, la cantidad de accidentes transcurridos se incrementa d\u00eda tras d\u00eda, y ha provocado rupturas, destrozos, lesiones personales y lo que es m\u00e1s grave, decesos. La \u00faltima muerte fue en marzo de 2011.<\/p>\n<p style=\"text-align: justify;\"><strong>POR ELLO<\/strong><br \/>\nEl\u00a0 Concejo Deliberante de Rivadavia, Mendoza, y en uso de sus facultades:<\/p>\n<p style=\"text-align: center;\"><strong>DECLARA<\/strong><\/p>\n<p style=\"text-align: justify;\"><strong>Art\u00edculo 1\u00ba:<\/strong> El Concejo Deliberante de Rivadavia, ver\u00eda con agrado que se gestione a la brevedad desde el Departamento Ejecutivo Municipal, la instalaci\u00f3n de sem\u00e1foros en la intersecci\u00f3n de las calles Independencia y Lamadrid de nuestro departamento.<\/p>\n<p style=\"text-align: justify;\"><strong>Art\u00edculo 2\u00ba:<\/strong> Intertanto se concrete la instalaci\u00f3n de sem\u00e1foros, es importante se proceda a solicitar desde el Departamento Ejecutivo Municipal a la polic\u00eda Vial, la orgianizaci\u00f3n de controles, carteler\u00eda, operativos, etc., que aminoren las consecuencias del intenso tr\u00e1nsito, mencionadas \u201cUT SUPRA\u201d.<\/p>\n<p style=\"text-align: justify;\"><strong>Art\u00edculo 3\u00ba:<\/strong> Comun\u00edquese al Departamento Ejecutivo a sus efectos e ins\u00e9rtese en el Libro de Declaraciones de este Cuerpo.<\/p>\n<p style=\"text-align: justify;\">Dada en la Sala de Sesiones Bandera Nacional Argentina del Concejo Deliberante de Rivadavia, Mendoza, a los 08 d\u00edas del mes de noviembre de 2011.<\/p>\n<table>\n<tbody>\n<tr>\n<td style=\"text-align: center;\">ORLANDO JAVIER RODRIGUEZ<\/td>\n<td style=\"text-align: center;\">MAURICIO DI C\u00c9SARE<\/td>\n<\/tr>\n<tr>\n<td style=\"text-align: center;\">SECRETARIO C.D.<\/td>\n<td style=\"text-align: center;\">PRESIDENTE C.D.<\/td>\n<\/tr>\n<\/tbody>\n<\/table>\n<p style=\"text-align: right;\">Cpde. Expte. N\u00ba 2011-00175-3 C.D.<\/p>\n","protected":false},"excerpt":{"rendered":"<p>DECLARACI\u00d3N N\u00ba 13 VISTO El tr\u00e1nsito vehicular en la intersecci\u00f3n de calles Independencia y Lamadrid de nuestro departamento y atento al constante reclamo de los vecinos de la zona por los accidentes que ocurren en el lugar, y CONSIDERANDO Que, desde el estado provincial y municipal se generan pol\u00edticas cuyo objetivo es la seguridad e [&hellip;]<\/p>\n","protected":false},"author":1,"featured_media":4276,"comment_status":"closed","ping_status":"closed","sticky":false,"template":"","format":"standard","meta":{"_acf_changed":false,"footnotes":""},"categories":[66],"tags":[],"class_list":["post-4988","post","type-post","status-publish","format-standard","has-post-thumbnail","hentry","category-declaraciones"],"acf":[],"_links":{"self":[{"href":"https:\/\/coworkdigital.com.ar\/hcd\/wp-json\/wp\/v2\/posts\/4988","targetHints":{"allow":["GET"]}}],"collection":[{"href":"https:\/\/coworkdigital.com.ar\/hcd\/wp-json\/wp\/v2\/posts"}],"about":[{"href":"https:\/\/coworkdigital.com.ar\/hcd\/wp-json\/wp\/v2\/types\/post"}],"author":[{"embeddable":true,"href":"https:\/\/coworkdigital.com.ar\/hcd\/wp-json\/wp\/v2\/users\/1"}],"replies":[{"embeddable":true,"href":"https:\/\/coworkdigital.com.ar\/hcd\/wp-json\/wp\/v2\/comments?post=4988"}],"version-history":[{"count":0,"href":"https:\/\/coworkdigital.com.ar\/hcd\/wp-json\/wp\/v2\/posts\/4988\/revisions"}],"wp:featuredmedia":[{"embeddable":true,"href":"https:\/\/coworkdigital.com.ar\/hcd\/wp-json\/wp\/v2\/media\/4276"}],"wp:attachment":[{"href":"https:\/\/coworkdigital.com.ar\/hcd\/wp-json\/wp\/v2\/media?parent=4988"}],"wp:term":[{"taxonomy":"category","embeddable":true,"href":"https:\/\/coworkdigital.com.ar\/hcd\/wp-json\/wp\/v2\/categories?post=4988"},{"taxonomy":"post_tag","embeddable":true,"href":"https:\/\/coworkdigital.com.ar\/hcd\/wp-json\/wp\/v2\/tags?post=4988"}],"curies":[{"name":"wp","href":"https:\/\/api.w.org\/{rel}","templated":true}]}}