{"id":5038,"date":"2010-10-05T12:09:28","date_gmt":"2010-10-05T12:09:28","guid":{"rendered":"http:\/\/www.rivadaviamendoza.gob.ar\/hcd\/?p=5038"},"modified":"2010-10-05T12:09:28","modified_gmt":"2010-10-05T12:09:28","slug":"resolucion-27-2010","status":"publish","type":"post","link":"https:\/\/coworkdigital.com.ar\/hcd\/resolucion-27-2010\/","title":{"rendered":"Resoluci\u00f3n 27-2010"},"content":{"rendered":"<p style=\"text-align: center;\"><strong><img fetchpriority=\"high\" decoding=\"async\" class=\"wp-image-1054 aligncenter\" src=\"http:\/\/rd.gov.ar\/wp4\/wp-content\/uploads\/2017\/02\/encabezado-300x60.jpg\" sizes=\"(max-width: 669px) 100vw, 669px\" srcset=\"http:\/\/www.rivadaviamendoza.gob.ar\/hcd\/wp-content\/uploads\/2017\/02\/encabezado-300x60.jpg 300w, http:\/\/www.rivadaviamendoza.gob.ar\/hcd\/wp-content\/uploads\/2017\/02\/encabezado-768x153.jpg 768w, http:\/\/www.rivadaviamendoza.gob.ar\/hcd\/wp-content\/uploads\/2017\/02\/encabezado-1024x203.jpg 1024w\" alt=\"\" width=\"669\" height=\"134\" \/><\/strong><\/p>\n<p style=\"text-align: center;\"><strong>RESOLUCI\u00d3N N\u00b0 27<\/strong><\/p>\n<p style=\"text-align: justify;\"><strong>VISTO:<br \/>\n<\/strong>Las ominosas e infames descalificaciones p\u00fablicas expresadas por \u201cAn\u00edbal Fern\u00e1ndez\u201d, en contra de la persona del ex fiscal Dr. Julio C\u00e9sar Strassera, en el hist\u00f3rico Juicio a las Juntas Militares, y<\/p>\n<p style=\"text-align: justify;\"><strong>CONSIDERANDO:<\/strong><br \/>\nQue parece que todo est\u00e1 permitido para el kirchnerismo, en su af\u00e1n irracional por intentar conservar el poder.<br \/>\nQue todo vale en contra de quienes tienen opiniones diferentes al gobierno, hasta el punto de mancillar el buen nombre y honor de personas honorables, y con una historia ejemplar, como la del Dr. Julio Strassera, quien en momentos dif\u00edciles de la Naci\u00f3n, se jug\u00f3 la vida y la de sus propios seres queridos, en su compromiso de acusar a los militares en aquel hist\u00f3rico proceso contra las Juntas, tras la recuperaci\u00f3n democr\u00e1tica de 1983.<br \/>\nQue escuchar las ofensas contra un hombre probo, de parte de un personaje grotesco e insignificante, a quien evidentemente le queda grande el traje de Jefe de Gabinete, es una situaci\u00f3n que lastima y ultraja abiertamente al pueblo argentino. Personas de esa cala\u00f1a, carecen de estatura moral e intelectual para ocupar ese lugar, y por tanto deber\u00edan retirarse de inmediato del cargo, pidiendo p\u00fablicas disculpas, como forma de reparar el agravio causado a un hombre digno y a un pueblo harto de bufones jactanciosos y atropelladores.<br \/>\nQue este hombre vulgar debiera irse al menos con algo de verg\u00fcenza, y no como lo hizo del Municipio de Quilmes, pr\u00f3fugo y escondido en el ba\u00fal de un auto, por embustero, y por incumplir los deberes de funcionario p\u00fablico en octubre de 1994.<br \/>\nQue las opiniones ofensivas del actual Jefe de Gabinete, contra Strassera y que repudiamos en este acto son las siguientes: <strong>\u201cEs un ser despreciable, pas\u00f3 a ser buen personaje con el juicio a las juntas militares, pero en el Proceso tuvo un gesto horrible y de un maltrato a los detenidos superlativo\u00bb. \u00abQue aparezcan estos personajes despreciables yo no se lo creo, no le creo a este se\u00f1or. Strassera se ocupaba de maltratarlos (a los detenidos) y ahora resulta ser un se\u00f1or buenito. Que venga a contarnos la verdad de la milanesa\u201d . \u00abAhora se trata que es el abuelito de Heidi\u00bb<\/strong>.<br \/>\nQue debe preguntarse\u00a0 con qu\u00e9 antecedentes, con qu\u00e9 autoridad habla ese Ministro?<br \/>\nQue quiz\u00e1s con los mismos, que tienen los l\u00edderes y art\u00edfices de su mentado \u201cmodelo\u201d, quienes en aquellos oscuros d\u00edas, viv\u00edan de la usura, y completamente ajenos a la defensa de la democracia y a los derechos de las personas perseguidas por la dictadura.<br \/>\nQue en este lamentable episodio, cabe la discreci\u00f3n de citar a Santos Disc\u00e9polo, quien emerge en toda su vigencia, al decir: <strong>\u201cHoy resulta que es lo mismo ser derecho que traidor, ignorante, sabio, chorro, generoso, estafador. \u00a1Todo es igual, nada es mejor, lo mismo un burro que un gran profesor!<\/strong><br \/>\nQue este es otro fachoso intento de reescribir la historia y adecuarla a la conveniencia de un gobierno, que pretende justificar ideol\u00f3gicamente lo que no es sino un mero proceso de acumulaci\u00f3n de poder personal y hegem\u00f3nico.<br \/>\nQue es indudable que esas desafortunadas expresiones forman parte de un estilo pol\u00edtico que pretende fomentar injustas divisiones en la sociedad, envolviendo a la opini\u00f3n p\u00fablica en falsas antinomias, que recrean ese clima de permanente crispaci\u00f3n a que nos tiene acostumbrado el gobierno nacional, y que arrastra al Pa\u00eds a una espiral de violencia insoportable e incompatible con el m\u00ednimo de pluralismo y tolerancia que supone la vida en democracia.<br \/>\nQue haciendo propias las palabras de citado proyecto de desagravio en Diputados de la Naci\u00f3n, decimos: <strong>\u201cUna vez m\u00e1s el\u00a0 Jefe de Gabinete act\u00faa como vocero de\u00a0 la descalificaci\u00f3n y el insulto, hiriendo con sus palabras no solo al Dr. Strassera, sino al\u00a0 conjunto del Pueblo Argentino, en cuyo nombre ejerci\u00f3 la vindicta p\u00fablica por la sola raz\u00f3n de justicia, para ejemplo de todas las generaciones, en ese irrepetible e hist\u00f3rico proceso a las Juntas de la \u00faltima dictadura militar.<\/strong><br \/>\n<strong>\u00bfSer\u00e1 que tambi\u00e9n ahora se pretende enlodar en la memoria del\u00a0 pueblo, a quien tuvo la valent\u00eda de acusar en nombre de la Naci\u00f3n a los genocidas, cuando a\u00fan conservaban intacto su poder y con ello echar un manto de dudas sobre aqu\u00e9l\u00a0 hist\u00f3rico proceso? Tal vez con la\u00a0 misma arrogante actitud de convertirse en los adalides excluyentes de los derechos humanos, quieran, como hicieron en el Pr\u00f3logo del Nunca M\u00e1s, con Ernesto S\u00e1bato o con la ausencia notoria de referencias al Juicio en el discurso oficial, trazar una nueva, imaginaria y arbitraria l\u00ednea divisoria en nuestro pasado reciente: Ahora tambi\u00e9n reescriben la historia de los a\u00f1os en democracia, para arrogarse un papel estelar en el esclarecimiento, juicio y memoria de las sistem\u00e1ticas violaciones de la dictadura. Tal vez, como dice Beatriz Sarlo, en el vano intento de ocultar, la palmaria\u00a0 indiferencia de los Kirchner a los derechos humanos, durante aquellos aciagos a\u00f1os. \u201cAlgunas ofensas hay que agradecerlas\u201d contest\u00f3 el Dr. Strassera, en el gesto noble de no otorgar entidad, ni estatura al ofensor. No obstante, corresponde no consentir con nuestro silencio lo que constituye un agravio al conjunto de la sociedad. El Dr. Strassera cuando pronunci\u00f3 aquella memorable frase \u201cSe\u00f1ores Jueces Nunca M\u00e1s\u201d, inmortaliz\u00f3 en la historia la\u00a0 decisi\u00f3n de construir nuestra democracia sobre la base de la verdad y la justicia y notific\u00f3 al mundo entero que los Argentinos jam\u00e1s asentar\u00edamos sus pilares en base a inaceptables claudicaciones morales. Al cumplirse 25 a\u00f1os de aquella acusaci\u00f3n, no estamos dispuestos a permitir que las pocas certidumbres, las escasas certezas que hoy unen a los Argentinos, sean mancilladas en el f\u00e1rrago de la confrontaci\u00f3n por el control del poder a cualquier costa.\u201d<\/strong><br \/>\nQue es un acto de toda justicia, reparar este da\u00f1o, este desprop\u00f3sito infligido por quien investido de una alta responsabilidad, utiliza el cargo como vocero de odio y la sinraz\u00f3n, en la convicci\u00f3n de que el propio ofensor no lo har\u00e1.<br \/>\nQue cualquier funcionario p\u00fablico que desvirt\u00fae el magisterio conferido por la Constituci\u00f3n del Pueblo Argentino, mediante acciones o comportamiento indignos, debe ser objeto de fuerte reprobaci\u00f3n p\u00fablica, que deber\u00e1 ser m\u00e1s inflexible en tanto mayor sea su responsabilidad, ello en tanto compromete y lastima el prestigio y decoro de las instituciones de la Rep\u00fablica.<br \/>\nQue por tal raz\u00f3n, el pleno del Concejo Deliberante, en representaci\u00f3n del Pueblo de Rivadavia, en adhesi\u00f3n al Proyecto originario de la C\u00e1mara de Diputados de la Naci\u00f3n, condena la desmesura, el insulto y la descalificaci\u00f3n, ejercidos de manera sistem\u00e1tica desde las m\u00e1s altas magistraturas del Estado y a su vez desagravia la memoria de este ilustre Argentino, Dr. Strassera, a quien la memoria del pueblo tiene reservado el lugar de las personalidades honorables.<\/p>\n<p style=\"text-align: justify;\"><strong>POR ELLO:<\/strong><br \/>\nEl Concejo Deliberante de Rivadavia, Mendoza, y en uso de sus facultades:<\/p>\n<p style=\"text-align: center;\"><strong>RESUELVE<\/strong><\/p>\n<p style=\"text-align: justify;\"><strong>Art\u00edculo 1\u00b0:<\/strong> El Concejo Deliberante de Rivadavia, provincia de Mendoza, adhiere al Proyecto de Resoluci\u00f3n N\u00ba D-6563-10, de la Honorable C\u00e1mara de Diputados de la Naci\u00f3n, y desde este rinc\u00f3n del suelo argentino, manifiesta el m\u00e1s en\u00e9rgico repudio a las ofensivas e insultantes manifestaciones del Jefe de Gabinete de Ministros, An\u00edbal Fern\u00e1ndez, contra con el ex Fiscal Federal Dr. Julio C\u00e9sar Strassera y asimismo expresar nuestra mayor solidaridad hacia la persona y la trayectoria de quien representara el inter\u00e9s del pueblo Argentino en el hist\u00f3rico Juicio a las Juntas de la \u00faltima dictadura militar.<\/p>\n<p style=\"text-align: justify;\"><strong>Art\u00edculo 2\u00b0:<\/strong> Remitir copia de la presente, a la Honorable C\u00e1mara de Diputados y Senadores de la Naci\u00f3n, y de la provincia, y el resto de los Concejos Deliberantes para conocimiento y dem\u00e1s efectos.<\/p>\n<p style=\"text-align: justify;\"><strong>Art\u00edculo 3:<\/strong> Comun\u00edquese al Departamento Ejecutivo a sus efectos, e ins\u00e9rtese en el Libro de Resoluciones de este Cuerpo.<\/p>\n<p style=\"text-align: justify;\">Dada en la Sala de Sesiones Bandera Nacional Argentina, del Concejo Deliberante de Rivadavia, Mendoza, a los 05 d\u00edas del mes de octubre de 2010.<\/p>\n<table>\n<tbody>\n<tr>\n<td style=\"text-align: center;\">ORLANDO JAVIER RODRIGUEZ<\/td>\n<td style=\"text-align: center;\">MAURICIO DI C\u00c9SARE<\/td>\n<\/tr>\n<tr>\n<td style=\"text-align: center;\">SECRETARIO C.D.<\/td>\n<td style=\"text-align: center;\">PRESIDENTE C.D.<\/td>\n<\/tr>\n<\/tbody>\n<\/table>\n<p style=\"text-align: right;\">Cpde. Expte. N\u00ba 2010-00308-1 C.D.<\/p>\n","protected":false},"excerpt":{"rendered":"<p>RESOLUCI\u00d3N N\u00b0 27 VISTO: Las ominosas e infames descalificaciones p\u00fablicas expresadas por \u201cAn\u00edbal Fern\u00e1ndez\u201d, en contra de la persona del ex fiscal Dr. Julio C\u00e9sar Strassera, en el hist\u00f3rico Juicio a las Juntas Militares, y CONSIDERANDO: Que parece que todo est\u00e1 permitido para el kirchnerismo, en su af\u00e1n irracional por intentar conservar el poder. Que [&hellip;]<\/p>\n","protected":false},"author":1,"featured_media":1020,"comment_status":"closed","ping_status":"closed","sticky":false,"template":"","format":"standard","meta":{"_acf_changed":false,"footnotes":""},"categories":[65],"tags":[],"class_list":["post-5038","post","type-post","status-publish","format-standard","has-post-thumbnail","hentry","category-resoluciones"],"acf":[],"_links":{"self":[{"href":"https:\/\/coworkdigital.com.ar\/hcd\/wp-json\/wp\/v2\/posts\/5038","targetHints":{"allow":["GET"]}}],"collection":[{"href":"https:\/\/coworkdigital.com.ar\/hcd\/wp-json\/wp\/v2\/posts"}],"about":[{"href":"https:\/\/coworkdigital.com.ar\/hcd\/wp-json\/wp\/v2\/types\/post"}],"author":[{"embeddable":true,"href":"https:\/\/coworkdigital.com.ar\/hcd\/wp-json\/wp\/v2\/users\/1"}],"replies":[{"embeddable":true,"href":"https:\/\/coworkdigital.com.ar\/hcd\/wp-json\/wp\/v2\/comments?post=5038"}],"version-history":[{"count":0,"href":"https:\/\/coworkdigital.com.ar\/hcd\/wp-json\/wp\/v2\/posts\/5038\/revisions"}],"wp:featuredmedia":[{"embeddable":true,"href":"https:\/\/coworkdigital.com.ar\/hcd\/wp-json\/wp\/v2\/media\/1020"}],"wp:attachment":[{"href":"https:\/\/coworkdigital.com.ar\/hcd\/wp-json\/wp\/v2\/media?parent=5038"}],"wp:term":[{"taxonomy":"category","embeddable":true,"href":"https:\/\/coworkdigital.com.ar\/hcd\/wp-json\/wp\/v2\/categories?post=5038"},{"taxonomy":"post_tag","embeddable":true,"href":"https:\/\/coworkdigital.com.ar\/hcd\/wp-json\/wp\/v2\/tags?post=5038"}],"curies":[{"name":"wp","href":"https:\/\/api.w.org\/{rel}","templated":true}]}}