{"id":5050,"date":"2010-08-31T13:57:04","date_gmt":"2010-08-31T13:57:04","guid":{"rendered":"http:\/\/www.rivadaviamendoza.gob.ar\/hcd\/?p=5050"},"modified":"2010-08-31T13:57:04","modified_gmt":"2010-08-31T13:57:04","slug":"resolucion-21-2010","status":"publish","type":"post","link":"https:\/\/coworkdigital.com.ar\/hcd\/resolucion-21-2010\/","title":{"rendered":"Resoluci\u00f3n 21-2010"},"content":{"rendered":"<p style=\"text-align: center;\"><strong><img fetchpriority=\"high\" decoding=\"async\" class=\"wp-image-1054 aligncenter\" src=\"http:\/\/rd.gov.ar\/wp4\/wp-content\/uploads\/2017\/02\/encabezado-300x60.jpg\" sizes=\"(max-width: 669px) 100vw, 669px\" srcset=\"http:\/\/www.rivadaviamendoza.gob.ar\/hcd\/wp-content\/uploads\/2017\/02\/encabezado-300x60.jpg 300w, http:\/\/www.rivadaviamendoza.gob.ar\/hcd\/wp-content\/uploads\/2017\/02\/encabezado-768x153.jpg 768w, http:\/\/www.rivadaviamendoza.gob.ar\/hcd\/wp-content\/uploads\/2017\/02\/encabezado-1024x203.jpg 1024w\" alt=\"\" width=\"669\" height=\"134\" \/><\/strong><\/p>\n<p style=\"text-align: center;\"><strong>RESOLUCI\u00d3N N\u00b0 21<\/strong><\/p>\n<p style=\"text-align: justify;\"><strong>VISTO:<\/strong><br \/>\nLa Reforma Electoral que se pondr\u00e1 en marcha a partir del a\u00f1o 2011, al momento de la elecci\u00f3n de Presidente y Legisladores Nacionales, y<\/p>\n<p style=\"text-align: justify;\"><strong>CONSIDERANDO:<\/strong><br \/>\nQue es necesario contar con una informaci\u00f3n clara sobre aspectos de la Ley N\u00ba 26.571.<br \/>\nQue el Ministerio de Gobierno es el responsable de realizar capacitaci\u00f3n al respecto.<br \/>\nQue esta Reforma Pol\u00edtica abarca diversos aspectos:<br \/>\n1.- Partidos Pol\u00edticos, su conformaci\u00f3n, mantenimiento y diversos tipos de partidos.<br \/>\n2.- M\u00e9todos de elecci\u00f3n de candidatos: Elecciones primarias abiertas, simult\u00e1neas y obligatorias.<br \/>\n3.- R\u00e9gimen de publicidad durante las campa\u00f1as.<br \/>\n4.- Financiamiento de las campa\u00f1as electorales.<br \/>\n5.- Encuestas y sondeos de opini\u00f3n.<br \/>\n6.- Otras disposiciones: Electores, Padrones y duraci\u00f3n de campa\u00f1a.<\/p>\n<p style=\"text-align: justify;\"><strong>POR ELLO:<\/strong><br \/>\nEl Concejo Deliberante de Rivadavia, Mendoza, y en uso de sus facultades:<\/p>\n<p style=\"text-align: center;\"><strong>RESUELVE<\/strong><\/p>\n<p style=\"text-align: justify;\"><strong>Art\u00edculo 1\u00b0:<\/strong> El Concejo Deliberante de Rivadavia, provincia de Mendoza, dispone solicitar al Poder Ejecutivo Municipal, que realice las gestiones necesarias a los efectos de que convoque a personal capacitado del Ministerio de Gobierno de la Provincia de Mendoza, a fin de brindar una charla sobre Ley de Democratizaci\u00f3n de la representaci\u00f3n pol\u00edtica y equidad electoral.<\/p>\n<p style=\"text-align: justify;\"><strong>Art\u00edculo 2\u00b0:<\/strong> Invitese a representantes del Poder Ejecutivo Municipal, Concejales, Presidentes de Partidos Pol\u00edticos, docentes, Asociaciones Civiles, etc., a participar una vez gestionado lo normado en el art\u00edculo 1\u00ba de la presente.<\/p>\n<p style=\"text-align: justify;\"><strong>Art\u00edculo 3\u00b0:<\/strong> Remitir copia de la presente pieza legal, al Ministerio de Gobierno de la Provincia de Mendoza, para su conocimiento y dem\u00e1s efectos.<\/p>\n<p style=\"text-align: justify;\"><strong>Art\u00edculo 4\u00b0:<\/strong> Comun\u00edquese al Departamento Ejecutivo a sus efectos, e ins\u00e9rtese en el Libro de Resoluciones de este Cuerpo.<\/p>\n<p style=\"text-align: justify;\">Dada en la Sala de Sesiones Bandera Nacional Argentina, del Concejo Deliberante de Rivadavia, Mendoza, a los 31 d\u00edas del mes de agosto de 2010.<\/p>\n<table>\n<tbody>\n<tr>\n<td style=\"text-align: center;\">ORLANDO JAVIER RODRIGUEZ<\/td>\n<td style=\"text-align: center;\">MAURICIO DI C\u00c9SARE<\/td>\n<\/tr>\n<tr>\n<td style=\"text-align: center;\">SECRETARIO C.D.<\/td>\n<td style=\"text-align: center;\">PRESIDENTE C.D.<\/td>\n<\/tr>\n<\/tbody>\n<\/table>\n<p style=\"text-align: right;\">Cpde. Expte. N\u00ba 2010-00249-7 C.D.<\/p>\n","protected":false},"excerpt":{"rendered":"<p>RESOLUCI\u00d3N N\u00b0 21 VISTO: La Reforma Electoral que se pondr\u00e1 en marcha a partir del a\u00f1o 2011, al momento de la elecci\u00f3n de Presidente y Legisladores Nacionales, y CONSIDERANDO: Que es necesario contar con una informaci\u00f3n clara sobre aspectos de la Ley N\u00ba 26.571. Que el Ministerio de Gobierno es el responsable de realizar capacitaci\u00f3n [&hellip;]<\/p>\n","protected":false},"author":1,"featured_media":1020,"comment_status":"closed","ping_status":"closed","sticky":false,"template":"","format":"standard","meta":{"_acf_changed":false,"footnotes":""},"categories":[65],"tags":[],"class_list":["post-5050","post","type-post","status-publish","format-standard","has-post-thumbnail","hentry","category-resoluciones"],"acf":[],"_links":{"self":[{"href":"https:\/\/coworkdigital.com.ar\/hcd\/wp-json\/wp\/v2\/posts\/5050","targetHints":{"allow":["GET"]}}],"collection":[{"href":"https:\/\/coworkdigital.com.ar\/hcd\/wp-json\/wp\/v2\/posts"}],"about":[{"href":"https:\/\/coworkdigital.com.ar\/hcd\/wp-json\/wp\/v2\/types\/post"}],"author":[{"embeddable":true,"href":"https:\/\/coworkdigital.com.ar\/hcd\/wp-json\/wp\/v2\/users\/1"}],"replies":[{"embeddable":true,"href":"https:\/\/coworkdigital.com.ar\/hcd\/wp-json\/wp\/v2\/comments?post=5050"}],"version-history":[{"count":0,"href":"https:\/\/coworkdigital.com.ar\/hcd\/wp-json\/wp\/v2\/posts\/5050\/revisions"}],"wp:featuredmedia":[{"embeddable":true,"href":"https:\/\/coworkdigital.com.ar\/hcd\/wp-json\/wp\/v2\/media\/1020"}],"wp:attachment":[{"href":"https:\/\/coworkdigital.com.ar\/hcd\/wp-json\/wp\/v2\/media?parent=5050"}],"wp:term":[{"taxonomy":"category","embeddable":true,"href":"https:\/\/coworkdigital.com.ar\/hcd\/wp-json\/wp\/v2\/categories?post=5050"},{"taxonomy":"post_tag","embeddable":true,"href":"https:\/\/coworkdigital.com.ar\/hcd\/wp-json\/wp\/v2\/tags?post=5050"}],"curies":[{"name":"wp","href":"https:\/\/api.w.org\/{rel}","templated":true}]}}