{"id":5052,"date":"2010-08-31T13:40:39","date_gmt":"2010-08-31T13:40:39","guid":{"rendered":"http:\/\/www.rivadaviamendoza.gob.ar\/hcd\/?p=5052"},"modified":"2010-08-31T13:40:39","modified_gmt":"2010-08-31T13:40:39","slug":"resolucion-20-2010","status":"publish","type":"post","link":"https:\/\/coworkdigital.com.ar\/hcd\/resolucion-20-2010\/","title":{"rendered":"Resoluci\u00f3n 20-2010"},"content":{"rendered":"<p style=\"text-align: center;\"><strong><img fetchpriority=\"high\" decoding=\"async\" class=\"wp-image-1054 aligncenter\" src=\"http:\/\/rd.gov.ar\/wp4\/wp-content\/uploads\/2017\/02\/encabezado-300x60.jpg\" sizes=\"(max-width: 669px) 100vw, 669px\" srcset=\"http:\/\/www.rivadaviamendoza.gob.ar\/hcd\/wp-content\/uploads\/2017\/02\/encabezado-300x60.jpg 300w, http:\/\/www.rivadaviamendoza.gob.ar\/hcd\/wp-content\/uploads\/2017\/02\/encabezado-768x153.jpg 768w, http:\/\/www.rivadaviamendoza.gob.ar\/hcd\/wp-content\/uploads\/2017\/02\/encabezado-1024x203.jpg 1024w\" alt=\"\" width=\"669\" height=\"134\" \/><\/strong><\/p>\n<p style=\"text-align: center;\"><strong>RESOLUCI\u00d3N N\u00ba 20<\/strong><\/p>\n<p style=\"text-align: justify;\"><strong>VISTO:<br \/>\n<\/strong>El Expediente N\u00ba 2010-00283-6, caratulado Ediles del Concejo Deliberante de Rivadavia, elevan nota al Se\u00f1or Ministro de Seguridad de la Provincia de Mendoza (desaparici\u00f3n del ciudadano Eduardo Arg\u00fcello Arias), y<\/p>\n<p style=\"text-align: justify;\"><strong>CONSIDERANDO:<\/strong><br \/>\nQue ante la desaparici\u00f3n ocurrida a partir del d\u00eda 14 de mayo del corriente a\u00f1o, del j\u00f3ven Eduardo David Arguello Arias, de 26 a\u00f1os de edad, y con domicilio en Barrio Costa Canal, Manzana \u201cB\u201d Casa 13 de la ciudad de Rivadavia, y ante la petici\u00f3n de la madre del mencionado ante este Cuerpo, respecto a que se realicen gestiones tendientes a ubicar el paradero de su hijo.<br \/>\nQue este Cuerpo debe peticionar ante el Ministerio de Seguridad de la Provincia de Mendoza, a fin de publicar por medios de prensa gr\u00e1ficos, radiales y televisivos, dando a conocer a la poblaci\u00f3n de la desaparici\u00f3n del mencionado, asimismo deber\u00e1 acompa\u00f1arse de fotos para una mejor individualizaci\u00f3n.<\/p>\n<p style=\"text-align: justify;\"><strong>POR ELLO:<\/strong><br \/>\nEl Concejo Deliberante de Rivadavia, Mendoza, y en uso de sus facultades:<\/p>\n<p style=\"text-align: center;\"><strong>RESUELVE<\/strong><\/p>\n<p style=\"text-align: justify;\"><strong>Art\u00edculo 1\u00b0:<\/strong> El Concejo Deliberante de Rivadavia, provincia de Mendoza, dispone facultar a la Presidencia de este Cuerpo, a elevar nota de Estilo junto a la presente pieza legal, al se\u00f1or Ministro de Seguridad de la Provincia de Mendoza, Dr. Carlos Aranda, a los efectos de hacer conocer sobre la desaparici\u00f3n del joven Eduardo David Arg\u00fcello Arias, de la Ciudad de Rivadavia, a partir del d\u00eda 14 de mayo del corriente a\u00f1o.<\/p>\n<p style=\"text-align: justify;\"><strong>Art\u00edculo 2\u00ba:<\/strong> Comun\u00edquese al Departamento Ejecutivo a sus efectos, e ins\u00e9rtese en el Libro de Resoluciones de este Cuerpo.<\/p>\n<p style=\"text-align: justify;\">Dada en la Sala de Sesiones Bandera Nacional Argentina, del Concejo Deliberante de Rivadavia, Mendoza, a los 31 d\u00edas del mes de agosto de 2010.<\/p>\n<table>\n<tbody>\n<tr>\n<td style=\"text-align: center;\">ORLANDO JAVIER RODRIGUEZ<\/td>\n<td style=\"text-align: center;\">MAURICIO DI C\u00c9SARE<\/td>\n<\/tr>\n<tr>\n<td style=\"text-align: center;\">SECRETARIO C.D.<\/td>\n<td style=\"text-align: center;\">PRESIDENTE C.D.<\/td>\n<\/tr>\n<\/tbody>\n<\/table>\n<p style=\"text-align: right;\">Cpde. Expte. N\u00ba 2010-00283-6 C.D.<\/p>\n","protected":false},"excerpt":{"rendered":"<p>RESOLUCI\u00d3N N\u00ba 20 VISTO: El Expediente N\u00ba 2010-00283-6, caratulado Ediles del Concejo Deliberante de Rivadavia, elevan nota al Se\u00f1or Ministro de Seguridad de la Provincia de Mendoza (desaparici\u00f3n del ciudadano Eduardo Arg\u00fcello Arias), y CONSIDERANDO: Que ante la desaparici\u00f3n ocurrida a partir del d\u00eda 14 de mayo del corriente a\u00f1o, del j\u00f3ven Eduardo David Arguello [&hellip;]<\/p>\n","protected":false},"author":1,"featured_media":1020,"comment_status":"closed","ping_status":"closed","sticky":false,"template":"","format":"standard","meta":{"_acf_changed":false,"footnotes":""},"categories":[65],"tags":[],"class_list":["post-5052","post","type-post","status-publish","format-standard","has-post-thumbnail","hentry","category-resoluciones"],"acf":[],"_links":{"self":[{"href":"https:\/\/coworkdigital.com.ar\/hcd\/wp-json\/wp\/v2\/posts\/5052","targetHints":{"allow":["GET"]}}],"collection":[{"href":"https:\/\/coworkdigital.com.ar\/hcd\/wp-json\/wp\/v2\/posts"}],"about":[{"href":"https:\/\/coworkdigital.com.ar\/hcd\/wp-json\/wp\/v2\/types\/post"}],"author":[{"embeddable":true,"href":"https:\/\/coworkdigital.com.ar\/hcd\/wp-json\/wp\/v2\/users\/1"}],"replies":[{"embeddable":true,"href":"https:\/\/coworkdigital.com.ar\/hcd\/wp-json\/wp\/v2\/comments?post=5052"}],"version-history":[{"count":0,"href":"https:\/\/coworkdigital.com.ar\/hcd\/wp-json\/wp\/v2\/posts\/5052\/revisions"}],"wp:featuredmedia":[{"embeddable":true,"href":"https:\/\/coworkdigital.com.ar\/hcd\/wp-json\/wp\/v2\/media\/1020"}],"wp:attachment":[{"href":"https:\/\/coworkdigital.com.ar\/hcd\/wp-json\/wp\/v2\/media?parent=5052"}],"wp:term":[{"taxonomy":"category","embeddable":true,"href":"https:\/\/coworkdigital.com.ar\/hcd\/wp-json\/wp\/v2\/categories?post=5052"},{"taxonomy":"post_tag","embeddable":true,"href":"https:\/\/coworkdigital.com.ar\/hcd\/wp-json\/wp\/v2\/tags?post=5052"}],"curies":[{"name":"wp","href":"https:\/\/api.w.org\/{rel}","templated":true}]}}