{"id":5060,"date":"2010-08-10T14:29:34","date_gmt":"2010-08-10T14:29:34","guid":{"rendered":"http:\/\/www.rivadaviamendoza.gob.ar\/hcd\/?p=5060"},"modified":"2010-08-10T14:29:34","modified_gmt":"2010-08-10T14:29:34","slug":"resolucion-10-2010","status":"publish","type":"post","link":"https:\/\/coworkdigital.com.ar\/hcd\/resolucion-10-2010\/","title":{"rendered":"Resoluci\u00f3n 16-2010"},"content":{"rendered":"<p style=\"text-align: center;\"><strong><img fetchpriority=\"high\" decoding=\"async\" class=\"wp-image-1054 aligncenter\" src=\"http:\/\/rd.gov.ar\/wp4\/wp-content\/uploads\/2017\/02\/encabezado-300x60.jpg\" sizes=\"(max-width: 669px) 100vw, 669px\" srcset=\"http:\/\/www.rivadaviamendoza.gob.ar\/hcd\/wp-content\/uploads\/2017\/02\/encabezado-300x60.jpg 300w, http:\/\/www.rivadaviamendoza.gob.ar\/hcd\/wp-content\/uploads\/2017\/02\/encabezado-768x153.jpg 768w, http:\/\/www.rivadaviamendoza.gob.ar\/hcd\/wp-content\/uploads\/2017\/02\/encabezado-1024x203.jpg 1024w\" alt=\"\" width=\"669\" height=\"134\" \/><\/strong><\/p>\n<p style=\"text-align: center;\"><strong>RESOLUCI\u00d3N N\u00b0 16<\/strong><\/p>\n<p style=\"text-align: justify;\"><strong>VISTO:<br \/>\n<\/strong>El Expediente Municipal N\u00ba 2010-11051-4, caratulado Secretar\u00eda de Gobierno, eleva copia Resoluci\u00f3n de Intendencia N\u00ba 708\/10, referido a donaci\u00f3n parcela gratis se\u00f1or Pennacchio, y<\/p>\n<p style=\"text-align: justify;\"><strong>CONSIDERANDO:<\/strong><br \/>\nQue habi\u00e9ndose producido el fallecimiento del se\u00f1or Juan Carlos Pennacchio el pasado 01 de junio de 2010, y atento a la situaci\u00f3n que reviste este caso, y teniendo en cuenta que este personaje conocido popularmente como \u201cPennacchito\u201d, fu\u00e9 una de las personas m\u00e1s queridas por todo el pueblo de Rivadavia.<br \/>\nQue es loable el gesto que ha realizado el Departamento Ejecutivo Municipal, de ofrecer en donaci\u00f3n una parcela gratuita ubicada en el Cementerio Parque de los Recuerdos.<br \/>\nQue este Concejo Deliberante, ve con agrado la decisi\u00f3n tomada por el Ejecutivo Municipal,\u00a0 accediendo a la ratificaci\u00f3n de la Resoluci\u00f3n de Intendencia N\u00ba 0708\/10.<\/p>\n<p style=\"text-align: justify;\"><strong>POR ELLO:<\/strong><br \/>\nEl Concejo Deliberante de Rivadavia, Mendoza, y en uso de sus facultades:<\/p>\n<p style=\"text-align: center;\"><strong>RESUELVE<\/strong><\/p>\n<p style=\"text-align: justify;\"><strong>Art\u00edculo 1\u00ba:<\/strong> El Concejo Deliberante de Rivadavia, provincia de Mendoza, ratifica en todas y cada una de sus partes la Resoluci\u00f3n de Intendencia N\u00ba 0708\/10, mediante la cual se otorga la donaci\u00f3n de una parcela (concesi\u00f3n gratuita) N\u00ba 66, cuadro A; ubicada en el Cementerio Jard\u00edn \u201cParque de los Recuerdos\u201d, incluyendo inhumaci\u00f3n gratuita, entrada de carroza y expensas correspondientes al a\u00f1o 2010, para el Se\u00f1or Juan Carlos Pennacchio.<\/p>\n<p style=\"text-align: justify;\"><strong>Art\u00edculo 2\u00ba:<\/strong> Comun\u00edquese al Departamento Ejecutivo a sus efectos, e ins\u00e9rtese en el Libro de Resoluciones de este Cuerpo.<\/p>\n<p style=\"text-align: justify;\">Dada en la Sala de Sesiones Bandera Nacional Argentina, del Concejo Deliberante de Rivadavia, Mendoza, a los 10 d\u00edas del mes de agosto de 2010.<\/p>\n<table>\n<tbody>\n<tr>\n<td style=\"text-align: center;\">ORLANDO JAVIER RODRIGUEZ<\/td>\n<td style=\"text-align: center;\">MAURICIO DI C\u00c9SARE<\/td>\n<\/tr>\n<tr>\n<td style=\"text-align: center;\">SECRETARIO C.D.<\/td>\n<td style=\"text-align: center;\">PRESIDENTE C.D.<\/td>\n<\/tr>\n<\/tbody>\n<\/table>\n<p style=\"text-align: right;\">Cpde. Expte. N\u00ba 2010-00227-3 C.D.<br \/>\nN\u00ba 2010-11051-4 D.E.<\/p>\n","protected":false},"excerpt":{"rendered":"<p>RESOLUCI\u00d3N N\u00b0 16 VISTO: El Expediente Municipal N\u00ba 2010-11051-4, caratulado Secretar\u00eda de Gobierno, eleva copia Resoluci\u00f3n de Intendencia N\u00ba 708\/10, referido a donaci\u00f3n parcela gratis se\u00f1or Pennacchio, y CONSIDERANDO: Que habi\u00e9ndose producido el fallecimiento del se\u00f1or Juan Carlos Pennacchio el pasado 01 de junio de 2010, y atento a la situaci\u00f3n que reviste este caso, [&hellip;]<\/p>\n","protected":false},"author":1,"featured_media":1020,"comment_status":"closed","ping_status":"closed","sticky":false,"template":"","format":"standard","meta":{"_acf_changed":false,"footnotes":""},"categories":[65],"tags":[],"class_list":["post-5060","post","type-post","status-publish","format-standard","has-post-thumbnail","hentry","category-resoluciones"],"acf":[],"_links":{"self":[{"href":"https:\/\/coworkdigital.com.ar\/hcd\/wp-json\/wp\/v2\/posts\/5060","targetHints":{"allow":["GET"]}}],"collection":[{"href":"https:\/\/coworkdigital.com.ar\/hcd\/wp-json\/wp\/v2\/posts"}],"about":[{"href":"https:\/\/coworkdigital.com.ar\/hcd\/wp-json\/wp\/v2\/types\/post"}],"author":[{"embeddable":true,"href":"https:\/\/coworkdigital.com.ar\/hcd\/wp-json\/wp\/v2\/users\/1"}],"replies":[{"embeddable":true,"href":"https:\/\/coworkdigital.com.ar\/hcd\/wp-json\/wp\/v2\/comments?post=5060"}],"version-history":[{"count":0,"href":"https:\/\/coworkdigital.com.ar\/hcd\/wp-json\/wp\/v2\/posts\/5060\/revisions"}],"wp:featuredmedia":[{"embeddable":true,"href":"https:\/\/coworkdigital.com.ar\/hcd\/wp-json\/wp\/v2\/media\/1020"}],"wp:attachment":[{"href":"https:\/\/coworkdigital.com.ar\/hcd\/wp-json\/wp\/v2\/media?parent=5060"}],"wp:term":[{"taxonomy":"category","embeddable":true,"href":"https:\/\/coworkdigital.com.ar\/hcd\/wp-json\/wp\/v2\/categories?post=5060"},{"taxonomy":"post_tag","embeddable":true,"href":"https:\/\/coworkdigital.com.ar\/hcd\/wp-json\/wp\/v2\/tags?post=5060"}],"curies":[{"name":"wp","href":"https:\/\/api.w.org\/{rel}","templated":true}]}}