{"id":5093,"date":"2010-08-31T15:10:02","date_gmt":"2010-08-31T15:10:02","guid":{"rendered":"http:\/\/www.rivadaviamendoza.gob.ar\/hcd\/?p=5093"},"modified":"2010-08-31T15:10:02","modified_gmt":"2010-08-31T15:10:02","slug":"declaracion-16-2010","status":"publish","type":"post","link":"https:\/\/coworkdigital.com.ar\/hcd\/declaracion-16-2010\/","title":{"rendered":"Declaraci\u00f3n 16-2010"},"content":{"rendered":"<p style=\"text-align: center;\"><strong><img fetchpriority=\"high\" decoding=\"async\" class=\"wp-image-1054 aligncenter\" src=\"http:\/\/rd.gov.ar\/wp4\/wp-content\/uploads\/2017\/02\/encabezado-300x60.jpg\" sizes=\"(max-width: 669px) 100vw, 669px\" srcset=\"http:\/\/www.rivadaviamendoza.gob.ar\/hcd\/wp-content\/uploads\/2017\/02\/encabezado-300x60.jpg 300w, http:\/\/www.rivadaviamendoza.gob.ar\/hcd\/wp-content\/uploads\/2017\/02\/encabezado-768x153.jpg 768w, http:\/\/www.rivadaviamendoza.gob.ar\/hcd\/wp-content\/uploads\/2017\/02\/encabezado-1024x203.jpg 1024w\" alt=\"\" width=\"669\" height=\"134\" \/><\/strong><\/p>\n<p style=\"text-align: center;\"><strong>DECLARACI\u00d3N N\u00ba 16<\/strong><\/p>\n<p style=\"text-align: justify;\"><strong>VISTO:<\/strong><br \/>\nEl reciente aumento del boleto de media y larga distancia en el Transporte P\u00fablico de Pasajeros, y<\/p>\n<p style=\"text-align: justify;\"><strong>CONSIDERANDO:<\/strong><br \/>\nQue el transporte p\u00fablico de pasajeros es parte esencial de una ciudad.<br \/>\nQue disminuye la contaminaci\u00f3n y el consumo de energ\u00eda, ya que se usan menos autom\u00f3viles para el transporte, adem\u00e1s de permitir el desplazamiento de personas que no teniendo movilidad necesitan recorrer largas distancias.<br \/>\nQue en dicho transporte deben trasladarse al trabajo, Centros de Salud, hospitales, escuelas, universidades o tr\u00e1mites en la ciudad.<br \/>\nQue el sistema p\u00fablico de pasajeros debe ser econ\u00f3micamente viable para sus usuarios.<br \/>\nQue es aqu\u00ed donde consideramos imprescindible, que el Estado ocupe un rol directo siendo el responsable de brindar y dar cumplimiento a la funci\u00f3n social que tiene el transporte en nuestra sociedad.<br \/>\nQue por ello este Concejo Deliberante, en reiteradas Declaraciones, expres\u00f3 al Gobierno de la Provincia la importancia de que se conservara en manos del Estado, en su momento la l\u00ednea 240 y hasta hace unos d\u00edas el Grupo 2 de la Empresa Provincial de Transportes Mendoza (EPTM), a efectos de poder contar con una empresa estatal testigo que asegurara mantener la calidad, el cumplimiento de frecuencias, horarios, beneficios a jubilados, estudiantes y el costo del servicio, evitando que la poblaci\u00f3n se transforme en reh\u00e9n de pr\u00e1cticas especulativas de empresarios que s\u00f3lo buscan la maximizaci\u00f3n de ganancias con prescindencia de cualquier otra consideraci\u00f3n.<br \/>\nQue lamentablemente todo esto no se tuvo en cuenta a la hora de privatizar el Grupo 2 de la Empresa Provincial de Transportes Mendoza (EPTM).<br \/>\nQue nuevamente los usuarios se ven presos del incremento en las tarifas de media y larga distancia en un 30 %, que seg\u00fan la Subsecretaria de Servicios P\u00fablicos, Patricia Mart\u00ednez, responde a los aumentos en el combustible y el sueldo de los empleados del sector, siendo este \u00faltimo el 44% del total de gastos que deben absorber las firmas que no reciben el aporte estatal.<br \/>\nQue a esto se le suma la desigualdad en los subsidios que otorga el Gobierno Provincial a las empresas de transporte, ya que en la Zona este, el Valle de Uco, el Norte y el Sur mendocino, no se encuentran incluidos con respecto al conurbano mendocino.<br \/>\nQue en definitiva terminan siendo los usuarios los que pagan las consecuencias de no contar con una planificaci\u00f3n y participaci\u00f3n para discutir el precio del boleto.<br \/>\nQue sumado a los recientes incrementos de los servicios: electricidad, telefon\u00eda, entre otros, es un nuevo aumento que golpea al bolsillo de los vecinos y fundamentalmente de los que menos tienen y que son los que m\u00e1s utilizan el transporte p\u00fablico.<\/p>\n<p style=\"text-align: justify;\"><strong>POR ELLO:<\/strong><br \/>\nEl Concejo Deliberante de Rivadavia, Mendoza, y en uso de sus facultades:<\/p>\n<p style=\"text-align: center;\"><strong>DECLARA<\/strong><\/p>\n<p style=\"text-align: justify;\"><strong>Art\u00edculo 1\u00b0:<\/strong> El Concejo Deliberante de Rivadavia, provincia de Mendoza, ver\u00eda con agrado que el Gobierno de la Provincia de Mendoza, deje sin efecto el decreto que autoriza el aumento del 30 % en las tarifas del Servicio de Transporte P\u00fablico de Pasajeros de media y larga distancia y que eval\u00fae el aumento en relaci\u00f3n a la realidad socio-econ\u00f3mica de los usuarios.<\/p>\n<p style=\"text-align: justify;\"><strong>Art\u00edculo 2\u00b0:<\/strong> Rem\u00edtase copia de la presente norma legal al se\u00f1or Gobernador de la Provincia de Mendoza, al Director de V\u00edas y Medios de Transporte y a todos los Concejos Deliberantes de la Provincia de Mendoza para su conocimiento y dem\u00e1s efectos.<\/p>\n<p style=\"text-align: justify;\"><strong>Art\u00edculo 3\u00b0:<\/strong> Comun\u00edquese al Departamento Ejecutivo a sus efectos, e ins\u00e9rtese en el Libro de Declaraciones de este Cuerpo.<\/p>\n<p style=\"text-align: justify;\">Dada en la Sala de Sesiones Bandera Nacional Argentina, del Concejo Deliberante de Rivadavia, Mendoza, a los 31 d\u00edas del mes de agosto de 2010.<\/p>\n<table>\n<tbody>\n<tr>\n<td style=\"text-align: center;\">ORLANDO JAVIER RODRIGUEZ<\/td>\n<td style=\"text-align: center;\">MAURICIO DI C\u00c9SARE<\/td>\n<\/tr>\n<tr>\n<td style=\"text-align: center;\">SECRETARIO C.D.<\/td>\n<td style=\"text-align: center;\">PRESIDENTE C.D.<\/td>\n<\/tr>\n<\/tbody>\n<\/table>\n<p style=\"text-align: right;\">Cpde. Expte. N\u00ba 2010-00253-9 C.D.<\/p>\n","protected":false},"excerpt":{"rendered":"<p>DECLARACI\u00d3N N\u00ba 16 VISTO: El reciente aumento del boleto de media y larga distancia en el Transporte P\u00fablico de Pasajeros, y CONSIDERANDO: Que el transporte p\u00fablico de pasajeros es parte esencial de una ciudad. Que disminuye la contaminaci\u00f3n y el consumo de energ\u00eda, ya que se usan menos autom\u00f3viles para el transporte, adem\u00e1s de permitir [&hellip;]<\/p>\n","protected":false},"author":1,"featured_media":4276,"comment_status":"closed","ping_status":"closed","sticky":false,"template":"","format":"standard","meta":{"_acf_changed":false,"footnotes":""},"categories":[66],"tags":[],"class_list":["post-5093","post","type-post","status-publish","format-standard","has-post-thumbnail","hentry","category-declaraciones"],"acf":[],"_links":{"self":[{"href":"https:\/\/coworkdigital.com.ar\/hcd\/wp-json\/wp\/v2\/posts\/5093","targetHints":{"allow":["GET"]}}],"collection":[{"href":"https:\/\/coworkdigital.com.ar\/hcd\/wp-json\/wp\/v2\/posts"}],"about":[{"href":"https:\/\/coworkdigital.com.ar\/hcd\/wp-json\/wp\/v2\/types\/post"}],"author":[{"embeddable":true,"href":"https:\/\/coworkdigital.com.ar\/hcd\/wp-json\/wp\/v2\/users\/1"}],"replies":[{"embeddable":true,"href":"https:\/\/coworkdigital.com.ar\/hcd\/wp-json\/wp\/v2\/comments?post=5093"}],"version-history":[{"count":0,"href":"https:\/\/coworkdigital.com.ar\/hcd\/wp-json\/wp\/v2\/posts\/5093\/revisions"}],"wp:featuredmedia":[{"embeddable":true,"href":"https:\/\/coworkdigital.com.ar\/hcd\/wp-json\/wp\/v2\/media\/4276"}],"wp:attachment":[{"href":"https:\/\/coworkdigital.com.ar\/hcd\/wp-json\/wp\/v2\/media?parent=5093"}],"wp:term":[{"taxonomy":"category","embeddable":true,"href":"https:\/\/coworkdigital.com.ar\/hcd\/wp-json\/wp\/v2\/categories?post=5093"},{"taxonomy":"post_tag","embeddable":true,"href":"https:\/\/coworkdigital.com.ar\/hcd\/wp-json\/wp\/v2\/tags?post=5093"}],"curies":[{"name":"wp","href":"https:\/\/api.w.org\/{rel}","templated":true}]}}