{"id":5099,"date":"2010-08-10T23:45:50","date_gmt":"2010-08-10T23:45:50","guid":{"rendered":"http:\/\/www.rivadaviamendoza.gob.ar\/hcd\/?p=5099"},"modified":"2010-08-10T23:45:50","modified_gmt":"2010-08-10T23:45:50","slug":"declaracion-13-2010","status":"publish","type":"post","link":"https:\/\/coworkdigital.com.ar\/hcd\/declaracion-13-2010\/","title":{"rendered":"Declaraci\u00f3n 13-2010"},"content":{"rendered":"<p style=\"text-align: center;\"><strong><img fetchpriority=\"high\" decoding=\"async\" class=\"wp-image-1054 aligncenter\" src=\"http:\/\/rd.gov.ar\/wp4\/wp-content\/uploads\/2017\/02\/encabezado-300x60.jpg\" sizes=\"(max-width: 669px) 100vw, 669px\" srcset=\"http:\/\/www.rivadaviamendoza.gob.ar\/hcd\/wp-content\/uploads\/2017\/02\/encabezado-300x60.jpg 300w, http:\/\/www.rivadaviamendoza.gob.ar\/hcd\/wp-content\/uploads\/2017\/02\/encabezado-768x153.jpg 768w, http:\/\/www.rivadaviamendoza.gob.ar\/hcd\/wp-content\/uploads\/2017\/02\/encabezado-1024x203.jpg 1024w\" alt=\"\" width=\"669\" height=\"134\" \/><\/strong><\/p>\n<p style=\"text-align: center;\"><strong>DECLARACI\u00d3N N\u00ba 13<\/strong><\/p>\n<p style=\"text-align: justify;\"><strong>VISTO:<\/strong><br \/>\nLa necesidad del cumplimiento del Art\u00edculo 2\u00ba de la Ley N\u00ba 8095 \u201cConvenio Marco Programa Federal Plurianual Construcci\u00f3n Viviendas\u201d (Cr\u00e9ase en la Provincia de Mendoza el Plan de Construcci\u00f3n de Viviendas Sociales, Rurales y por ayuda mutua), y<\/p>\n<p style=\"text-align: justify;\"><strong>CONSIDERANDO:<\/strong><br \/>\nQue el Art\u00edculo 2\u00ba de la nombrada ley general, vigente para la creaci\u00f3n en la Provincia de Mendoza el Plan de Construcci\u00f3n de Viviendas Sociales, Rurales y por ayuda mutua, el que ser\u00e1 financiado con el 5% de las regal\u00edas petrol\u00edferas a partir del Presupuesto Provincial 2010, una vez deducido el monto de participaci\u00f3n municipal correspondiente a las mismas, m\u00e1s el fondo constituido por los Art\u00edculos 3\u00ba y 4\u00ba de la Ley N\u00ba 8.043.<br \/>\nQue dichos fondos ser\u00e1n distribuidos mensualmente en los municipios respetando los porcentajes establecidos en la Resoluci\u00f3n del Honorable Directorio del Instituto Provincial de la Vivienda N\u00ba 532\/93, y deber\u00e1n utilizarse exclusivamente para el cumplimiento del referido plan.<\/p>\n<p style=\"text-align: justify;\"><strong>POR ELLO:<\/strong><br \/>\nEl Concejo Deliberante de Rivadavia, Mendoza, y en uso de sus facultades:<\/p>\n<p style=\"text-align: center;\"><strong>DECLARA<\/strong><\/p>\n<p style=\"text-align: justify;\"><strong>Art\u00edculo 1\u00ba:<\/strong> El Concejo Deliberante de Rivadavia, provincia de Mendoza, ver\u00eda con agrado que el Departamento Ejecutivo Municipal, realice las gestiones ante el Poder Ejecutivo de la Provincia de Mendoza, a fin de que se d\u00e9 cumplimiento al Art\u00edculo 2\u00ba, de la Ley N\u00ba 8095 \u201cConvenio Marco Programa Federal Plurianual Construcci\u00f3n Viviendas\u201d.<\/p>\n<p style=\"text-align: justify;\"><strong>Art\u00edculo 2\u00ba:<\/strong> Que los fondos provenientes de lo normado en el Art\u00edculo 1\u00ba de la presente, deber\u00e1n ser incluidos en el Presupuesto en curso y en los correspondientes a la diagramaci\u00f3n de a\u00f1os posteriores.<\/p>\n<p style=\"text-align: justify;\"><strong>Art\u00edculo 3\u00b0:<\/strong> Remitir copia de la presente pieza legal, a ambas C\u00e1maras Legislativas de la Provincia de Mendoza, y a los Honorables Concejos Deliberantes de la provincia, para su conocimiento y adhesi\u00f3n a la presente norma.<\/p>\n<p style=\"text-align: justify;\"><strong>Art\u00edculo 4\u00ba:<\/strong> Comun\u00edquese al Departamento Ejecutivo a sus efectos, e ins\u00e9rtese en el Libro de Declaraciones de este Cuerpo.<\/p>\n<p style=\"text-align: justify;\">Dada en la Sala de Sesiones Bandera Nacional Argentina, del Concejo Deliberante de Rivadavia, Mendoza, a los 10 d\u00edas del mes de agosto de 2010.<\/p>\n<table>\n<tbody>\n<tr>\n<td style=\"text-align: center;\">ORLANDO JAVIER RODRIGUEZ<\/td>\n<td style=\"text-align: center;\">MAURICIO DI C\u00c9SARE<\/td>\n<\/tr>\n<tr>\n<td style=\"text-align: center;\">SECRETARIO C.D.<\/td>\n<td style=\"text-align: center;\">PRESIDENTE C.D.<\/td>\n<\/tr>\n<\/tbody>\n<\/table>\n<p style=\"text-align: right;\">Cpde. Expte. N\u00ba 2010-00235-6 C.D.<\/p>\n","protected":false},"excerpt":{"rendered":"<p>DECLARACI\u00d3N N\u00ba 13 VISTO: La necesidad del cumplimiento del Art\u00edculo 2\u00ba de la Ley N\u00ba 8095 \u201cConvenio Marco Programa Federal Plurianual Construcci\u00f3n Viviendas\u201d (Cr\u00e9ase en la Provincia de Mendoza el Plan de Construcci\u00f3n de Viviendas Sociales, Rurales y por ayuda mutua), y CONSIDERANDO: Que el Art\u00edculo 2\u00ba de la nombrada ley general, vigente para la [&hellip;]<\/p>\n","protected":false},"author":1,"featured_media":4276,"comment_status":"closed","ping_status":"closed","sticky":false,"template":"","format":"standard","meta":{"_acf_changed":false,"footnotes":""},"categories":[66],"tags":[],"class_list":["post-5099","post","type-post","status-publish","format-standard","has-post-thumbnail","hentry","category-declaraciones"],"acf":[],"_links":{"self":[{"href":"https:\/\/coworkdigital.com.ar\/hcd\/wp-json\/wp\/v2\/posts\/5099","targetHints":{"allow":["GET"]}}],"collection":[{"href":"https:\/\/coworkdigital.com.ar\/hcd\/wp-json\/wp\/v2\/posts"}],"about":[{"href":"https:\/\/coworkdigital.com.ar\/hcd\/wp-json\/wp\/v2\/types\/post"}],"author":[{"embeddable":true,"href":"https:\/\/coworkdigital.com.ar\/hcd\/wp-json\/wp\/v2\/users\/1"}],"replies":[{"embeddable":true,"href":"https:\/\/coworkdigital.com.ar\/hcd\/wp-json\/wp\/v2\/comments?post=5099"}],"version-history":[{"count":0,"href":"https:\/\/coworkdigital.com.ar\/hcd\/wp-json\/wp\/v2\/posts\/5099\/revisions"}],"wp:featuredmedia":[{"embeddable":true,"href":"https:\/\/coworkdigital.com.ar\/hcd\/wp-json\/wp\/v2\/media\/4276"}],"wp:attachment":[{"href":"https:\/\/coworkdigital.com.ar\/hcd\/wp-json\/wp\/v2\/media?parent=5099"}],"wp:term":[{"taxonomy":"category","embeddable":true,"href":"https:\/\/coworkdigital.com.ar\/hcd\/wp-json\/wp\/v2\/categories?post=5099"},{"taxonomy":"post_tag","embeddable":true,"href":"https:\/\/coworkdigital.com.ar\/hcd\/wp-json\/wp\/v2\/tags?post=5099"}],"curies":[{"name":"wp","href":"https:\/\/api.w.org\/{rel}","templated":true}]}}