{"id":5101,"date":"2010-08-10T23:40:17","date_gmt":"2010-08-10T23:40:17","guid":{"rendered":"http:\/\/www.rivadaviamendoza.gob.ar\/hcd\/?p=5101"},"modified":"2010-08-10T23:40:17","modified_gmt":"2010-08-10T23:40:17","slug":"declaracion-12-2010","status":"publish","type":"post","link":"https:\/\/coworkdigital.com.ar\/hcd\/declaracion-12-2010\/","title":{"rendered":"Declaraci\u00f3n 12-2010"},"content":{"rendered":"<p style=\"text-align: center;\"><strong><img fetchpriority=\"high\" decoding=\"async\" class=\"wp-image-1054 aligncenter\" src=\"http:\/\/rd.gov.ar\/wp4\/wp-content\/uploads\/2017\/02\/encabezado-300x60.jpg\" sizes=\"(max-width: 669px) 100vw, 669px\" srcset=\"http:\/\/www.rivadaviamendoza.gob.ar\/hcd\/wp-content\/uploads\/2017\/02\/encabezado-300x60.jpg 300w, http:\/\/www.rivadaviamendoza.gob.ar\/hcd\/wp-content\/uploads\/2017\/02\/encabezado-768x153.jpg 768w, http:\/\/www.rivadaviamendoza.gob.ar\/hcd\/wp-content\/uploads\/2017\/02\/encabezado-1024x203.jpg 1024w\" alt=\"\" width=\"669\" height=\"134\" \/><\/strong><\/p>\n<p style=\"text-align: center;\"><strong>DECLARACI\u00d3N N\u00ba 12<\/strong><\/p>\n<p style=\"text-align: justify;\"><strong>VISTO:<\/strong><br \/>\nLa movilizaci\u00f3n mundial del 01 al 09 de octubre de 2010 en la que decenas de adolescentes y j\u00f3venes, levantando la bandera de los valores como la alternativa de la vida y la posibilidad del cambio ante un mill\u00f3n de flagelos que ponen en vilo el futuro de las pr\u00f3ximas generaciones, y<\/p>\n<p style=\"text-align: justify;\"><strong>CONSIDERANDO:<\/strong><br \/>\nQue tenemos un gran problema de p\u00e9rdida de valores en nuestra sociedad.<br \/>\nQue el tipo de sociedad, el modo de vivir de nuestra sociedad postmoderna, no parece promover la vida feliz sino una vida c\u00f3moda aunque carezca de sentido.<br \/>\nQue hay una conflictividad que es interior a la persona.\u00a0 Que hay una conflictividad que es social.<br \/>\nQue somos llevados en el curso de la vida, a buscar el mejor acomodo para no ser triturado por la m\u00e1quina social.<br \/>\nQue es este proceso el que lleva a muchos j\u00f3venes de las escuelas al paro y de ah\u00ed a la evasi\u00f3n drogada o delincuente, a los mayores al materialismo y a la deshumanizaci\u00f3n.<br \/>\nQue el hombre de hoy contempla en su conciencia un gran vac\u00edo de valores, la cual no es posible separar la crisis de valores de la crisis social.<br \/>\nQue el desfallecimiento de la regulaci\u00f3n interior de la conducta se sit\u00faa en el origen de muchos comportamientos desviados entre los que cabe destacar las toxicoman\u00edas, ciertos tipos de delincuencia e incluso de la disociaci\u00f3n familiar.<br \/>\nQue los valores del ser humano y de la sociedad han cambiado y esto ha tra\u00eddo como consecuencia que se est\u00e9n perdiendo los valores de la familia.<br \/>\nQue la sociedad actual nos ofrece un ambiente altamente nocivo para cultivar valores humanos.<br \/>\nQue la conducta de los j\u00f3venes puede verse peligrosamente afectada por el debilitamiento de los valores morales; de ah\u00ed la necesidad de atender a la formaci\u00f3n, fortalecimiento y desarrollo de los valores en las nuevas generaciones.<br \/>\nQue la formaci\u00f3n de valores cobra una importancia capital en estos momentos, pues a escala mundial constituye una preocupaci\u00f3n la p\u00e9rdida de valores que se aprecia hoy en d\u00eda en todas las naciones.<br \/>\nQue esta problem\u00e1tica afecta de manera especial a la ni\u00f1ez y a la juventud, reflejando a trav\u00e9s de la p\u00e9rdida de valores, los problemas sociales m\u00e1s acuciantes del mundo de hoy.<br \/>\nQue la juventud de la actualidad y la crisis en los valores morales, sean tal vez porque en las nuevas generaciones se muestran los primeros frutos de todo lo que nuestra civilizaci\u00f3n planta y cultiva.<br \/>\nQue analizar la crisis de los valores morales de la juventud ser\u00e1, en gran parte, analizar la crisis de los valores morales de nuestra sociedad en general.<br \/>\nQue a los j\u00f3venes no se les puede entender si no es en el seno de la sociedad en que viven.<br \/>\nQue la juventud actual condensa y refleja los problemas y conflictos de una sociedad compleja.<br \/>\nQue para entender el alcance del cambio de valores morales, parece muy \u00fatil considerar esas tres dimensiones estrechamente interrelacionadas en los que la vida se produce hoy:<br \/>\n1. <strong>Cambios de nuevas formas de producci\u00f3n de bienes de consumo y de servicios.<\/strong> Est\u00e1n comprendidos aqu\u00ed los grandes avances tecnol\u00f3gicos que traen nuevos instrumentos de producci\u00f3n; instrumentos que permiten an\u00e1lisis avanzados de los seres y de los objetos y el propio ser humano se descubre objetivo de una reprogramaci\u00f3n. Estamos sobreentendiendo aqu\u00ed las diferentes revoluciones industriales y post-industriales, particularmente la era de la inform\u00e1tica en la que vivimos. El conocimiento tecnol\u00f3gico se vuelve una forma privilegiada de poder econ\u00f3mico y pol\u00edtico.<br \/>\n2. <strong>La producci\u00f3n de relaciones humanas.<\/strong> Directamente relacionada con los cambios instrumentales, estar\u00edan aqu\u00ed comprendidos los cambios profundos que resultan de las relaciones entre los seres humanos, sean grupos, clases, sociedades, individuos y de los seres humanos con su ambiente. La globalizaci\u00f3n, en sus diferentes sentidos, sin duda tambi\u00e9n estar\u00eda aqu\u00ed presente. La acumulaci\u00f3n de bienes y las formas de poder producirlos agudiza las formas de pobreza y se vuelven en desigualdades profundas e incluso en exclusi\u00f3n de personas y pueblos de la red de relaciones.<br \/>\n3. <strong>La producci\u00f3n de sentido y de significado con que vemos las cosas<\/strong>, los seres vivos, a nuestros semejantes y a nosotros mismos; con tales significados entendemos y proyectamos la vida en sus varias dimensiones. Existe una interrelaci\u00f3n estrecha que entrelaza las formas como producimos y consumimos los bienes, con el horizonte de significado que alimenta la vida. Son suficientemente conocidas las alusiones al consumismo que, cuando se observa, no s\u00f3lo afecta el juego econ\u00f3mico, sino tambi\u00e9n nuestra propia manera de ser. La acentuaci\u00f3n del individualismo, la autonom\u00eda de los sujetos, las exigencias de la subjetividad; la consecuente percepci\u00f3n de pluralismo; el nuevo ritmo de vida inserto en nuevas especialidades y temporalidades; el reconocimiento de la complejidad de la realidad; \u00e9stos son algunos ejemplos de incidencias actuales en esta \u00e1rea. Se habla sobre todo de un mundo en crisis de sentido o de cambio de paradigmas.<\/p>\n<p style=\"text-align: justify;\"><strong>POR ELLO:<\/strong><br \/>\nEl Concejo Deliberante de Rivadavia, Mendoza, y en uso de sus facultades:<\/p>\n<p style=\"text-align: center;\"><strong>DECLARA<\/strong><\/p>\n<p style=\"text-align: justify;\"><strong>Art\u00edculo 1\u00b0:<\/strong> El Concejo Deliberante de Rivadavia, provincia de Mendoza, declara de Inter\u00e9s Departamental las jornadas que se realizar\u00e1n del 01 al 10 de octubre del corriente a\u00f1o, con diferentes actividades programadas en todo el departamento de Rivadavia en el marco del <strong>D\u00cdA MUNDIAL DE LA JUVENTUD CON VALORES<\/strong><\/p>\n<p style=\"text-align: justify;\"><strong>Art\u00edculo 2\u00b0:<\/strong> Solicitar al Departamento Ejecutivo Municipal, para que a trav\u00e9s del \u00c1rea de Prensa\u00a0 se de amplia difusi\u00f3n y se invite a participar de las mencionadas actividades a las que se refiere el Art\u00edculo 1\u00b0 de la presente norma.<\/p>\n<p style=\"text-align: justify;\"><strong>Art\u00edculo 3\u00b0:<\/strong> Rem\u00edtase copia de la presente norma legal al Pastor OMAR ERNESTO CORONEL del Centro de Adoraci\u00f3n Cristiana de nuestro Departamento.<\/p>\n<p style=\"text-align: justify;\"><strong>Art\u00edculo 4\u00b0:<\/strong> Comun\u00edquese al Departamento Ejecutivo a sus efectos, e ins\u00e9rtese en el Libro de Declaraciones de este Cuerpo.<\/p>\n<p style=\"text-align: justify;\">Dada en la Sala de Sesiones \u201cBandera Nacional Argentina\u201d, del Concejo Deliberante de Rivadavia, Mendoza, a los 10 d\u00edas del mes de agosto de 2010.<\/p>\n<table>\n<tbody>\n<tr>\n<td style=\"text-align: center;\">ORLANDO JAVIER RODRIGUEZ<\/td>\n<td style=\"text-align: center;\">MAURICIO DI C\u00c9SARE<\/td>\n<\/tr>\n<tr>\n<td style=\"text-align: center;\">SECRETARIO C.D.<\/td>\n<td style=\"text-align: center;\">PRESIDENTE C.D.<\/td>\n<\/tr>\n<\/tbody>\n<\/table>\n<p style=\"text-align: right;\">Cpde. Expte. N\u00ba 2010-00233-1 C.D.<\/p>\n","protected":false},"excerpt":{"rendered":"<p>DECLARACI\u00d3N N\u00ba 12 VISTO: La movilizaci\u00f3n mundial del 01 al 09 de octubre de 2010 en la que decenas de adolescentes y j\u00f3venes, levantando la bandera de los valores como la alternativa de la vida y la posibilidad del cambio ante un mill\u00f3n de flagelos que ponen en vilo el futuro de las pr\u00f3ximas generaciones, [&hellip;]<\/p>\n","protected":false},"author":1,"featured_media":4276,"comment_status":"closed","ping_status":"closed","sticky":false,"template":"","format":"standard","meta":{"_acf_changed":false,"footnotes":""},"categories":[66],"tags":[],"class_list":["post-5101","post","type-post","status-publish","format-standard","has-post-thumbnail","hentry","category-declaraciones"],"acf":[],"_links":{"self":[{"href":"https:\/\/coworkdigital.com.ar\/hcd\/wp-json\/wp\/v2\/posts\/5101","targetHints":{"allow":["GET"]}}],"collection":[{"href":"https:\/\/coworkdigital.com.ar\/hcd\/wp-json\/wp\/v2\/posts"}],"about":[{"href":"https:\/\/coworkdigital.com.ar\/hcd\/wp-json\/wp\/v2\/types\/post"}],"author":[{"embeddable":true,"href":"https:\/\/coworkdigital.com.ar\/hcd\/wp-json\/wp\/v2\/users\/1"}],"replies":[{"embeddable":true,"href":"https:\/\/coworkdigital.com.ar\/hcd\/wp-json\/wp\/v2\/comments?post=5101"}],"version-history":[{"count":0,"href":"https:\/\/coworkdigital.com.ar\/hcd\/wp-json\/wp\/v2\/posts\/5101\/revisions"}],"wp:featuredmedia":[{"embeddable":true,"href":"https:\/\/coworkdigital.com.ar\/hcd\/wp-json\/wp\/v2\/media\/4276"}],"wp:attachment":[{"href":"https:\/\/coworkdigital.com.ar\/hcd\/wp-json\/wp\/v2\/media?parent=5101"}],"wp:term":[{"taxonomy":"category","embeddable":true,"href":"https:\/\/coworkdigital.com.ar\/hcd\/wp-json\/wp\/v2\/categories?post=5101"},{"taxonomy":"post_tag","embeddable":true,"href":"https:\/\/coworkdigital.com.ar\/hcd\/wp-json\/wp\/v2\/tags?post=5101"}],"curies":[{"name":"wp","href":"https:\/\/api.w.org\/{rel}","templated":true}]}}