{"id":5103,"date":"2010-08-10T23:20:40","date_gmt":"2010-08-10T23:20:40","guid":{"rendered":"http:\/\/www.rivadaviamendoza.gob.ar\/hcd\/?p=5103"},"modified":"2010-08-10T23:20:40","modified_gmt":"2010-08-10T23:20:40","slug":"declaracion-11-2010","status":"publish","type":"post","link":"https:\/\/coworkdigital.com.ar\/hcd\/declaracion-11-2010\/","title":{"rendered":"Declaraci\u00f3n 11-2010"},"content":{"rendered":"<p style=\"text-align: center;\"><strong><img fetchpriority=\"high\" decoding=\"async\" class=\"wp-image-1054 aligncenter\" src=\"http:\/\/rd.gov.ar\/wp4\/wp-content\/uploads\/2017\/02\/encabezado-300x60.jpg\" sizes=\"(max-width: 669px) 100vw, 669px\" srcset=\"http:\/\/www.rivadaviamendoza.gob.ar\/hcd\/wp-content\/uploads\/2017\/02\/encabezado-300x60.jpg 300w, http:\/\/www.rivadaviamendoza.gob.ar\/hcd\/wp-content\/uploads\/2017\/02\/encabezado-768x153.jpg 768w, http:\/\/www.rivadaviamendoza.gob.ar\/hcd\/wp-content\/uploads\/2017\/02\/encabezado-1024x203.jpg 1024w\" alt=\"\" width=\"669\" height=\"134\" \/><\/strong><\/p>\n<p style=\"text-align: center;\"><strong>DECLARACI\u00d3N N\u00ba 11<\/strong><\/p>\n<p style=\"text-align: justify;\"><strong>VISTO:<\/strong><br \/>\nLa importancia de la \u201cXVII Edici\u00f3n de la Feria Agro Industrial 2010\u201d, que a\u00f1o tras a\u00f1o se lleva a cabo desde el a\u00f1o 1995 y que en esta oportunidad tendr\u00e1 lugar los d\u00edas 01, 02 y 03 de octubre en el Predio del Polideportivo Municipal, y<\/p>\n<p style=\"text-align: justify;\"><strong>CONSIDERANDO:<\/strong><br \/>\nQue mediante la realizaci\u00f3n de la \u201cXVII Feria Agro Industrial 2010\u201d, se fomenta la integraci\u00f3n econ\u00f3mica regional, que pese a la crisis que nos afecta permitir\u00eda la posibilidad de lograr la apertura a nuevos mercados para los productores e industriales, en especial en nuestro Departamento.<br \/>\nQue gran cantidad de expositores se dan cita en cada una de las ediciones que a\u00f1o tras a\u00f1o se realizan en la Feria.<br \/>\nQue en el a\u00f1o 2008 y ante el crecimiento alcanzado durante todos estos a\u00f1os la Feria se traslada dentro del mismo predio pero a un espacio m\u00e1s amplio para contener la gran demanda de expositores y p\u00fablico en general.<br \/>\nQue es por ello que a partir de la XV Edici\u00f3n de la Feria Agro Industrial, se implement\u00f3 una nueva tem\u00e1tica en la realizaci\u00f3n de la misma, agregando reuniones de negocios nacionales e internacionales, dando la posibilidad a nuestros empresarios de realizar nuevas e importantes transacciones comerciales, con la posibilidad cierta de venta de sus productos y de sus servicios a otras latitudes, que benefician a la econom\u00eda departamental de la regi\u00f3n.<br \/>\nQue adem\u00e1s, se realizan charlas t\u00e9cnicas a cargo de especialistas en las \u00e1reas de producci\u00f3n, servicios y comercio.<br \/>\nQue en esta Edici\u00f3n XVII se siguen profundizando los cambios ya realizados para lograr posicionar nuestra Feria Agro Industrial como la m\u00e1s importante del Centro Oeste argentino.<br \/>\nQue como a\u00f1o tras a\u00f1o, en esta Edici\u00f3n se implementar\u00e1 la Feria Activa donde el expositor dispondr\u00e1 de espacios naturales para la demostraci\u00f3n de sus maquinarias, productos y sistemas.<\/p>\n<p style=\"text-align: justify;\"><strong>POR ELLO:<\/strong><br \/>\nEl Concejo Deliberante de Rivadavia, Mendoza, y en uso de sus facultades:<\/p>\n<p style=\"text-align: center;\"><strong>DECLARA<\/strong><\/p>\n<p style=\"text-align: justify;\"><strong>Art\u00edculo 1\u00b0:<\/strong> El Concejo Deliberante de Rivadavia, provincia de Mendoza, declara de Inter\u00e9s Departamental a la XVII FERIA AGRO INDUSTRIAL 2010\u201d, que se realizar\u00e1 en el predio del Polideportivo Municipal los d\u00edas 01, 02 y 03 de octubre de 2010.<\/p>\n<p style=\"text-align: justify;\"><strong>Art\u00edculo 2\u00b0:<\/strong> Inv\u00edtese a los comerciantes, industriales y productores agropecuarios de la zona para que participen de la muestra.<\/p>\n<p style=\"text-align: justify;\"><strong>Art\u00edculo 3\u00b0:<\/strong> Remitir copia de la presente pieza legal al Director de Desarrollo Econ\u00f3mico y Turismo de la Municipalidad de Rivadavia.<\/p>\n<p style=\"text-align: justify;\"><strong>Art\u00edculo 4\u00b0:<\/strong> Comun\u00edquese al Departamento Ejecutivo a sus efectos, e ins\u00e9rtese en el Libro de Declaraciones de este Cuerpo.<\/p>\n<p style=\"text-align: justify;\">Dada en la Sala de Sesiones \u201cBandera Nacional Argentina\u201d, del Concejo Deliberante de Rivadavia, Mendoza, a los 10 d\u00edas del mes de agosto de 2010.<\/p>\n<table>\n<tbody>\n<tr>\n<td style=\"text-align: center;\">ORLANDO JAVIER RODRIGUEZ<\/td>\n<td style=\"text-align: center;\">MAURICIO DI C\u00c9SARE<\/td>\n<\/tr>\n<tr>\n<td style=\"text-align: center;\">SECRETARIO C.D.<\/td>\n<td style=\"text-align: center;\">PRESIDENTE C.D.<\/td>\n<\/tr>\n<\/tbody>\n<\/table>\n<p style=\"text-align: right;\">Cpde. Expte. N\u00ba 2010-00231-5 C.D.<\/p>\n","protected":false},"excerpt":{"rendered":"<p>DECLARACI\u00d3N N\u00ba 11 VISTO: La importancia de la \u201cXVII Edici\u00f3n de la Feria Agro Industrial 2010\u201d, que a\u00f1o tras a\u00f1o se lleva a cabo desde el a\u00f1o 1995 y que en esta oportunidad tendr\u00e1 lugar los d\u00edas 01, 02 y 03 de octubre en el Predio del Polideportivo Municipal, y CONSIDERANDO: Que mediante la realizaci\u00f3n [&hellip;]<\/p>\n","protected":false},"author":1,"featured_media":4276,"comment_status":"closed","ping_status":"closed","sticky":false,"template":"","format":"standard","meta":{"_acf_changed":false,"footnotes":""},"categories":[66],"tags":[],"class_list":["post-5103","post","type-post","status-publish","format-standard","has-post-thumbnail","hentry","category-declaraciones"],"acf":[],"_links":{"self":[{"href":"https:\/\/coworkdigital.com.ar\/hcd\/wp-json\/wp\/v2\/posts\/5103","targetHints":{"allow":["GET"]}}],"collection":[{"href":"https:\/\/coworkdigital.com.ar\/hcd\/wp-json\/wp\/v2\/posts"}],"about":[{"href":"https:\/\/coworkdigital.com.ar\/hcd\/wp-json\/wp\/v2\/types\/post"}],"author":[{"embeddable":true,"href":"https:\/\/coworkdigital.com.ar\/hcd\/wp-json\/wp\/v2\/users\/1"}],"replies":[{"embeddable":true,"href":"https:\/\/coworkdigital.com.ar\/hcd\/wp-json\/wp\/v2\/comments?post=5103"}],"version-history":[{"count":0,"href":"https:\/\/coworkdigital.com.ar\/hcd\/wp-json\/wp\/v2\/posts\/5103\/revisions"}],"wp:featuredmedia":[{"embeddable":true,"href":"https:\/\/coworkdigital.com.ar\/hcd\/wp-json\/wp\/v2\/media\/4276"}],"wp:attachment":[{"href":"https:\/\/coworkdigital.com.ar\/hcd\/wp-json\/wp\/v2\/media?parent=5103"}],"wp:term":[{"taxonomy":"category","embeddable":true,"href":"https:\/\/coworkdigital.com.ar\/hcd\/wp-json\/wp\/v2\/categories?post=5103"},{"taxonomy":"post_tag","embeddable":true,"href":"https:\/\/coworkdigital.com.ar\/hcd\/wp-json\/wp\/v2\/tags?post=5103"}],"curies":[{"name":"wp","href":"https:\/\/api.w.org\/{rel}","templated":true}]}}