{"id":5105,"date":"2010-06-29T10:38:11","date_gmt":"2010-06-29T10:38:11","guid":{"rendered":"http:\/\/www.rivadaviamendoza.gob.ar\/hcd\/?p=5105"},"modified":"2010-06-29T10:38:11","modified_gmt":"2010-06-29T10:38:11","slug":"declaracion-10-2010","status":"publish","type":"post","link":"https:\/\/coworkdigital.com.ar\/hcd\/declaracion-10-2010\/","title":{"rendered":"Declaraci\u00f3n 10-2010"},"content":{"rendered":"<p style=\"text-align: center;\"><strong><img fetchpriority=\"high\" decoding=\"async\" class=\"wp-image-1054 aligncenter\" src=\"http:\/\/rd.gov.ar\/wp4\/wp-content\/uploads\/2017\/02\/encabezado-300x60.jpg\" sizes=\"(max-width: 669px) 100vw, 669px\" srcset=\"http:\/\/www.rivadaviamendoza.gob.ar\/hcd\/wp-content\/uploads\/2017\/02\/encabezado-300x60.jpg 300w, http:\/\/www.rivadaviamendoza.gob.ar\/hcd\/wp-content\/uploads\/2017\/02\/encabezado-768x153.jpg 768w, http:\/\/www.rivadaviamendoza.gob.ar\/hcd\/wp-content\/uploads\/2017\/02\/encabezado-1024x203.jpg 1024w\" alt=\"\" width=\"669\" height=\"134\" \/><\/strong><\/p>\n<p style=\"text-align: center;\"><strong>DECLARACI\u00d3N N\u00ba 10<\/strong><\/p>\n<p style=\"text-align: justify;\"><strong>VISTO:<br \/>\n<\/strong>La necesidad que existe en nuestro hospital de poder contar con una sala de unidad de terapia intensiva, unidad coronaria y sala de cuidados intermedios, y<\/p>\n<p style=\"text-align: justify;\"><strong>CONSIDERANDO:<\/strong><br \/>\nQue el panorama de colapso que evidencia la atenci\u00f3n de la salud de los enfermos de alto riesgo, motiva la necesidad de tomar decisiones estructurales y estrat\u00e9gicas a corto plazo.<br \/>\nQue ante el reiterado estado de demanda insatisfecha en que se ven involucrados los centros de atenci\u00f3n primaria sat\u00e9lites y la ausencia de sectores para pacientes de alto riesgo, no se puede reaccionar coyunturalmente con actos m\u00e9dicos aislados que pone en riesgo la salud de los pacientes, habida cuenta que en el hospital, sin tener la unidades anteriormente citadas, se est\u00e1n efectuando cirug\u00edas mayores (reemplazo de cadera, cirug\u00edas abdominales) sin el respaldo del sector necesario que son las unidades de cuidados intensivos.<br \/>\nQue los recursos humanos y la estructura de servicios se encuentra con capacidad operativa del 50% de su porcentaje ocupacional, lo que da una clara idea que es un hospital sin\u00a0 clientela y la poblaci\u00f3n se dirige a los centros que cuentan con el tercer nivel de atenci\u00f3n (San Mart\u00edn o Ciudad de Mendoza).<br \/>\nQue lo concreto es que las crisis, adem\u00e1s de amenazas, presentan oportunidades. La emergencia que nos afecta hoy no es fruto de la casualidad, sino el resultado de nuestras decisiones equivocadas. Hoy tenemos la responsabilidad de decidir sobre la calidad de atenci\u00f3n emergentol\u00f3gica para un departamento con m\u00e1s de 60 mil habitantes y, en especial, para aquellos pacientes de menores recursos y por ende de mayor riesgo. Por otra parte, la funci\u00f3n de los servicios de cuidados intensivos son atendidos por especialistas y enfermer\u00eda especializados para atender a pacientes de muy alto riesgo.<br \/>\nQue por eso, la funci\u00f3n de los cuidados intensivos, es tratar de retornar a los pacientes a una estabilidad vital compatibles con tratamientos y cuidados intermedios, una vez recuperados de\u00a0 riesgo extremo.<br \/>\nQue nadie desconoce de los costos son una limitante para la habilitaci\u00f3n de servicios de estas caracter\u00edsticas; cuando hablamos de costos nos referimos a recursos humanos, tecnol\u00f3gicos e insumos. Pero los beneficios de salvar vidas no se pueden medir ni valorar desde el punto de vista exclusivamente economicista y all\u00ed es donde el Estado debe estar presente.<br \/>\nQue es real que en una unidad de cuidados intensivos no ocurren milagros, pero creemos que ha de cambiar el concepto de irreversibilidad de las enfermedades.<br \/>\nQue si un paciente tiene una patolog\u00eda grave o muy grave, potencialmente irreversible, tiene el derecho inalienable de recibir la mejor atenci\u00f3n, con los mejores recursos y en su lugar habitual de residencia, y no morir en una ambulancia de traslado.<br \/>\nQue hasta ahora s\u00f3lo hemos evaluado el traslado y la intervenci\u00f3n del paciente. No debemos olvidar que a su lado hay familiares y seres queridos de su entorno que sufren el desarraigo, las penurias econ\u00f3micas y los d\u00edas y noches lejos de su hogar, etc., lo que agrava a\u00fan m\u00e1s la situaci\u00f3n.<br \/>\nQue por otra parte, en el departamento y zonas vecinas, se cuenta con profesionales especializados en terapia intensiva.<\/p>\n<p style=\"text-align: justify;\"><strong>POR ELLO:<\/strong><br \/>\nEl Concejo Deliberante de Rivadavia, Mendoza, y en uso de sus facultades:<\/p>\n<p style=\"text-align: center;\"><strong>DECLARA<\/strong><\/p>\n<p style=\"text-align: justify;\"><strong>Art\u00edculo 1\u00ba:<\/strong> El Concejo Deliberante de Rivadavia, provincia de Mendoza, ver\u00eda con agrado que el Departamento Ejecutivo Departamental realice las gestiones correspondientes ante el Ejecutivo Provincial, para que incluya en su partida presupuestaria 2011, la suma correspondiente para la construcci\u00f3n de la Unidad de Terapia Intensiva, Unidad Coronaria y Sala de cuidado intermedio del Hospital \u201cDr Carlos Saporiti\u201d.<\/p>\n<p style=\"text-align: justify;\"><strong>Art\u00edculo 2\u00ba:<\/strong> Comun\u00edquese al Departamento Ejecutivo a sus efectos, e ins\u00e9rtese en el Libro de Declaraciones de este Cuerpo.<\/p>\n<p style=\"text-align: justify;\">Dada en la Sala de Sesiones \u201cBandera Nacional Argentina\u201d, del Concejo Deliberante de Rivadavia, Mendoza, a los 29 d\u00edas del mes de junio de 2010.<\/p>\n<table>\n<tbody>\n<tr>\n<td style=\"text-align: center;\">ORLANDO JAVIER RODRIGUEZ<\/td>\n<td style=\"text-align: center;\">MAURICIO DI C\u00c9SARE<\/td>\n<\/tr>\n<tr>\n<td style=\"text-align: center;\">SECRETARIO C.D.<\/td>\n<td style=\"text-align: center;\">PRESIDENTE C.D.<\/td>\n<\/tr>\n<\/tbody>\n<\/table>\n<p style=\"text-align: right;\">Cpde. Expte. N\u00ba 2010-00166-3 C.D.<\/p>\n","protected":false},"excerpt":{"rendered":"<p>DECLARACI\u00d3N N\u00ba 10 VISTO: La necesidad que existe en nuestro hospital de poder contar con una sala de unidad de terapia intensiva, unidad coronaria y sala de cuidados intermedios, y CONSIDERANDO: Que el panorama de colapso que evidencia la atenci\u00f3n de la salud de los enfermos de alto riesgo, motiva la necesidad de tomar decisiones [&hellip;]<\/p>\n","protected":false},"author":1,"featured_media":4276,"comment_status":"closed","ping_status":"closed","sticky":false,"template":"","format":"standard","meta":{"_acf_changed":false,"footnotes":""},"categories":[66],"tags":[],"class_list":["post-5105","post","type-post","status-publish","format-standard","has-post-thumbnail","hentry","category-declaraciones"],"acf":[],"_links":{"self":[{"href":"https:\/\/coworkdigital.com.ar\/hcd\/wp-json\/wp\/v2\/posts\/5105","targetHints":{"allow":["GET"]}}],"collection":[{"href":"https:\/\/coworkdigital.com.ar\/hcd\/wp-json\/wp\/v2\/posts"}],"about":[{"href":"https:\/\/coworkdigital.com.ar\/hcd\/wp-json\/wp\/v2\/types\/post"}],"author":[{"embeddable":true,"href":"https:\/\/coworkdigital.com.ar\/hcd\/wp-json\/wp\/v2\/users\/1"}],"replies":[{"embeddable":true,"href":"https:\/\/coworkdigital.com.ar\/hcd\/wp-json\/wp\/v2\/comments?post=5105"}],"version-history":[{"count":0,"href":"https:\/\/coworkdigital.com.ar\/hcd\/wp-json\/wp\/v2\/posts\/5105\/revisions"}],"wp:featuredmedia":[{"embeddable":true,"href":"https:\/\/coworkdigital.com.ar\/hcd\/wp-json\/wp\/v2\/media\/4276"}],"wp:attachment":[{"href":"https:\/\/coworkdigital.com.ar\/hcd\/wp-json\/wp\/v2\/media?parent=5105"}],"wp:term":[{"taxonomy":"category","embeddable":true,"href":"https:\/\/coworkdigital.com.ar\/hcd\/wp-json\/wp\/v2\/categories?post=5105"},{"taxonomy":"post_tag","embeddable":true,"href":"https:\/\/coworkdigital.com.ar\/hcd\/wp-json\/wp\/v2\/tags?post=5105"}],"curies":[{"name":"wp","href":"https:\/\/api.w.org\/{rel}","templated":true}]}}