{"id":5111,"date":"2010-06-01T11:28:22","date_gmt":"2010-06-01T11:28:22","guid":{"rendered":"http:\/\/www.rivadaviamendoza.gob.ar\/hcd\/?p=5111"},"modified":"2010-06-01T11:28:22","modified_gmt":"2010-06-01T11:28:22","slug":"declaracion-07-2010","status":"publish","type":"post","link":"https:\/\/coworkdigital.com.ar\/hcd\/declaracion-07-2010\/","title":{"rendered":"Declaraci\u00f3n 07-2010"},"content":{"rendered":"<p style=\"text-align: center;\"><strong><img fetchpriority=\"high\" decoding=\"async\" class=\"wp-image-1054 aligncenter\" src=\"http:\/\/rd.gov.ar\/wp4\/wp-content\/uploads\/2017\/02\/encabezado-300x60.jpg\" sizes=\"(max-width: 669px) 100vw, 669px\" srcset=\"http:\/\/www.rivadaviamendoza.gob.ar\/hcd\/wp-content\/uploads\/2017\/02\/encabezado-300x60.jpg 300w, http:\/\/www.rivadaviamendoza.gob.ar\/hcd\/wp-content\/uploads\/2017\/02\/encabezado-768x153.jpg 768w, http:\/\/www.rivadaviamendoza.gob.ar\/hcd\/wp-content\/uploads\/2017\/02\/encabezado-1024x203.jpg 1024w\" alt=\"\" width=\"669\" height=\"134\" \/><\/strong><\/p>\n<p style=\"text-align: center;\"><strong>DECLARACI\u00d3N N\u00ba 7<\/strong><\/p>\n<p style=\"text-align: justify;\"><strong>VISTO:<br \/>\n<\/strong>La importancia de la Estaci\u00f3n de Servicio del Distrito La Central del se\u00f1or Alejandro Al\u00ed El Musri, para los vecinos de la zona como as\u00ed tambi\u00e9n los transportistas que circulan habitualmente por la Ruta Provincial N\u00ba 71 que vincula la Ruta Provincial N\u00ba 153, que une Las Catitas con Monte Com\u00e1n del Sur de la provincia y Ruta Nacional N\u00ba 7, y<\/p>\n<p style=\"text-align: justify;\"><strong>CONSIDERANDO:<\/strong><br \/>\nQue en dicha estaci\u00f3n se producir\u00e1 el cierre debido a que la empresa proveedora Y.P.F.\u00a0 S.A. aduce que no le es rentable seguir abasteciendo la misma.<br \/>\nQue la estaci\u00f3n de servicio inici\u00f3 sus actividades en el a\u00f1o 1959, siempre comercializando productos YPF, operando bajo la figura de concesi\u00f3n.<br \/>\nQue en el a\u00f1o 1971, se construy\u00f3 la actual estaci\u00f3n de servicio, a la cual se le realizaron varias modificaciones y adecuaciones acorde a las exigencias de la petrolera y su organismo controlador.<br \/>\nQue el cierre de dicha estaci\u00f3n tendr\u00eda una repercusi\u00f3n negativa en los habitantes de la zona, puesto que toda la maquinaria agr\u00edcola (tractores, camiones, veh\u00edculos particulares) no tendr\u00edan donde abastecerse, desde la Ruta Nacional N\u00ba7 hasta Monte Com\u00e1n, el Distrito El Mirador, Los Campamentos y El Divisadero, con un alcance de aproximadamente de m\u00e1s de 200 Km, que se encuetran sin proveedores de combustible.<br \/>\nQue seg\u00fan estudios, esta estaci\u00f3n obtendr\u00eda pertenecer a la Red XXI, cuya consecuencia ser\u00eda de valioso aporte para el incremento de las ventas y de esta manera otorgar y brindar un mejor servicio a los vecinos.<\/p>\n<p style=\"text-align: justify;\"><strong>POR ELLO:<\/strong><br \/>\nEl Concejo Deliberante de Rivadavia, Mendoza, y en uso de sus facultades:<\/p>\n<p style=\"text-align: center;\"><strong>DECLARA<\/strong><\/p>\n<p style=\"text-align: justify;\"><strong>Art\u00edculo 1\u00ba:<\/strong> El Concejo Deliberante de Rivadavia, provincia de Mendoza, declara de Inter\u00e9s Departamental el servicio que presta la Estaci\u00f3n de Servicio YPF, del Distrito La Central, propiedad del se\u00f1or El Musri Alejandro Al\u00ed.<\/p>\n<p style=\"text-align: justify;\"><strong>Art\u00edculo 2\u00ba:<\/strong> Lo normado en el Art\u00edculo 1\u00ba de la presente, no demandar\u00e1 niguna erogaci\u00f3n al Departamento Ejecutivo.<\/p>\n<p style=\"text-align: justify;\"><strong>Art\u00edculo 3\u00ba:<\/strong> Rem\u00edtase copia de la presente pieza legal, al Departamento de Comercializaci\u00f3n de la Empresa Y.P.F. S.A., Capital Federal, para su conocimiento y dem\u00e1s efectos.<\/p>\n<p style=\"text-align: justify;\"><strong>Art\u00edculo 4\u00ba:<\/strong> Rem\u00edtase copia de la presente Declaraci\u00f3n, al se\u00f1or Alejandro Al\u00ed El Musri, para su conocimiento.<\/p>\n<p style=\"text-align: justify;\"><strong>Art\u00edculo 5\u00ba:<\/strong> Comun\u00edquese al Departamento Ejecutivo, a sus efectos e ins\u00e9rtese en el Libro de Declaraciones de este Cuerpo.<\/p>\n<p style=\"text-align: justify;\">Dada en la Sala de Sesiones \u201cBandera Nacional Argentina\u201d, del Concejo Deliberante de Rivadavia, Mendoza, a los 01 d\u00edas del mes de junio de 2010.<\/p>\n<table>\n<tbody>\n<tr>\n<td style=\"text-align: center;\">ORLANDO JAVIER RODRIGUEZ<\/td>\n<td style=\"text-align: center;\">MAURICIO DI C\u00c9SARE<\/td>\n<\/tr>\n<tr>\n<td style=\"text-align: center;\">SECRETARIO C.D.<\/td>\n<td style=\"text-align: center;\">PRESIDENTE C.D.<\/td>\n<\/tr>\n<\/tbody>\n<\/table>\n<p style=\"text-align: right;\">Cpde. Expte. N\u00ba 2010-00122-6 C.D<\/p>\n","protected":false},"excerpt":{"rendered":"<p>DECLARACI\u00d3N N\u00ba 7 VISTO: La importancia de la Estaci\u00f3n de Servicio del Distrito La Central del se\u00f1or Alejandro Al\u00ed El Musri, para los vecinos de la zona como as\u00ed tambi\u00e9n los transportistas que circulan habitualmente por la Ruta Provincial N\u00ba 71 que vincula la Ruta Provincial N\u00ba 153, que une Las Catitas con Monte Com\u00e1n [&hellip;]<\/p>\n","protected":false},"author":1,"featured_media":4276,"comment_status":"closed","ping_status":"closed","sticky":false,"template":"","format":"standard","meta":{"_acf_changed":false,"footnotes":""},"categories":[66],"tags":[],"class_list":["post-5111","post","type-post","status-publish","format-standard","has-post-thumbnail","hentry","category-declaraciones"],"acf":[],"_links":{"self":[{"href":"https:\/\/coworkdigital.com.ar\/hcd\/wp-json\/wp\/v2\/posts\/5111","targetHints":{"allow":["GET"]}}],"collection":[{"href":"https:\/\/coworkdigital.com.ar\/hcd\/wp-json\/wp\/v2\/posts"}],"about":[{"href":"https:\/\/coworkdigital.com.ar\/hcd\/wp-json\/wp\/v2\/types\/post"}],"author":[{"embeddable":true,"href":"https:\/\/coworkdigital.com.ar\/hcd\/wp-json\/wp\/v2\/users\/1"}],"replies":[{"embeddable":true,"href":"https:\/\/coworkdigital.com.ar\/hcd\/wp-json\/wp\/v2\/comments?post=5111"}],"version-history":[{"count":0,"href":"https:\/\/coworkdigital.com.ar\/hcd\/wp-json\/wp\/v2\/posts\/5111\/revisions"}],"wp:featuredmedia":[{"embeddable":true,"href":"https:\/\/coworkdigital.com.ar\/hcd\/wp-json\/wp\/v2\/media\/4276"}],"wp:attachment":[{"href":"https:\/\/coworkdigital.com.ar\/hcd\/wp-json\/wp\/v2\/media?parent=5111"}],"wp:term":[{"taxonomy":"category","embeddable":true,"href":"https:\/\/coworkdigital.com.ar\/hcd\/wp-json\/wp\/v2\/categories?post=5111"},{"taxonomy":"post_tag","embeddable":true,"href":"https:\/\/coworkdigital.com.ar\/hcd\/wp-json\/wp\/v2\/tags?post=5111"}],"curies":[{"name":"wp","href":"https:\/\/api.w.org\/{rel}","templated":true}]}}