{"id":5113,"date":"2010-05-18T11:40:49","date_gmt":"2010-05-18T11:40:49","guid":{"rendered":"http:\/\/www.rivadaviamendoza.gob.ar\/hcd\/?p=5113"},"modified":"2010-05-18T11:40:49","modified_gmt":"2010-05-18T11:40:49","slug":"declaracion-06-2010","status":"publish","type":"post","link":"https:\/\/coworkdigital.com.ar\/hcd\/declaracion-06-2010\/","title":{"rendered":"Declaraci\u00f3n 06-2010"},"content":{"rendered":"<p style=\"text-align: center;\"><strong><img fetchpriority=\"high\" decoding=\"async\" class=\"wp-image-1054 aligncenter\" src=\"http:\/\/rd.gov.ar\/wp4\/wp-content\/uploads\/2017\/02\/encabezado-300x60.jpg\" sizes=\"(max-width: 669px) 100vw, 669px\" srcset=\"http:\/\/www.rivadaviamendoza.gob.ar\/hcd\/wp-content\/uploads\/2017\/02\/encabezado-300x60.jpg 300w, http:\/\/www.rivadaviamendoza.gob.ar\/hcd\/wp-content\/uploads\/2017\/02\/encabezado-768x153.jpg 768w, http:\/\/www.rivadaviamendoza.gob.ar\/hcd\/wp-content\/uploads\/2017\/02\/encabezado-1024x203.jpg 1024w\" alt=\"\" width=\"669\" height=\"134\" \/><\/strong><\/p>\n<p style=\"text-align: center;\"><strong>DECLARACI\u00d3N N\u00ba 6<\/strong><\/p>\n<p style=\"text-align: justify;\"><strong>VISTO:<br \/>\n<\/strong>El Expediente N\u00b0 2010 -00012-9, caratulado Adolfo Lanzaveccia, solicita Declarar de Inter\u00e9s Cultural Departamental el \u201cFestival de T\u00edteres La T\u00eda Tomasa\u201d, y<\/p>\n<p style=\"text-align: justify;\"><strong>CONSIDERANDO:<br \/>\n<\/strong>Que el\u00a0 Festival de T\u00edteres \u201cLa T\u00eda Tomasa\u201d nace en el a\u00f1o 1996 con motivo de festejar el \u201cD\u00eda de los Jardines Maternales\u201d, recordando a la docente pionera en las salas de jard\u00edn, Srta. Rosa Vera Pe\u00f1aloza.<br \/>\nQue este festival con 15 a\u00f1os de trayectoria, ha recorrido escuelas rurales, urbanas, especiales, secundarias y semi urbanas marginales, como tambi\u00e9n el Hogar de Ancianos, en el departamento de Rivadavia y en toda la regi\u00f3n este de la provincia de Mendoza.<br \/>\nQue en dicho festival han participado elencos de nuestra Provincia, del Pa\u00eds y titiriteros de la Rep\u00fablica de Chile, Colombia y Espa\u00f1a, generando de esta manera el contacto de los chicos de Rivadavia con culturas latinoamericanas, las que generan otras formas est\u00e9ticas y del lenguaje, enriqueciendo la cultura regional y el desarrollo humano.<br \/>\nQue el mencionado espect\u00e1culo ha sido declarado de Inter\u00e9s Educativo por la D.G.E. (Resoluci\u00f3n N\u00ba 3822-08) y cuenta con el apoyo de los Municipios de la Zona Este, de algunos comercios locales, del Instituto Nacional del Teatro y por la Secretar\u00eda de Cultura de la Provincia.<br \/>\nQue es de suma trascendencia promover el desarrollo y la gesti\u00f3n cultural regional y local, integrando actividades art\u00edsticas, sociales, culturales, pedag\u00f3gicas y reflexivas; permitiendo revalorizar la actividad titiritera.<br \/>\nQue es necesario como modo concreto de expresi\u00f3n instalar el teatro en la educaci\u00f3n formal e informal.<br \/>\nQue se debe considerar al teatro de t\u00edteres como una herramienta eficaz para atenuar la cultura de la violencia instalada en la sociedad.<br \/>\nQue se deben aprovechar los recursos\u00a0 f\u00edsicos, t\u00e9cnicos y el capital humano que existe en el Departamento para la realizaci\u00f3n de este tipo de actividades.<br \/>\nQue para la organizaci\u00f3n de este festival la producci\u00f3n debe contar con recursos para pagar al contado el cachet de los elencos titiriteros, la comida, el alojamiento, parte de los pasajes, Argentores, necesidades t\u00e9cnicas, publicidad e impuestos provinciales de la D.G.R. e Ingresos Brutos.<\/p>\n<p style=\"text-align: justify;\"><strong>POR ELLO:<\/strong><br \/>\nEl Concejo Deliberante de Rivadavia, Mendoza, y en uso de sus facultades:<\/p>\n<p style=\"text-align: center;\"><strong>DECLARA<\/strong><\/p>\n<p style=\"text-align: justify;\"><strong>Art\u00edculo 1\u00ba:<\/strong> El Concejo Deliberante de Rivadavia, provincia de Mendoza, declara de Inter\u00e9s Cultural Departamental el Festival de T\u00edteres\u00a0 \u201cLa T\u00eda Tomasa\u201d, evento que tiene como finalidad fomentar la actividad titiritera como muestra de expresi\u00f3n cultural y art\u00edstica del departamento de Rivadavia.<\/p>\n<p style=\"text-align: justify;\"><strong>Art\u00edculo 2\u00ba:<\/strong> Comunicar a la Direcci\u00f3n de Cultura, a fin de que considere en los programas de la Agenda Cultural, las funciones del Elenco local de t\u00edteres \u201cLa T\u00eda Tomasa\u201d, a fin de darle difusi\u00f3n a tales actividades.<\/p>\n<p style=\"text-align: justify;\"><strong>Art\u00edculo 3\u00ba:<\/strong> Comun\u00edquese al Departamento Ejecutivo a sus efectos, e ins\u00e9rtese en el Libro de Declaraciones de este Cuerpo.<\/p>\n<p style=\"text-align: justify;\">Dada en la Sala de Sesiones Bandera Nacional Argentina, del Concejo Deliberante de Rivadavia, Mendoza, a los 18 d\u00edas del mes de mayo de 2010.<\/p>\n<table>\n<tbody>\n<tr>\n<td style=\"text-align: center;\">ORLANDO JAVIER RODRIGUEZ<\/td>\n<td style=\"text-align: center;\">MAURICIO DI C\u00c9SARE<\/td>\n<\/tr>\n<tr>\n<td style=\"text-align: center;\">SECRETARIO C.D.<\/td>\n<td style=\"text-align: center;\">PRESIDENTE C.D.<\/td>\n<\/tr>\n<\/tbody>\n<\/table>\n<p style=\"text-align: right;\">Cpde. Expte. N\u00ba 2010-00012-9 C.D.<\/p>\n","protected":false},"excerpt":{"rendered":"<p>DECLARACI\u00d3N N\u00ba 6 VISTO: El Expediente N\u00b0 2010 -00012-9, caratulado Adolfo Lanzaveccia, solicita Declarar de Inter\u00e9s Cultural Departamental el \u201cFestival de T\u00edteres La T\u00eda Tomasa\u201d, y CONSIDERANDO: Que el\u00a0 Festival de T\u00edteres \u201cLa T\u00eda Tomasa\u201d nace en el a\u00f1o 1996 con motivo de festejar el \u201cD\u00eda de los Jardines Maternales\u201d, recordando a la docente pionera [&hellip;]<\/p>\n","protected":false},"author":1,"featured_media":4276,"comment_status":"closed","ping_status":"closed","sticky":false,"template":"","format":"standard","meta":{"_acf_changed":false,"footnotes":""},"categories":[66],"tags":[],"class_list":["post-5113","post","type-post","status-publish","format-standard","has-post-thumbnail","hentry","category-declaraciones"],"acf":[],"_links":{"self":[{"href":"https:\/\/coworkdigital.com.ar\/hcd\/wp-json\/wp\/v2\/posts\/5113","targetHints":{"allow":["GET"]}}],"collection":[{"href":"https:\/\/coworkdigital.com.ar\/hcd\/wp-json\/wp\/v2\/posts"}],"about":[{"href":"https:\/\/coworkdigital.com.ar\/hcd\/wp-json\/wp\/v2\/types\/post"}],"author":[{"embeddable":true,"href":"https:\/\/coworkdigital.com.ar\/hcd\/wp-json\/wp\/v2\/users\/1"}],"replies":[{"embeddable":true,"href":"https:\/\/coworkdigital.com.ar\/hcd\/wp-json\/wp\/v2\/comments?post=5113"}],"version-history":[{"count":0,"href":"https:\/\/coworkdigital.com.ar\/hcd\/wp-json\/wp\/v2\/posts\/5113\/revisions"}],"wp:featuredmedia":[{"embeddable":true,"href":"https:\/\/coworkdigital.com.ar\/hcd\/wp-json\/wp\/v2\/media\/4276"}],"wp:attachment":[{"href":"https:\/\/coworkdigital.com.ar\/hcd\/wp-json\/wp\/v2\/media?parent=5113"}],"wp:term":[{"taxonomy":"category","embeddable":true,"href":"https:\/\/coworkdigital.com.ar\/hcd\/wp-json\/wp\/v2\/categories?post=5113"},{"taxonomy":"post_tag","embeddable":true,"href":"https:\/\/coworkdigital.com.ar\/hcd\/wp-json\/wp\/v2\/tags?post=5113"}],"curies":[{"name":"wp","href":"https:\/\/api.w.org\/{rel}","templated":true}]}}