{"id":5115,"date":"2010-04-27T11:47:15","date_gmt":"2010-04-27T11:47:15","guid":{"rendered":"http:\/\/www.rivadaviamendoza.gob.ar\/hcd\/?p=5115"},"modified":"2010-04-27T11:47:15","modified_gmt":"2010-04-27T11:47:15","slug":"declaracion-05-2010","status":"publish","type":"post","link":"https:\/\/coworkdigital.com.ar\/hcd\/declaracion-05-2010\/","title":{"rendered":"Declaraci\u00f3n 05-2010"},"content":{"rendered":"<p style=\"text-align: center;\"><strong><img fetchpriority=\"high\" decoding=\"async\" class=\"wp-image-1054 aligncenter\" src=\"http:\/\/rd.gov.ar\/wp4\/wp-content\/uploads\/2017\/02\/encabezado-300x60.jpg\" sizes=\"(max-width: 669px) 100vw, 669px\" srcset=\"http:\/\/www.rivadaviamendoza.gob.ar\/hcd\/wp-content\/uploads\/2017\/02\/encabezado-300x60.jpg 300w, http:\/\/www.rivadaviamendoza.gob.ar\/hcd\/wp-content\/uploads\/2017\/02\/encabezado-768x153.jpg 768w, http:\/\/www.rivadaviamendoza.gob.ar\/hcd\/wp-content\/uploads\/2017\/02\/encabezado-1024x203.jpg 1024w\" alt=\"\" width=\"669\" height=\"134\" \/><\/strong><\/p>\n<p style=\"text-align: center;\"><strong>DECLARACION N\u00ba 5<\/strong><\/p>\n<p style=\"text-align: justify;\"><strong>VISTO:<\/strong><br \/>\nLa necesidad de unir mediante una ciclov\u00eda las calles Cha\u00f1ar y Primavera de nuestro Departamento, con un recorrido aproximado de 3.200 metros, trazada sobre la margen Norte de calle Falucho, y<\/p>\n<p style=\"text-align: justify;\"><strong>CONSIDERANDO:<\/strong><br \/>\nQue se mejorar\u00eda la circulaci\u00f3n de ciclistas y peatones brindando seguridad y orden en su traslado.<br \/>\nQue son innumerables los estudiantes de escuelas que transitan a diario desde los Barrios Cooperativa Andrade, Formosa, Petroleros Privados, Democracia y vecinos de calles Paso de los Andes y Salado, hacia escuelas de nuestro medio.<br \/>\nQue mejorar\u00eda la seguridad de trabajadores, estudiantes y deportistas que transitan en bicicleta, como as\u00ed tambi\u00e9n peatones durante todo el a\u00f1o.<br \/>\nQue esta obra dar\u00eda mejora y continuidad a la obra en fase de ejecuci\u00f3n en la calle Cha\u00f1ar.<\/p>\n<p style=\"text-align: justify;\"><strong>POR ELLO:<\/strong><br \/>\nEl Concejo Deliberante de Rivadavia, Mendoza y en uso de sus facultades:<\/p>\n<p style=\"text-align: center;\"><strong>DECLARA<\/strong><\/p>\n<p style=\"text-align: justify;\"><strong>Art\u00edculo 1\u00ba:<\/strong> El Concejo Deliberante de Rivadavia, provincia de Mendoza, ver\u00eda con agrado que el Departamento Ejecutivo Municipal implemente los estudios de factibilidad para la construcci\u00f3n de una ciclov\u00eda entre las calles Cha\u00f1ar y Primavera, en calle Falucho sobre su costado Norte con un recorrido aproximado de 3.200 metros.<\/p>\n<p style=\"text-align: justify;\"><strong>Art\u00edculo 2\u00b0:<\/strong> Que el Departamento Ejecutivo estudie en coordinaci\u00f3n con este Concejo Deliberante, el impacto ambiental que esta obra represente.<\/p>\n<p style=\"text-align: justify;\"><strong>Art\u00edculo 3\u00b0:<\/strong> Que el Departamento Ejecutivo en conjunto con este Concejo Deliberante, realice reuniones con los vecinos para interiorizarlos respecto del proyecto de esta obra.<\/p>\n<p style=\"text-align: justify;\"><strong>Art\u00edculo 4\u00ba:<\/strong> Comun\u00edquese al Departamento Ejecutivo a sus efectos e ins\u00e9rtese en el Libro de Declaraciones de este Cuerpo.<\/p>\n<p style=\"text-align: justify;\">Dada en la Sala de Sesiones Bandera Nacional Argentina, del Concejo Deliberante de Rivadavia, Mendoza, a los 27 d\u00edas del mes de abril de 2.010.<\/p>\n<table>\n<tbody>\n<tr>\n<td style=\"text-align: center;\">ORLANDO JAVIER RODRIGUEZ<\/td>\n<td style=\"text-align: center;\">ENRIQUE LE\u00d3N<\/td>\n<\/tr>\n<tr>\n<td style=\"text-align: center;\">SECRETARIO C.D.<\/td>\n<td style=\"text-align: center;\">PRESIDENTE C.D.<\/td>\n<\/tr>\n<\/tbody>\n<\/table>\n<p style=\"text-align: right;\">Cpde. Expte. N\u00ba 2010-00061-6 C.D.<\/p>\n","protected":false},"excerpt":{"rendered":"<p>DECLARACION N\u00ba 5 VISTO: La necesidad de unir mediante una ciclov\u00eda las calles Cha\u00f1ar y Primavera de nuestro Departamento, con un recorrido aproximado de 3.200 metros, trazada sobre la margen Norte de calle Falucho, y CONSIDERANDO: Que se mejorar\u00eda la circulaci\u00f3n de ciclistas y peatones brindando seguridad y orden en su traslado. Que son innumerables [&hellip;]<\/p>\n","protected":false},"author":1,"featured_media":4276,"comment_status":"closed","ping_status":"closed","sticky":false,"template":"","format":"standard","meta":{"_acf_changed":false,"footnotes":""},"categories":[66],"tags":[],"class_list":["post-5115","post","type-post","status-publish","format-standard","has-post-thumbnail","hentry","category-declaraciones"],"acf":[],"_links":{"self":[{"href":"https:\/\/coworkdigital.com.ar\/hcd\/wp-json\/wp\/v2\/posts\/5115","targetHints":{"allow":["GET"]}}],"collection":[{"href":"https:\/\/coworkdigital.com.ar\/hcd\/wp-json\/wp\/v2\/posts"}],"about":[{"href":"https:\/\/coworkdigital.com.ar\/hcd\/wp-json\/wp\/v2\/types\/post"}],"author":[{"embeddable":true,"href":"https:\/\/coworkdigital.com.ar\/hcd\/wp-json\/wp\/v2\/users\/1"}],"replies":[{"embeddable":true,"href":"https:\/\/coworkdigital.com.ar\/hcd\/wp-json\/wp\/v2\/comments?post=5115"}],"version-history":[{"count":0,"href":"https:\/\/coworkdigital.com.ar\/hcd\/wp-json\/wp\/v2\/posts\/5115\/revisions"}],"wp:featuredmedia":[{"embeddable":true,"href":"https:\/\/coworkdigital.com.ar\/hcd\/wp-json\/wp\/v2\/media\/4276"}],"wp:attachment":[{"href":"https:\/\/coworkdigital.com.ar\/hcd\/wp-json\/wp\/v2\/media?parent=5115"}],"wp:term":[{"taxonomy":"category","embeddable":true,"href":"https:\/\/coworkdigital.com.ar\/hcd\/wp-json\/wp\/v2\/categories?post=5115"},{"taxonomy":"post_tag","embeddable":true,"href":"https:\/\/coworkdigital.com.ar\/hcd\/wp-json\/wp\/v2\/tags?post=5115"}],"curies":[{"name":"wp","href":"https:\/\/api.w.org\/{rel}","templated":true}]}}