{"id":5121,"date":"2010-02-04T12:18:06","date_gmt":"2010-02-04T12:18:06","guid":{"rendered":"http:\/\/www.rivadaviamendoza.gob.ar\/hcd\/?p=5121"},"modified":"2010-02-04T12:18:06","modified_gmt":"2010-02-04T12:18:06","slug":"declaracion-02-2010","status":"publish","type":"post","link":"https:\/\/coworkdigital.com.ar\/hcd\/declaracion-02-2010\/","title":{"rendered":"Declaraci\u00f3n 02-2010"},"content":{"rendered":"<p style=\"text-align: center;\"><strong><img fetchpriority=\"high\" decoding=\"async\" class=\"wp-image-1054 aligncenter\" src=\"http:\/\/rd.gov.ar\/wp4\/wp-content\/uploads\/2017\/02\/encabezado-300x60.jpg\" sizes=\"(max-width: 669px) 100vw, 669px\" srcset=\"http:\/\/www.rivadaviamendoza.gob.ar\/hcd\/wp-content\/uploads\/2017\/02\/encabezado-300x60.jpg 300w, http:\/\/www.rivadaviamendoza.gob.ar\/hcd\/wp-content\/uploads\/2017\/02\/encabezado-768x153.jpg 768w, http:\/\/www.rivadaviamendoza.gob.ar\/hcd\/wp-content\/uploads\/2017\/02\/encabezado-1024x203.jpg 1024w\" alt=\"\" width=\"669\" height=\"134\" \/><\/strong><\/p>\n<p style=\"text-align: center;\"><strong>DECLARACION N\u00ba 2<\/strong><\/p>\n<p style=\"text-align: justify;\"><strong>VISTO:<\/strong><br \/>\nLa situaci\u00f3n que presentan los distritos de El Mirador, La Central y Los Campamentos, despu\u00e9s de realizar las primeras evaluaciones respecto a los da\u00f1os provocados por la tormenta de viento, lluvia y granizo, que se abati\u00f3 sobre los mismos el d\u00eda martes 02 de febrero del corriente a\u00f1o, y<\/p>\n<p style=\"text-align: justify;\"><strong>CONSIDERANDO:<\/strong><br \/>\nQue lamentablemente esta zona, la m\u00e1s productiva de nuestro Departamento, se ha visto afectada nuevamente por\u00a0 tormentas graniceras.<br \/>\nQue ya con fecha 25 de noviembre de 2008, este Concejo Deliberante Declar\u00f3 Zona de Emergencia y\/o Desastre Agropecuario al departamento de Rivadavia, en raz\u00f3n de los da\u00f1os producidos por la tormenta ocurrida ese mismo d\u00eda (Declaraci\u00f3n N\u00ba 43-08) y que afect\u00f3 en general a todo el Departamento y en mayor medida a los distritos de El Mirador, La Central y Los Campamentos.<br \/>\nQue nuevamente los accidentes clim\u00e1ticos azotaron a los distritos mencionados el d\u00eda 12 de diciembre de 2008, lo que motiv\u00f3 que se dictara la Declaraci\u00f3n N\u00ba 049-08, declarando a los distritos de El Mirador y La Central como Zona de Desastre Agropecuario Agravado, cre\u00e1ndose con el objeto de dise\u00f1ar y ejecutar un plan de acci\u00f3n que permitiera paliar la dif\u00edcil situaci\u00f3n \u201cEl Consejo de Emergencia Departamental\u201d.<br \/>\nQue iniciado el a\u00f1o 2010, otro fen\u00f3meno meteorol\u00f3gico complic\u00f3 la situaci\u00f3n no solo de los productores sino de todos los habitantes de esa regi\u00f3n, por lo que nuevamente los distritos de La Central y el Mirador fueron Declarados por este Cuerpo como zona de emergencia y\/o desastre Agropecuario en raz\u00f3n del temporal de lluvia y granizo ocurrido el d\u00eda s\u00e1bado 09 de enero del corriente a\u00f1o (Declaraci\u00f3n N\u00ba 01-10).<br \/>\nQue con los primeros datos de los efectos causados por la tormenta de viento, lluvia y granizo, que se abati\u00f3 sobre esta misma regi\u00f3n el d\u00eda martes 02 de febrero del corriente a\u00f1o, y que afect\u00f3 en su totalidad el distrito Los Campamentos, podemos afirmar que dicha zona se encuentra en un estado de <strong>desastre sin precedentes<\/strong>, encontr\u00e1ndose afectada la producci\u00f3n en su totalidad, a lo que debemos lamentablemente sumar los da\u00f1os producidos en viviendas y veh\u00edculos particulares, establecimientos industriales y edificios p\u00fablicos (Escuelas, Centros de salud, Jardines maternales y destacamentos policiales), como: rotura de techos, membranas, vidrios, tanques de reserva de agua potable y adem\u00e1s provocando la muerte de animales dom\u00e9sticos y de corral, entre otros.<br \/>\nQue esta terrible situaci\u00f3n merece ser tratada en la urgencia, dirigiendo todos los recursos econ\u00f3micos, administrativos, humanos y de infraestructura disponibles, tanto municipales como provinciales y nacionales a fin de aliviar en alguna medida la situaci\u00f3n por la que est\u00e1n atravesando muchos rivadavienses.<\/p>\n<p style=\"text-align: justify;\"><strong>POR ELLO:<\/strong><br \/>\nEl Concejo Deliberante de Rivadavia, Mendoza y en uso de sus facultades:<\/p>\n<p style=\"text-align: center;\"><strong>DECLARA<\/strong><\/p>\n<p style=\"text-align: justify;\"><strong>Art\u00edculo 1\u00ba:<\/strong> El Concejo Deliberante de Rivadavia, provincia de Mendoza, ratifica en toda y cada una de sus partes la Declaraci\u00f3n de Emergencia y\/o Desastre Agropecuario N\u00ba 001-10, emanada de este Cuerpo el 12 de enero del corriente a\u00f1o, teniendo en cuenta lo agravado de la situaci\u00f3n, producto de los da\u00f1os sumados por la tormenta de viento, lluvia y granizo, que nuevamente se abati\u00f3 sobre los distritos de La Central, El Mirador y que arras\u00f3 el distrito Los Campamentos el d\u00eda martes 02 de febrero del corriente el cual se incorpora a la Emergencia y\/o Desastre Agropecuario Departamental.<\/p>\n<p style=\"text-align: justify;\"><strong>Art\u00edculo 2\u00ba:<\/strong> Solicitar al Gobierno de Mendoza que una vez finalizadas las primeras evaluaciones de los da\u00f1os sufridos, declare la Emergencia Agropecuaria Provincial para nuestro Departamento.<\/p>\n<p style=\"text-align: justify;\"><strong>Art\u00edculo 3\u00ba:<\/strong> Solicitar al Se\u00f1or Gobernador de la provincia de Mendoza:<br \/>\n<strong>1)<\/strong> Para que acompa\u00f1e institucional y administrativamente a las Autoridades del departamento de Rivadavia, en las distintas gestiones que se realicen ante el Gobierno Nacional, a fin de incluir a nuestro Departamento dentro del sistema Nacional para prevenci\u00f3n y mitigaci\u00f3n de emergencias y\/o desastre Agropecuario (Ley N\u00ba 26.503);<br \/>\n<strong>2)<\/strong> Para que arbitre en forma urgente y en el \u00e1mbito de su competencia, los medios \u00fatiles y necesarios para mitigar los graves da\u00f1os ocasionados a la producci\u00f3n local, gestionando los resortes de asistencia nacional y disponiendo especialmente los recursos provinciales destinados a emergencias, ya sea los\u00a0 originarios del Fondo Antic\u00edclico, y\/o los provenientes del Fondo para la Transformaci\u00f3n y el Crecimiento para:<br \/>\n<strong>a)<\/strong> Facilitar las condiciones de acceso al financiamiento crediticio para productores damnificados por la emergencia y\u00a0 la ampliaci\u00f3n de beneficios de recupero crediticio -plazos de gracia, sistemas de garant\u00edas, tasas de inter\u00e9s-,<br \/>\n<strong>b)<\/strong> Para sostener el empleo de obreros rurales implicados en la emergencia- subsidios de compensaci\u00f3n salarial-;\u00a0 y<br \/>\n<strong>3)<\/strong> Para que coordine y disponga -juntamente con el municipio- de los recursos econ\u00f3micos, humanos y de infraestructura con que se cuente para atender la urgencia social originada en los Distritos del Departamento afectados por este desastre natural, en especial para paliar las condiciones sanitarias de los pobladores en las zonas damnificadas como rotura de techos, tanques de reserva de agua potable, viviendas, v\u00edas de accesos, edificios p\u00fablicos.<\/p>\n<p style=\"text-align: justify;\"><strong>Art\u00edculo 4\u00ba:<\/strong> Facultar al Departamento Ejecutivo a disponer partidas especiales, destinadas a la compra de art\u00edculos y materiales de construcci\u00f3n de primera necesidad para la reparaci\u00f3n de viviendas de vecinos de escasos recursos que fueran seriamente afectadas por la tormenta granicera, en el marco de un plan de emergencia que incluya la participaci\u00f3n de organizaciones intermedias y Ediles en la asignaci\u00f3n de las prioridades.<\/p>\n<p style=\"text-align: justify;\"><strong>Art\u00edculo 5\u00ba:<\/strong> Rem\u00edtase copia de la presente Norma, a la Presidenta de la Naci\u00f3n Argentina, Doctora Cristina Fern\u00e1ndez de Kirchner; al Gobernador de la provincia de Mendoza, Contador Celso Jaque; a los se\u00f1ores Diputados y Senadores Nacionales por la provincia de Mendoza; al Administrador de Fondos P\u00fablicos; a la Legislatura Provincial; al Presidente del I.P.V.; al Presidente del Fondo para la Transformaci\u00f3n y el Crecimiento y al Superintendente General de Irrigaci\u00f3n.<\/p>\n<p style=\"text-align: justify;\"><strong>Art\u00edculo 6\u00ba:<\/strong> Comun\u00edquese al Departamento Ejecutivo a sus efectos e ins\u00e9rtese en el Libro de Declaraciones de este Cuerpo.<\/p>\n<p style=\"text-align: justify;\">Dada en la Sala de Sesiones Bandera Nacional Argentina, del Concejo Deliberante de Rivadavia, Mendoza, a los 04 d\u00edas del mes de febrero de 2.010.<\/p>\n<table>\n<tbody>\n<tr>\n<td style=\"text-align: center;\">ORLANDO JAVIER RODRIGUEZ<\/td>\n<td style=\"text-align: center;\">ENRIQUE LE\u00d3N<\/td>\n<\/tr>\n<tr>\n<td style=\"text-align: center;\">SECRETARIO C.D.<\/td>\n<td style=\"text-align: center;\">PRESIDENTE C.D.<\/td>\n<\/tr>\n<\/tbody>\n<\/table>\n<p style=\"text-align: right;\">Cpde. Expte. N\u00ba 2010-00019-4 C.D.<\/p>\n","protected":false},"excerpt":{"rendered":"<p>DECLARACION N\u00ba 2 VISTO: La situaci\u00f3n que presentan los distritos de El Mirador, La Central y Los Campamentos, despu\u00e9s de realizar las primeras evaluaciones respecto a los da\u00f1os provocados por la tormenta de viento, lluvia y granizo, que se abati\u00f3 sobre los mismos el d\u00eda martes 02 de febrero del corriente a\u00f1o, y CONSIDERANDO: Que [&hellip;]<\/p>\n","protected":false},"author":1,"featured_media":4276,"comment_status":"closed","ping_status":"closed","sticky":false,"template":"","format":"standard","meta":{"_acf_changed":false,"footnotes":""},"categories":[66],"tags":[],"class_list":["post-5121","post","type-post","status-publish","format-standard","has-post-thumbnail","hentry","category-declaraciones"],"acf":[],"_links":{"self":[{"href":"https:\/\/coworkdigital.com.ar\/hcd\/wp-json\/wp\/v2\/posts\/5121","targetHints":{"allow":["GET"]}}],"collection":[{"href":"https:\/\/coworkdigital.com.ar\/hcd\/wp-json\/wp\/v2\/posts"}],"about":[{"href":"https:\/\/coworkdigital.com.ar\/hcd\/wp-json\/wp\/v2\/types\/post"}],"author":[{"embeddable":true,"href":"https:\/\/coworkdigital.com.ar\/hcd\/wp-json\/wp\/v2\/users\/1"}],"replies":[{"embeddable":true,"href":"https:\/\/coworkdigital.com.ar\/hcd\/wp-json\/wp\/v2\/comments?post=5121"}],"version-history":[{"count":0,"href":"https:\/\/coworkdigital.com.ar\/hcd\/wp-json\/wp\/v2\/posts\/5121\/revisions"}],"wp:featuredmedia":[{"embeddable":true,"href":"https:\/\/coworkdigital.com.ar\/hcd\/wp-json\/wp\/v2\/media\/4276"}],"wp:attachment":[{"href":"https:\/\/coworkdigital.com.ar\/hcd\/wp-json\/wp\/v2\/media?parent=5121"}],"wp:term":[{"taxonomy":"category","embeddable":true,"href":"https:\/\/coworkdigital.com.ar\/hcd\/wp-json\/wp\/v2\/categories?post=5121"},{"taxonomy":"post_tag","embeddable":true,"href":"https:\/\/coworkdigital.com.ar\/hcd\/wp-json\/wp\/v2\/tags?post=5121"}],"curies":[{"name":"wp","href":"https:\/\/api.w.org\/{rel}","templated":true}]}}