{"id":5123,"date":"2010-01-12T12:30:09","date_gmt":"2010-01-12T12:30:09","guid":{"rendered":"http:\/\/www.rivadaviamendoza.gob.ar\/hcd\/?p=5123"},"modified":"2010-01-12T12:30:09","modified_gmt":"2010-01-12T12:30:09","slug":"declaracion-01-2010","status":"publish","type":"post","link":"https:\/\/coworkdigital.com.ar\/hcd\/declaracion-01-2010\/","title":{"rendered":"Declaraci\u00f3n 01-2010"},"content":{"rendered":"<p style=\"text-align: center;\"><strong><img fetchpriority=\"high\" decoding=\"async\" class=\"wp-image-1054 aligncenter\" src=\"http:\/\/rd.gov.ar\/wp4\/wp-content\/uploads\/2017\/02\/encabezado-300x60.jpg\" sizes=\"(max-width: 669px) 100vw, 669px\" srcset=\"http:\/\/www.rivadaviamendoza.gob.ar\/hcd\/wp-content\/uploads\/2017\/02\/encabezado-300x60.jpg 300w, http:\/\/www.rivadaviamendoza.gob.ar\/hcd\/wp-content\/uploads\/2017\/02\/encabezado-768x153.jpg 768w, http:\/\/www.rivadaviamendoza.gob.ar\/hcd\/wp-content\/uploads\/2017\/02\/encabezado-1024x203.jpg 1024w\" alt=\"\" width=\"669\" height=\"134\" \/><\/strong><\/p>\n<p style=\"text-align: center;\"><strong>DECLARACI\u00d3N N\u00ba 1<\/strong><\/p>\n<p style=\"text-align: justify;\"><strong>VISTO:<\/strong><br \/>\nLos grav\u00edsimos efectos causados por la tormenta de lluvia y granizo ocurrida el d\u00eda s\u00e1bado 09 de enero del corriente a\u00f1o, y agravado por el fuerte vendaval que azotaron los Distritos de La Central y El Mirador, y<\/p>\n<p style=\"text-align: justify;\"><strong>CONSIDERANDO:<\/strong><br \/>\nQue dicho meteoro afect\u00f3 nuevamente aproximadamente 900 has. de los Distritos La Central y El Mirador, zona de alto nivel de producci\u00f3n y que adem\u00e1s a deteriorado y\/o destruido techos de viviendas, y en algunos casos comprometido las estructuras de las mismas.<br \/>\nQue de acuerdo a las primeras evaluaciones realizadas por este Municipio y posteriormente con datos aportados por el Radar de San Mart\u00edn, la p\u00e9rdida en la producci\u00f3n oscila entre el 90 y el 100% en 300has; el 55% en 100has; entre el 15 y 30% en 400has y el resto, es decir 100has con da\u00f1os menores.<br \/>\nQue tambi\u00e9n se vio seriamente da\u00f1ada la red el\u00e9ctrica y algunas estaciones transformadoras a causa de la ca\u00edda de grandes forestales, produciendo el corte de este servicio a viviendas, industrias y comercios de la zona afectada, con serios da\u00f1os econ\u00f3micos tanto para la Empresa proveedora como para los usuarios del lugar.<br \/>\nQue este Concejo Deliberante de Rivadavia, solicita al Gobierno de la provincia la disposici\u00f3n en forma urgente de los fondos destinados a emergencias (Fondo Antic\u00edclico), para la atenci\u00f3n de los trabajos culturales y fitosanitarios de los cultivos,\u00a0 las de orden social en lo que respecta a la atenci\u00f3n principalmente en salud, alimentaci\u00f3n y vivienda, y en algunos casos de subsistencia familiar de peque\u00f1os productores, contratistas y obreros rurales.<br \/>\nQue\u00a0 actualmente nos encontramos en el comienzo del per\u00edodo de receso escolar, lo que significa que durante esta \u00e9poca dejan de funcionar transitoriamente los comedores escolares y los del servicio educativo social (SEOS), lo que agrava la situaci\u00f3n socio econ\u00f3mica de la familia.<br \/>\nQue ser\u00eda oportuno que el Departamento Ejecutivo ordenara realizar un relevamiento urgente de los inconvenientes sufridos en las viviendas a fin de tener un c\u00e1lculo aproximado de los costos materiales y de mano de obra necesarios para la implementaci\u00f3n de un plan de reparaci\u00f3n de las mismas, garantizando su habitabilidad y disminuyendo los riesgos que suelen provocar estos desastres clim\u00e1ticos.<br \/>\nQue con el fin de recibir propuestas y acordar de inmediato un plan de acci\u00f3n que atienda las necesidades primarias de la poblaci\u00f3n afectada y para que los productores contin\u00faen sus trabajos y no se produzca el tan temido despido, que acrecentar\u00eda la inseguridad y angustia de los habitantes m\u00e1s vulnerables,\u00a0 es que se invitar\u00e1 al Municipio, Legisladores Provinciales por el departamento de Rivadavia; INTA; C\u00e1mara de Comercio; C\u00e1mara Empresaria;\u00a0 asociaci\u00f3n de\u00a0 productores, sindicatos, escuelas y todos aquellos habitantes involucrados, a conformar el Comit\u00e9 de Emergencia Departamental.<\/p>\n<p style=\"text-align: justify;\"><strong>POR ELLO:<\/strong><br \/>\nEl Concejo Deliberante de Rivadavia, Mendoza, y en uso de sus facultades:<\/p>\n<p style=\"text-align: center;\"><strong>DECLARA<\/strong><\/p>\n<p style=\"text-align: justify;\"><strong>Art\u00edculo 1\u00ba:<\/strong> El Concejo Deliberante de Rivadavia, provincia de Mendoza, dispone declarar el territorio comprendido por los distritos El Mirador y La Central, como zona de emergencia y\/o desastre Agropecuario en raz\u00f3n del temporal de lluvia y granizo ocurrido el d\u00eda s\u00e1bado 09 de enero del corriente a\u00f1o y agravado por el fuerte vendaval que azot\u00f3 la zona.<\/p>\n<p style=\"text-align: justify;\"><strong>Art\u00edculo 2\u00ba:<\/strong> Solicitar al Gobierno de la provincia de Mendoza: para que realice las siguientes medidas:<br \/>\n<strong>a.-<\/strong> Acompa\u00f1e institucional y administrativamente a las autoridades del Departamento de Rivadavia en las distintas gestiones que realice ante el Gobierno Nacional, a fin de incluir en el paquete de medidas anticrisis, &#8211; instrumentado por el Gobierno Nacional &#8211; una partida presupuestaria especial destinada a la atenci\u00f3n urgente de los damnificados por los fen\u00f3menos clim\u00e1ticos sucedidos en el Departamento;<br \/>\n<strong>b.-<\/strong> Arbitre en forma urgente los medios \u00fatiles y necesarios para disponer de los recursos provinciales destinados a emergencias (originarios del Fondo Antic\u00edclico), y de todos aquellos recursos econ\u00f3micos, humanos y de infraestructura con que se cuente para atender la urgencia reinante en nuestro Departamento;<br \/>\n<strong>c.-<\/strong> Coordinar acciones con los organismos p\u00fablicos y reparticiones oficiales, nacionales y\/ o provinciales, (como Bancos, organismos recaudadores AFIP \/ DGR, I.P.V. Fondo para la Transformaci\u00f3n y el Crecimiento) para poner en marcha medidas econ\u00f3micas paliativas de la emergencia, como franquicias, exenciones, planes de pr\u00f3rroga de vencimientos respecto de obligaciones contra\u00eddas en tales organismos.<br \/>\n<strong>d.-<\/strong> Dicte directivas en asocio con las autoridades del D.G.I. a fin de informar y poner en pr\u00e1ctica las facilidades ya reglamentadas por el Departamento General de Irrigaci\u00f3n para este tipo de emergencias.<\/p>\n<p style=\"text-align: justify;\"><strong>Art\u00edculo 3\u00ba:<\/strong> Solicitar al Gobierno de la Provincia, realice las gestiones pertinentes a fin de lograr la pr\u00f3rroga de la Emergencia Agropecuaria Nacional, (Ley N\u00ba26.513) para productores de los Distritos de La Central y El Mirador, del Departamento de Rivadavia.<\/p>\n<p style=\"text-align: justify;\"><strong>Art\u00edculo 4\u00ba:<\/strong> Invitar al Consejo de Emergencia Departamental, C\u00e1mara Empresaria, Asociaci\u00f3n de Productores Independientes y otras instituciones intermedias, para que en forma conjunta y solidaria se realicen gestiones tendentes a mitigar\u00a0 la emergencia y\/o el desastre clim\u00e1tico.<\/p>\n<p style=\"text-align: justify;\"><strong>Art\u00edculo 5\u00ba:<\/strong> Rem\u00edtase copia de la presente norma, a la Presidenta de la Naci\u00f3n Argentina, doctora Cristina Fern\u00e1ndez de Kirchner; al Gobernador de la provincia de Mendoza, contador Celso Jaque; a los se\u00f1ores Diputados y Senadores Nacionales por la provincia de Mendoza; al Administrador de Fondos P\u00fablicos; a la Legislatura Provincial; al Presidente del I.P.V.; al Presidente del Fondo para la Transformaci\u00f3n y el Crecimiento y\u00a0 al Superintendente General de Irrigaci\u00f3n.<\/p>\n<p style=\"text-align: justify;\"><strong>Art\u00edculo 6\u00ba:<\/strong> Comun\u00edquese al Departamento Ejecutivo, e ins\u00e9rtese en el Libro de Declaraciones de este Cuerpo.<\/p>\n<p style=\"text-align: justify;\">Dada en la Sala de Sesiones Bandera Nacional Argentina, del Concejo Deliberante de Rivadavia, Mendoza a los 12 d\u00edas del mes de enero de 2.010.<\/p>\n<table>\n<tbody>\n<tr>\n<td style=\"text-align: center;\">JULIO C\u00c9SAR G\u00d3MEZ<\/td>\n<td style=\"text-align: center;\">ENRIQUE LE\u00d3N<\/td>\n<\/tr>\n<tr>\n<td style=\"text-align: center;\">A\/C SECRETAR\u00cdA C.D.<\/td>\n<td style=\"text-align: center;\">PRESIDENTE C.D.<\/td>\n<\/tr>\n<\/tbody>\n<\/table>\n<p style=\"text-align: right;\">Cpde. Expte. N\u00ba 2010-00008-7 C.D.<\/p>\n","protected":false},"excerpt":{"rendered":"<p>DECLARACI\u00d3N N\u00ba 1 VISTO: Los grav\u00edsimos efectos causados por la tormenta de lluvia y granizo ocurrida el d\u00eda s\u00e1bado 09 de enero del corriente a\u00f1o, y agravado por el fuerte vendaval que azotaron los Distritos de La Central y El Mirador, y CONSIDERANDO: Que dicho meteoro afect\u00f3 nuevamente aproximadamente 900 has. de los Distritos La [&hellip;]<\/p>\n","protected":false},"author":1,"featured_media":4276,"comment_status":"closed","ping_status":"closed","sticky":false,"template":"","format":"standard","meta":{"_acf_changed":false,"footnotes":""},"categories":[66],"tags":[],"class_list":["post-5123","post","type-post","status-publish","format-standard","has-post-thumbnail","hentry","category-declaraciones"],"acf":[],"_links":{"self":[{"href":"https:\/\/coworkdigital.com.ar\/hcd\/wp-json\/wp\/v2\/posts\/5123","targetHints":{"allow":["GET"]}}],"collection":[{"href":"https:\/\/coworkdigital.com.ar\/hcd\/wp-json\/wp\/v2\/posts"}],"about":[{"href":"https:\/\/coworkdigital.com.ar\/hcd\/wp-json\/wp\/v2\/types\/post"}],"author":[{"embeddable":true,"href":"https:\/\/coworkdigital.com.ar\/hcd\/wp-json\/wp\/v2\/users\/1"}],"replies":[{"embeddable":true,"href":"https:\/\/coworkdigital.com.ar\/hcd\/wp-json\/wp\/v2\/comments?post=5123"}],"version-history":[{"count":0,"href":"https:\/\/coworkdigital.com.ar\/hcd\/wp-json\/wp\/v2\/posts\/5123\/revisions"}],"wp:featuredmedia":[{"embeddable":true,"href":"https:\/\/coworkdigital.com.ar\/hcd\/wp-json\/wp\/v2\/media\/4276"}],"wp:attachment":[{"href":"https:\/\/coworkdigital.com.ar\/hcd\/wp-json\/wp\/v2\/media?parent=5123"}],"wp:term":[{"taxonomy":"category","embeddable":true,"href":"https:\/\/coworkdigital.com.ar\/hcd\/wp-json\/wp\/v2\/categories?post=5123"},{"taxonomy":"post_tag","embeddable":true,"href":"https:\/\/coworkdigital.com.ar\/hcd\/wp-json\/wp\/v2\/tags?post=5123"}],"curies":[{"name":"wp","href":"https:\/\/api.w.org\/{rel}","templated":true}]}}