{"id":5125,"date":"2009-09-01T15:06:53","date_gmt":"2009-09-01T15:06:53","guid":{"rendered":"http:\/\/www.rivadaviamendoza.gob.ar\/hcd\/?p=5125"},"modified":"2009-09-01T15:06:53","modified_gmt":"2009-09-01T15:06:53","slug":"resolucion-17-2009","status":"publish","type":"post","link":"https:\/\/coworkdigital.com.ar\/hcd\/resolucion-17-2009\/","title":{"rendered":"Resoluci\u00f3n 17-2009"},"content":{"rendered":"<p style=\"text-align: center;\"><strong><img fetchpriority=\"high\" decoding=\"async\" class=\"wp-image-1054 aligncenter\" src=\"http:\/\/rd.gov.ar\/wp4\/wp-content\/uploads\/2017\/02\/encabezado-300x60.jpg\" sizes=\"(max-width: 669px) 100vw, 669px\" srcset=\"http:\/\/www.rivadaviamendoza.gob.ar\/hcd\/wp-content\/uploads\/2017\/02\/encabezado-300x60.jpg 300w, http:\/\/www.rivadaviamendoza.gob.ar\/hcd\/wp-content\/uploads\/2017\/02\/encabezado-768x153.jpg 768w, http:\/\/www.rivadaviamendoza.gob.ar\/hcd\/wp-content\/uploads\/2017\/02\/encabezado-1024x203.jpg 1024w\" alt=\"\" width=\"669\" height=\"134\" \/><\/strong><\/p>\n<p style=\"text-align: center;\"><strong>RESOLUCI\u00d3N N\u00ba 17<\/strong><\/p>\n<p style=\"text-align: justify;\"><strong>VISTO<\/strong><br \/>\nLa Ordenanza N\u00ba4403\/08, que crea la Comisi\u00f3n del Festival Rivadavia Le Canta al Pa\u00eds, y<\/p>\n<p style=\"text-align: justify;\"><strong>CONSIDERANDO<\/strong><br \/>\nQue en el art\u00edculo segundo de la mencionada norma se establece, el total de miembros y la composici\u00f3n de\u00a0 esta Comisi\u00f3n.<br \/>\nQue el Art\u00edculo de la Ordenanza establece que a partir del mes de junio esta Comisi\u00f3n sesionar\u00e1 al menos dos veces a la semana.<br \/>\nQue, los cinco integrantes en representaci\u00f3n de la cultura local y\/o entidades de reconocida trayectoria, ser\u00e1n por propuesta consensuada de los Departamentos Ejecutivos y Deliberativos.<br \/>\nQue, al d\u00eda de la fecha, no se ha constitu\u00eddo la comisi\u00f3n ni se han realizado reuniones para proponer y designar entre los departamentos Ejecutivos y Deliberativos, los integrantes de la cultura local y\/o entidades del departamento.<br \/>\nQue, en el a\u00f1o 2008 la primera convocatoria se hizo a fines de setiembre y los representantes del poder Ejecutivo expusieron ante la misma la propuesta del evento sin que los miembros\u00a0 restantes de la comisi\u00f3n pudiesen realizar\u00a0 sus aportes ya que estaba todo decidido.<\/p>\n<p style=\"text-align: justify;\"><strong>POR ELLO<\/strong><br \/>\nEl Concejo Deliberante de Rivadavia, Mendoza, y en uso de sus facultades:<\/p>\n<p style=\"text-align: center;\"><strong>RESUELVE<\/strong><\/p>\n<p style=\"text-align: justify;\"><strong>Art\u00edculo 1\u00ba:<\/strong> Solicitar al Departamento Ejecutivo Municipal, convoque a la brevedad, a los miembros que estipula el art\u00edculo 2\u00ba de la Ordenanza N\u00ba4.403\/08, para la conformaci\u00f3n de la Comisi\u00f3n del Festival Rivadavia Le Canta al Pa\u00eds Edici\u00f3n 2010, con los integrantes que corresponden (Departamento Ejecutivo, Deliberativo y representantes de la cultura local).<\/p>\n<p style=\"text-align: justify;\"><strong>Art\u00edculo 2\u00ba:<\/strong> Comun\u00edquese al Departamento Ejecutivo a sus efectos, e ins\u00e9rtese en el Libro de Resoluciones de este Cuerpo.<\/p>\n<p style=\"text-align: justify;\">Dada en la Sala de Sesiones \u201cBandera Nacional Argentina\u201d, del Concejo Deliberante de Rivadavia, Mendoza, a los 01 d\u00edas del mes de setiembre de 2009.<\/p>\n<table>\n<tbody>\n<tr>\n<td style=\"text-align: center;\">ORLANDO JAVIER RODRIGUEZ<\/td>\n<td style=\"text-align: center;\">LORENTINA LOMELLINI<\/td>\n<\/tr>\n<tr>\n<td style=\"text-align: center;\">SECRETARIO C.D.<\/td>\n<td style=\"text-align: center;\">VICE-PRESIDENTA\u00a0 1\u00ba<br \/>\nA\/CARGO PRESIDENCIA C.D.<\/td>\n<\/tr>\n<\/tbody>\n<\/table>\n<p style=\"text-align: right;\">Cpde. Expte. N\u00ba 2009-00263-1 C.D.<\/p>\n","protected":false},"excerpt":{"rendered":"<p>RESOLUCI\u00d3N N\u00ba 17 VISTO La Ordenanza N\u00ba4403\/08, que crea la Comisi\u00f3n del Festival Rivadavia Le Canta al Pa\u00eds, y CONSIDERANDO Que en el art\u00edculo segundo de la mencionada norma se establece, el total de miembros y la composici\u00f3n de\u00a0 esta Comisi\u00f3n. Que el Art\u00edculo de la Ordenanza establece que a partir del mes de junio [&hellip;]<\/p>\n","protected":false},"author":1,"featured_media":1020,"comment_status":"closed","ping_status":"closed","sticky":false,"template":"","format":"standard","meta":{"_acf_changed":false,"footnotes":""},"categories":[65],"tags":[],"class_list":["post-5125","post","type-post","status-publish","format-standard","has-post-thumbnail","hentry","category-resoluciones"],"acf":[],"_links":{"self":[{"href":"https:\/\/coworkdigital.com.ar\/hcd\/wp-json\/wp\/v2\/posts\/5125","targetHints":{"allow":["GET"]}}],"collection":[{"href":"https:\/\/coworkdigital.com.ar\/hcd\/wp-json\/wp\/v2\/posts"}],"about":[{"href":"https:\/\/coworkdigital.com.ar\/hcd\/wp-json\/wp\/v2\/types\/post"}],"author":[{"embeddable":true,"href":"https:\/\/coworkdigital.com.ar\/hcd\/wp-json\/wp\/v2\/users\/1"}],"replies":[{"embeddable":true,"href":"https:\/\/coworkdigital.com.ar\/hcd\/wp-json\/wp\/v2\/comments?post=5125"}],"version-history":[{"count":0,"href":"https:\/\/coworkdigital.com.ar\/hcd\/wp-json\/wp\/v2\/posts\/5125\/revisions"}],"wp:featuredmedia":[{"embeddable":true,"href":"https:\/\/coworkdigital.com.ar\/hcd\/wp-json\/wp\/v2\/media\/1020"}],"wp:attachment":[{"href":"https:\/\/coworkdigital.com.ar\/hcd\/wp-json\/wp\/v2\/media?parent=5125"}],"wp:term":[{"taxonomy":"category","embeddable":true,"href":"https:\/\/coworkdigital.com.ar\/hcd\/wp-json\/wp\/v2\/categories?post=5125"},{"taxonomy":"post_tag","embeddable":true,"href":"https:\/\/coworkdigital.com.ar\/hcd\/wp-json\/wp\/v2\/tags?post=5125"}],"curies":[{"name":"wp","href":"https:\/\/api.w.org\/{rel}","templated":true}]}}