{"id":5163,"date":"2009-09-09T14:10:16","date_gmt":"2009-09-09T14:10:16","guid":{"rendered":"http:\/\/www.rivadaviamendoza.gob.ar\/hcd\/?p=5163"},"modified":"2009-09-09T14:10:16","modified_gmt":"2009-09-09T14:10:16","slug":"declaracion-16-2009","status":"publish","type":"post","link":"https:\/\/coworkdigital.com.ar\/hcd\/declaracion-16-2009\/","title":{"rendered":"Declaraci\u00f3n 16-2009"},"content":{"rendered":"<p style=\"text-align: center;\"><strong><img fetchpriority=\"high\" decoding=\"async\" class=\"wp-image-1054 aligncenter\" src=\"http:\/\/rd.gov.ar\/wp4\/wp-content\/uploads\/2017\/02\/encabezado-300x60.jpg\" sizes=\"(max-width: 669px) 100vw, 669px\" srcset=\"http:\/\/www.rivadaviamendoza.gob.ar\/hcd\/wp-content\/uploads\/2017\/02\/encabezado-300x60.jpg 300w, http:\/\/www.rivadaviamendoza.gob.ar\/hcd\/wp-content\/uploads\/2017\/02\/encabezado-768x153.jpg 768w, http:\/\/www.rivadaviamendoza.gob.ar\/hcd\/wp-content\/uploads\/2017\/02\/encabezado-1024x203.jpg 1024w\" alt=\"\" width=\"669\" height=\"134\" \/><\/strong><\/p>\n<p style=\"text-align: center;\"><strong>DECLARACI\u00d3N N\u00ba 16<\/strong><\/p>\n<p style=\"text-align: justify;\"><strong>VISTO:<\/strong><br \/>\nEl Expediente N\u00ba2009-00245-8 \u201cInquietudes sobre la probreza e indigencia en nuestros ciudadanos\u201d, y<\/p>\n<p style=\"text-align: justify;\"><strong>CONSIDERANDO:<\/strong><br \/>\nQue la preocupaci\u00f3n expresada por el se\u00f1or Juan Carlos Leal por este problema de pobreza e indigencia que detectamos en Mendoza y en la Naci\u00f3n, es real y que como representantes del pueblo, debemos manifestarlo y solicitar a las autoridades correspondientes, un plan para disminuir los altos procentajes que se dan, de acuerdo a las investigaciones efectuadas por consultoras de la Provincia, por ejemplo Evaluecon Jos\u00e9 Vargas que estima que la probreza se ha incrementado desde el 2007 y alcanzar\u00eda actualmente el 32%. Estos \u00edndices no coinciden con los publicados por el INDEC que oculta esta realidad con datos falsos.<br \/>\nEsta situaci\u00f3n ha sido denunciada por el Arzobispado mendocino que la considera \u201cescandalosa\u201d.<br \/>\nSe distingue entre la probreza y la indigencia, se es pobre cuando no se puede acceder a ciertos gastos que exceden de los imprescindibles para la subsistencia e indigente son aquellos que con sus ingresos no alcanzan a cubrir la canasta familiar que es de $1.300 mensuales. El porcentaje de personas que declararon problemas para acceder a consumos m\u00ednimos\u00a0 ha aumentado, seg\u00fan el \u201cBar\u00f3metro de la Deuda Social Argentina\u201d entre 2004 y 2008, publicado por la Universidad Cat\u00f3lica Argentina.<br \/>\nLa ministra de Desarrollo Humano, Familia y Comunidad de Mendoza, ha declarado que hay un incremento de 4 o 5 puntos en la demanda de las prestaciones sociales.<br \/>\nEsta situci\u00f3n se ha producido por el descenso de las fuentes de trabajo, la crisis internacional, la inflaci\u00f3n, la subocupaci\u00f3n, el hacinamiento, la falta de capacitaci\u00f3n de los individuos para generar ingresos que le permitan satisfacer necesidades b\u00e1sicas.<br \/>\nHay un mayor incremento de la necesidad de vivienda, muchas familias viven en villas y asentamientos precarios, como asimismo ha aumentado la tendencia ha tomar tierras donde se levantan viviendas sin las m\u00ednimas condiciones de habitabilidad.<br \/>\nTodo esto evidencia una falta de planificaci\u00f3n en el desarrollo econ\u00f3mico y en el estudio de los recursos naturales de cada regi\u00f3n de la Provincia para generar fuentes sustentables de trabajo, planes de capacitaci\u00f3n de las personas ya que se insiste en las empresas en la necesidad de contar con personal con preparaci\u00f3n t\u00e9cnica para obtener mejores resultados en los distintos emprendimientos y trabajos que los mismos generan.<br \/>\nLa planificaci\u00f3n de la econom\u00eda debe relacionarse en un todo con una educaci\u00f3n que tienda a la excelencia con el esfuerzo mancomunado de docentes, alumnos y familia.<\/p>\n<p style=\"text-align: justify;\"><strong>POR ELLO:<\/strong><br \/>\nEl Concejo Deliberante de Rivadavia, provincia de Mendoza, y en uso de sus facultades:<\/p>\n<p style=\"text-align: center;\"><strong>DECLARA<\/strong><\/p>\n<p style=\"text-align: justify;\"><strong>Art\u00edculo 1\u00ba:<\/strong> El Concejo Deliberante de Rivadavia, Mendoza, ver\u00eda con agrado que el Gobierno de la Provincia, con todas la \u00e1reas que lo integran, planifiquen medidas urgentes para paliar la situaci\u00f3n de indigencia y probreza que aflije a gran parte de la poblaci\u00f3n de nuestra Provincia, con miras ha implementar una pol\u00edtica de largo alcance donde se logre un desarrollo econ\u00f3mico fuerte, con inversiones seguras y un ahorro para \u00e9pocas de crisis producidas a niveles internacionales, nacionales o regionales por distintas causas, involucrando en esta pol\u00edtica a todos los municipios para que se llegue a un estado de mejor distribuci\u00f3n de la riqueza entre todos los ciudadanos.<\/p>\n<p style=\"text-align: justify;\"><strong>Art\u00edculo 2\u00ba:<\/strong> Es deber de los gobiernos disminuir las necesidades b\u00e1sicas de la poblaci\u00f3n en alimentaci\u00f3n, salud, educaci\u00f3n y seguridad, con pol\u00edticas serias, planificadas con el tiempo necesario y haci\u00e9ndolas conocer con anterioridad al per\u00edodo electoral, evitando as\u00ed medidas improvisadas en la gesti\u00f3n.<\/p>\n<p style=\"text-align: justify;\"><strong>Art\u00edculo 3\u00ba:<\/strong> Los subsidios que el gobierno implemente a nivel nacional o provincial para acudir en ayuda de los mas carenciados tenga el car\u00e1cter de \u00fanico y universal y su aplicaci\u00f3n controlada eficazmente, para cumplir el objetivo sin otras derivaciones pol\u00edticas.<\/p>\n<p style=\"text-align: justify;\"><strong>Art\u00edculo 4\u00ba:<\/strong> Rem\u00edtase copia de la presente pieza legal, a la Presidencia de la Naci\u00f3n Argentina y Gobierno de la provincia de Mendoza.<\/p>\n<p style=\"text-align: justify;\"><strong>Art\u00edculo 5\u00ba:<\/strong> Comun\u00edquese al Departamento Ejecutivo a sus efectos, e ins\u00e9rtese en el Libro de Declaraciones de este Cuerpo.<\/p>\n<p style=\"text-align: justify;\">Dada en la Sala de Sesiones Bandera Nacional Argentina, del Concejo Deliberante de Rivadavia, Mendoza, a los 09 d\u00edas del mes de setiembre de 2009.<\/p>\n<table>\n<tbody>\n<tr>\n<td style=\"text-align: center;\">ORLANDO JAVIER RODRIGUEZ<\/td>\n<td style=\"text-align: center;\">ENRIQUE LE\u00d3N<\/td>\n<\/tr>\n<tr>\n<td style=\"text-align: center;\">SECRETARIO C.D.<\/td>\n<td style=\"text-align: center;\">PRESIDENTE C.D.<\/td>\n<\/tr>\n<\/tbody>\n<\/table>\n<p style=\"text-align: right;\">Cpde. Expte. N\u00ba 2009-00277-1 C.D.<\/p>\n","protected":false},"excerpt":{"rendered":"<p>DECLARACI\u00d3N N\u00ba 16 VISTO: El Expediente N\u00ba2009-00245-8 \u201cInquietudes sobre la probreza e indigencia en nuestros ciudadanos\u201d, y CONSIDERANDO: Que la preocupaci\u00f3n expresada por el se\u00f1or Juan Carlos Leal por este problema de pobreza e indigencia que detectamos en Mendoza y en la Naci\u00f3n, es real y que como representantes del pueblo, debemos manifestarlo y solicitar [&hellip;]<\/p>\n","protected":false},"author":1,"featured_media":4276,"comment_status":"closed","ping_status":"closed","sticky":false,"template":"","format":"standard","meta":{"_acf_changed":false,"footnotes":""},"categories":[66],"tags":[],"class_list":["post-5163","post","type-post","status-publish","format-standard","has-post-thumbnail","hentry","category-declaraciones"],"acf":[],"_links":{"self":[{"href":"https:\/\/coworkdigital.com.ar\/hcd\/wp-json\/wp\/v2\/posts\/5163","targetHints":{"allow":["GET"]}}],"collection":[{"href":"https:\/\/coworkdigital.com.ar\/hcd\/wp-json\/wp\/v2\/posts"}],"about":[{"href":"https:\/\/coworkdigital.com.ar\/hcd\/wp-json\/wp\/v2\/types\/post"}],"author":[{"embeddable":true,"href":"https:\/\/coworkdigital.com.ar\/hcd\/wp-json\/wp\/v2\/users\/1"}],"replies":[{"embeddable":true,"href":"https:\/\/coworkdigital.com.ar\/hcd\/wp-json\/wp\/v2\/comments?post=5163"}],"version-history":[{"count":0,"href":"https:\/\/coworkdigital.com.ar\/hcd\/wp-json\/wp\/v2\/posts\/5163\/revisions"}],"wp:featuredmedia":[{"embeddable":true,"href":"https:\/\/coworkdigital.com.ar\/hcd\/wp-json\/wp\/v2\/media\/4276"}],"wp:attachment":[{"href":"https:\/\/coworkdigital.com.ar\/hcd\/wp-json\/wp\/v2\/media?parent=5163"}],"wp:term":[{"taxonomy":"category","embeddable":true,"href":"https:\/\/coworkdigital.com.ar\/hcd\/wp-json\/wp\/v2\/categories?post=5163"},{"taxonomy":"post_tag","embeddable":true,"href":"https:\/\/coworkdigital.com.ar\/hcd\/wp-json\/wp\/v2\/tags?post=5163"}],"curies":[{"name":"wp","href":"https:\/\/api.w.org\/{rel}","templated":true}]}}