{"id":5167,"date":"2009-08-25T15:04:32","date_gmt":"2009-08-25T15:04:32","guid":{"rendered":"http:\/\/www.rivadaviamendoza.gob.ar\/hcd\/?p=5167"},"modified":"2009-08-25T15:04:32","modified_gmt":"2009-08-25T15:04:32","slug":"declaracion-14-2009","status":"publish","type":"post","link":"https:\/\/coworkdigital.com.ar\/hcd\/declaracion-14-2009\/","title":{"rendered":"Declaraci\u00f3n 14-2009"},"content":{"rendered":"<p style=\"text-align: center;\"><strong><img fetchpriority=\"high\" decoding=\"async\" class=\"wp-image-1054 aligncenter\" src=\"http:\/\/rd.gov.ar\/wp4\/wp-content\/uploads\/2017\/02\/encabezado-300x60.jpg\" sizes=\"(max-width: 669px) 100vw, 669px\" srcset=\"http:\/\/www.rivadaviamendoza.gob.ar\/hcd\/wp-content\/uploads\/2017\/02\/encabezado-300x60.jpg 300w, http:\/\/www.rivadaviamendoza.gob.ar\/hcd\/wp-content\/uploads\/2017\/02\/encabezado-768x153.jpg 768w, http:\/\/www.rivadaviamendoza.gob.ar\/hcd\/wp-content\/uploads\/2017\/02\/encabezado-1024x203.jpg 1024w\" alt=\"\" width=\"669\" height=\"134\" \/><\/strong><\/p>\n<p style=\"text-align: center;\"><strong>DECLARACI\u00d3N N\u00ba 14<\/strong><\/p>\n<p style=\"text-align: justify;\"><strong>VISTO:<\/strong><br \/>\nEl proyecto de Ley N\u00ba56033, de la Honorable C\u00e1mara de Senadores de la Provincia de Mendoza, y<\/p>\n<p style=\"text-align: justify;\"><strong>CONSIDERANDO:<\/strong><br \/>\nQue dicho proyecto propone crear el R\u00e9gimen Especial Estado Pasivo Provisorio Anticipado Voluntario.<br \/>\nAl cual prodr\u00e1n acceder los docentes en cambio de funciones, de todos los niveles y modalidades de la ense\u00f1anza p\u00fablica, sean de gesti\u00f3n estatal o privada reconocidos y dependientes del Gobierno de la Provincia.<br \/>\nQue la situaci\u00f3n del alto n\u00famero de docentes en cambio de funciones, de dtodos los nivels y modalidades de la ense\u00f1anza p\u00fablica, sean de gesti\u00f3n estatal o privada reconocidos y dependientes del Gobierno de la Provincia.<br \/>\nDada la situaci\u00f3n del alto n\u00famero de docentes en cambio de funciones originados en deterioros de su salud f\u00edsica y\/o mental, ocasionados por el desgaste propio de la funci\u00f3n, hecho que se incrementa por situaciones de violencia y agresiones f\u00edsicas y mentales del educador, vi\u00e9ndose el Gobierno en la necesidad del llamado de suplentes para dar continuidad a la ense\u00f1anza. Con la consiguiente inversi\u00f3n de tiempo, dinero y deterioro en la relaci\u00f3n docentes, padres, escuela.<br \/>\nQue, el proyecto tiende a dar una alternativa a estos docentes con la creaci\u00f3n del r\u00e9gimen especial Estado Pasivo Provisorio Voluntario, estableciendo una forma diferente de acceder al beneficio jubilatorio hasta que el beneficiario se encuentre en condiciones para acceder definitivamente al sistema jubilatorio. Por otra parte se crear\u00e1n fuentes de trabajo estables, ya fque las vacantes que se produzcan ser\u00e1n ocupadas por concurso de titularidad de los docentes mejorando el rendimiento escolar.<br \/>\nQue, el estado Provincial es el encargado de habilitar un registro para la inscripci\u00f3n de postulantes, de abonar los haberes mensuales actualizados a los docentes: 82% de las remuneraciones que corresponda en actividad para el mismo cargo que pose\u00eda como titular al momento de acceder al beneficio. El mismo porcentaje y en iguales condiciones para el docente que pertenezca a instituciones privadas, abonando el estado el 82% sobre el porcentaje del aporte estatal y el resto lo abona la instituci\u00f3n, en ambos casos hasta el d\u00eda en que el docente cumpla la edad y\/o los a\u00f1os de servicios establecidos en la Ley de JubilacionesN\u00ba24241 ocaci\u00f3n en la cual el benficiario deber\u00e1 iniciar los tr\u00e1mites jubilatorios ante el ANSES.<br \/>\nQue, para acceder al r\u00e9gimen especial Estado Pasivo Provisorio Anticipado Voluntario es necesario:<br \/>\nQue, el docente padezca una enfermedad o patolog\u00eda de dif\u00edcil recuperaci\u00f3n en tiempo breve, acreditar como m\u00ednimo 25 a\u00f1os de servicios, de \u00e9stos, 10 al frente de alumnos, en forma continua o dicontinua.<br \/>\nEstar en cambio de funciones con enfermedad cuyo diagn\u00f3stico implica que esa situaci\u00f3n pueda prolongarse por m\u00e1s de dos a\u00f1os, o tener dos a\u00f1os ya en cambio de funci\u00f3n, sin alta de la causa que origin\u00f3 esa situaci\u00f3n.<br \/>\nPresentaci\u00f3n de antecedentes de esta situaci\u00f3n, Evaluaci\u00f3n, Informes de la Junta M\u00e9dica, aceptaci\u00f3n voluntaria, Inscripci\u00f3n en el Registro mencionado.<br \/>\nQue, adem\u00e1s, en el proyecto se contempla la situaci\u00f3n del docente con a\u00f1os de edad faltantes, pero con servicios reconocidos en establecimientos escolares ubicados en zonas muy desfavorables o de eduaci\u00f3n especial, se le computar\u00e1 4 a\u00f1os por cada 3 de servicios. Si no tuviese los a\u00f1os de aporte exigidos podr\u00e1n realizarlos en proporci\u00f3n al haber que le corresponda.<br \/>\nEl tiempo que permanezca en este r\u00e9gimen especial, ser\u00e1 reconocido por la Direcci\u00f3n General de Escuelas y\/o ANSES.<\/p>\n<p style=\"text-align: justify;\"><strong>POR ELLO:<\/strong><br \/>\nEl Concejo Deliberante de Rivadavia, provincia de Mendoza, y en uso de sus facultades:<\/p>\n<p style=\"text-align: center;\"><strong>DECLARA<\/strong><\/p>\n<p style=\"text-align: justify;\"><strong>Art\u00edculo 1\u00ba:<\/strong> El Concejo Deliberante de Rivadavia, Mendoza, adihere al proyecto de Ley presentado por el Senador Provincial Guillermo Amstutz, a la Honorable C\u00e1mara de Senadores de la provincia de Mendoza, referido a la creaci\u00f3n del R\u00e9gimen Especial Estado Pasivo Provisorio Anticipado Voluntario, para los docentes en cambio de funciones, de todos los niveles y modalidades de la ense\u00f1anza p\u00fablica estatal y\/o privada, dependiente del Gobierno de la provincia de Mendoza.<\/p>\n<p style=\"text-align: justify;\"><strong>Art\u00edculo 2\u00ba:<\/strong> El Concejo Deliberante de Rivadavia, Mendoza, ver\u00eda con agrado que en el tratamiento del Proyecto de Ley mencionado en el Art\u00edculo 1\u00ba del presente, se contemple por parte de los se\u00f1ores Legisladores provinciales, la Ley N\u00ba24.241 correspondiente al R\u00e9gimen Ordinario de Jubilaci\u00f3n, como as\u00ed tambi\u00e9n la Ley N\u00ba24.016, sobre R\u00e9gimen Especial de Docentes.<\/p>\n<p style=\"text-align: justify;\"><strong>Art\u00edculo 3\u00ba:<\/strong> Remitir copia de la presente pieza legal a la Honorable C\u00e1mara de Senadores de la provincia de Mendoza, y a todos los Concejos Deliberantes, para su conocimiento y adhesi\u00f3n al mismo.<\/p>\n<p style=\"text-align: justify;\"><strong>Art\u00edculo 4\u00ba:<\/strong> Comun\u00edquese al Departamento Ejecutivo a sus efectos, e ins\u00e9rtese en el Libro de Declaraciones de este Cuerpo.<\/p>\n<p style=\"text-align: justify;\">Dada en la Sala de Sesiones Bandera Nacional Argentina, del Concejo Deliberante de Rivadavia, Mendoza, a los 25 d\u00edas del mes de agosto de 2009.<\/p>\n<table>\n<tbody>\n<tr>\n<td style=\"text-align: center;\">ORLANDO JAVIER RODRIGUEZ<\/td>\n<td style=\"text-align: center;\">LORENTINA LOMELLINI<\/td>\n<\/tr>\n<tr>\n<td style=\"text-align: center;\">SECRETARIO C.D.<\/td>\n<td style=\"text-align: center;\">VICE-PRESIDENTA 1ra C.D.<\/td>\n<\/tr>\n<\/tbody>\n<\/table>\n<p style=\"text-align: right;\">Cpde. Expte. N\u00ba 2009-00196-3 C.D.<br \/>\nN\u00ba 2009-00242-5 C.D.<\/p>\n","protected":false},"excerpt":{"rendered":"<p>DECLARACI\u00d3N N\u00ba 14 VISTO: El proyecto de Ley N\u00ba56033, de la Honorable C\u00e1mara de Senadores de la Provincia de Mendoza, y CONSIDERANDO: Que dicho proyecto propone crear el R\u00e9gimen Especial Estado Pasivo Provisorio Anticipado Voluntario. Al cual prodr\u00e1n acceder los docentes en cambio de funciones, de todos los niveles y modalidades de la ense\u00f1anza p\u00fablica, [&hellip;]<\/p>\n","protected":false},"author":1,"featured_media":4276,"comment_status":"closed","ping_status":"closed","sticky":false,"template":"","format":"standard","meta":{"_acf_changed":false,"footnotes":""},"categories":[66],"tags":[],"class_list":["post-5167","post","type-post","status-publish","format-standard","has-post-thumbnail","hentry","category-declaraciones"],"acf":[],"_links":{"self":[{"href":"https:\/\/coworkdigital.com.ar\/hcd\/wp-json\/wp\/v2\/posts\/5167","targetHints":{"allow":["GET"]}}],"collection":[{"href":"https:\/\/coworkdigital.com.ar\/hcd\/wp-json\/wp\/v2\/posts"}],"about":[{"href":"https:\/\/coworkdigital.com.ar\/hcd\/wp-json\/wp\/v2\/types\/post"}],"author":[{"embeddable":true,"href":"https:\/\/coworkdigital.com.ar\/hcd\/wp-json\/wp\/v2\/users\/1"}],"replies":[{"embeddable":true,"href":"https:\/\/coworkdigital.com.ar\/hcd\/wp-json\/wp\/v2\/comments?post=5167"}],"version-history":[{"count":0,"href":"https:\/\/coworkdigital.com.ar\/hcd\/wp-json\/wp\/v2\/posts\/5167\/revisions"}],"wp:featuredmedia":[{"embeddable":true,"href":"https:\/\/coworkdigital.com.ar\/hcd\/wp-json\/wp\/v2\/media\/4276"}],"wp:attachment":[{"href":"https:\/\/coworkdigital.com.ar\/hcd\/wp-json\/wp\/v2\/media?parent=5167"}],"wp:term":[{"taxonomy":"category","embeddable":true,"href":"https:\/\/coworkdigital.com.ar\/hcd\/wp-json\/wp\/v2\/categories?post=5167"},{"taxonomy":"post_tag","embeddable":true,"href":"https:\/\/coworkdigital.com.ar\/hcd\/wp-json\/wp\/v2\/tags?post=5167"}],"curies":[{"name":"wp","href":"https:\/\/api.w.org\/{rel}","templated":true}]}}