{"id":5169,"date":"2009-08-04T15:13:35","date_gmt":"2009-08-04T15:13:35","guid":{"rendered":"http:\/\/www.rivadaviamendoza.gob.ar\/hcd\/?p=5169"},"modified":"2009-08-04T15:13:35","modified_gmt":"2009-08-04T15:13:35","slug":"declaracion-13-2009","status":"publish","type":"post","link":"https:\/\/coworkdigital.com.ar\/hcd\/declaracion-13-2009\/","title":{"rendered":"Declaraci\u00f3n 13-2009"},"content":{"rendered":"<p style=\"text-align: center;\"><strong><img fetchpriority=\"high\" decoding=\"async\" class=\"wp-image-1054 aligncenter\" src=\"http:\/\/rd.gov.ar\/wp4\/wp-content\/uploads\/2017\/02\/encabezado-300x60.jpg\" sizes=\"(max-width: 669px) 100vw, 669px\" srcset=\"http:\/\/www.rivadaviamendoza.gob.ar\/hcd\/wp-content\/uploads\/2017\/02\/encabezado-300x60.jpg 300w, http:\/\/www.rivadaviamendoza.gob.ar\/hcd\/wp-content\/uploads\/2017\/02\/encabezado-768x153.jpg 768w, http:\/\/www.rivadaviamendoza.gob.ar\/hcd\/wp-content\/uploads\/2017\/02\/encabezado-1024x203.jpg 1024w\" alt=\"\" width=\"669\" height=\"134\" \/><\/strong><\/p>\n<p style=\"text-align: center;\"><strong>DECLARACI\u00d3N N\u00ba 13<\/strong><\/p>\n<p style=\"text-align: justify;\"><strong>VISTO<br \/>\n<\/strong>El Expediente N\u00ba2009-00223-5, caratulado Bloque Justicialista, presenta proyecto de Declaraci\u00f3n, referido a la adquisici\u00f3n de espacio f\u00edsico destinado a Proyecto de \u201cViolencia Familiar\u201d, y<\/p>\n<p style=\"text-align: justify;\"><strong>CONSIDERANDO<\/strong><br \/>\nQue, el \u00c1rea de Desarrollo Social ejecuta el programa \u201cIgualdad de G\u00e9nero\u201d, donde se destaca el trabajo interdisciplinario e intersectorial que realizan profesionales de desciplinas tales como: Trabajo Social; Derecho; sicolog\u00eda y Medicina, mediante el abordaje de distintas metodolog\u00edas en red, conjuntamente con la Comisar\u00eda 13\u00aa.<br \/>\nQue, en el caso de violencia de g\u00e9nero en una primera instancia, se lleva a cabo la contenci\u00f3n sicol\u00f3gica y social, posteriormente se realiza la orientaci\u00f3n legal y si la v\u00edctima no ha hecho efectiva la denuncia y est\u00e1 dispuesta a haacerla, se la acompa\u00f1a a la Comisar\u00eda. El equipo contin\u00faa asistiendo con tratamiento sicol\u00f3gico, seguimiento social y si fuera necesario con un apoyo econ\u00f3mico.<br \/>\nQue, cabe mencionar que hasta el a\u00f1o 2.007, la Comisar\u00eda 13\u00aa dispon\u00eda de un espacio f\u00edsico exclusivo, la oficina de \u201cViolencia Intrafamiliar\u201d, a cargo de la Principal Carina Castro, qui\u00e9n realizaba el asesoramiento personalizado en cuanto al tipo y forma de denuncia pertinente, y en casos de exclusiones del hogar, hac\u00eda el seguimiento de la correspondiente medida judicial.<br \/>\nQue, actualmente, este espacio f\u00edsico, fue destinado a otra \u00e1rea. La Principal Carina Castro contin\u00faa con la atenci\u00f3n de los casos, aunque se ve muy dif\u00edcil mantener la privacidad que la tem\u00e1tica amerita.<br \/>\nQue es necesario destacar que la red establecida con la polic\u00eda en los casos de violencia, y como integrantes del Centro de Coordinaci\u00f3n de Pol\u00edticas Sociales y Salud, ha sido tomada como ejemplo de trabajo, en red en la provincia.<\/p>\n<p style=\"text-align: justify;\"><strong>POR ELLO<\/strong><br \/>\nEl Concejo Deliberante de Rivadavia, Mendoza, y en uso de sus fcultades:<\/p>\n<p style=\"text-align: center;\"><strong>DECLARA<\/strong><\/p>\n<p style=\"text-align: justify;\"><strong>Art\u00edculo 1\u00ba:<\/strong> El Concejo Deliberante de Rivadavia, provincia de Mendoza, ver\u00eda con agrado que el\u00a0 Ministerio de Seguridad de la provincia, gestione la construcci\u00f3n, refacci\u00f3n y\/o modificaci\u00f3n de alg\u00fan espacio f\u00edsico dentro de la Seccional 13\u00aa, para continuar con la atenci\u00f3n y tratamiento de casos de violencia familiar, permitiendo que la Principal Carina Castro, a cargo de esta tarea, pueda realizar el asesoramiento personalizado seg\u00fan tipo y forma de denuncia, con el seguimiento que la medida judicial necesite, contando con un espacio f\u00edsico que posea la debida privacidad.<\/p>\n<p style=\"text-align: justify;\"><strong>Art\u00edculo 2\u00ba:<\/strong> Rem\u00edtase copia de la presente pieza legal al se\u00f1or Ministro de Seguridada Lic. Carlos Ciurca,\u00a0 para su conocimiento y dem\u00e1s efectos.<\/p>\n<p style=\"text-align: justify;\"><strong>Art\u00edculo 3\u00ba:<\/strong> Comun\u00edquese al Departamento Ejecutivo a sus efectos, e ins\u00e9rtese en el Libro de Declaraciones de este Cuerpo.<\/p>\n<p style=\"text-align: justify;\">Dada en la Sala de Sesiones \u201cBandera Nacional Argentina\u201d, del Concejo Deliberante de Rivadavia, Mendoza, a los 04 d\u00edas del mes de agosto de 2009.<\/p>\n<table>\n<tbody>\n<tr>\n<td style=\"text-align: center;\">ORLANDO JAVIER RODRIGUEZ<\/td>\n<td style=\"text-align: center;\">ENRIQUE LE\u00d3N<\/td>\n<\/tr>\n<tr>\n<td style=\"text-align: center;\">SECRETARIO C.D.<\/td>\n<td style=\"text-align: center;\">PRESIDENTE C.D.<\/td>\n<\/tr>\n<\/tbody>\n<\/table>\n<p style=\"text-align: right;\">Cpde. Expte. N\u00ba 2009-00223-5 C.D.<\/p>\n","protected":false},"excerpt":{"rendered":"<p>DECLARACI\u00d3N N\u00ba 13 VISTO El Expediente N\u00ba2009-00223-5, caratulado Bloque Justicialista, presenta proyecto de Declaraci\u00f3n, referido a la adquisici\u00f3n de espacio f\u00edsico destinado a Proyecto de \u201cViolencia Familiar\u201d, y CONSIDERANDO Que, el \u00c1rea de Desarrollo Social ejecuta el programa \u201cIgualdad de G\u00e9nero\u201d, donde se destaca el trabajo interdisciplinario e intersectorial que realizan profesionales de desciplinas tales [&hellip;]<\/p>\n","protected":false},"author":1,"featured_media":4276,"comment_status":"closed","ping_status":"closed","sticky":false,"template":"","format":"standard","meta":{"_acf_changed":false,"footnotes":""},"categories":[66],"tags":[],"class_list":["post-5169","post","type-post","status-publish","format-standard","has-post-thumbnail","hentry","category-declaraciones"],"acf":[],"_links":{"self":[{"href":"https:\/\/coworkdigital.com.ar\/hcd\/wp-json\/wp\/v2\/posts\/5169","targetHints":{"allow":["GET"]}}],"collection":[{"href":"https:\/\/coworkdigital.com.ar\/hcd\/wp-json\/wp\/v2\/posts"}],"about":[{"href":"https:\/\/coworkdigital.com.ar\/hcd\/wp-json\/wp\/v2\/types\/post"}],"author":[{"embeddable":true,"href":"https:\/\/coworkdigital.com.ar\/hcd\/wp-json\/wp\/v2\/users\/1"}],"replies":[{"embeddable":true,"href":"https:\/\/coworkdigital.com.ar\/hcd\/wp-json\/wp\/v2\/comments?post=5169"}],"version-history":[{"count":0,"href":"https:\/\/coworkdigital.com.ar\/hcd\/wp-json\/wp\/v2\/posts\/5169\/revisions"}],"wp:featuredmedia":[{"embeddable":true,"href":"https:\/\/coworkdigital.com.ar\/hcd\/wp-json\/wp\/v2\/media\/4276"}],"wp:attachment":[{"href":"https:\/\/coworkdigital.com.ar\/hcd\/wp-json\/wp\/v2\/media?parent=5169"}],"wp:term":[{"taxonomy":"category","embeddable":true,"href":"https:\/\/coworkdigital.com.ar\/hcd\/wp-json\/wp\/v2\/categories?post=5169"},{"taxonomy":"post_tag","embeddable":true,"href":"https:\/\/coworkdigital.com.ar\/hcd\/wp-json\/wp\/v2\/tags?post=5169"}],"curies":[{"name":"wp","href":"https:\/\/api.w.org\/{rel}","templated":true}]}}