{"id":5175,"date":"2009-06-09T10:29:24","date_gmt":"2009-06-09T10:29:24","guid":{"rendered":"http:\/\/www.rivadaviamendoza.gob.ar\/hcd\/?p=5175"},"modified":"2009-06-09T10:29:24","modified_gmt":"2009-06-09T10:29:24","slug":"declaracion-10-2009","status":"publish","type":"post","link":"https:\/\/coworkdigital.com.ar\/hcd\/declaracion-10-2009\/","title":{"rendered":"Declaraci\u00f3n 10-2009"},"content":{"rendered":"<p style=\"text-align: center;\"><strong><img fetchpriority=\"high\" decoding=\"async\" class=\"wp-image-1054 aligncenter\" src=\"http:\/\/rd.gov.ar\/wp4\/wp-content\/uploads\/2017\/02\/encabezado-300x60.jpg\" sizes=\"(max-width: 669px) 100vw, 669px\" srcset=\"http:\/\/www.rivadaviamendoza.gob.ar\/hcd\/wp-content\/uploads\/2017\/02\/encabezado-300x60.jpg 300w, http:\/\/www.rivadaviamendoza.gob.ar\/hcd\/wp-content\/uploads\/2017\/02\/encabezado-768x153.jpg 768w, http:\/\/www.rivadaviamendoza.gob.ar\/hcd\/wp-content\/uploads\/2017\/02\/encabezado-1024x203.jpg 1024w\" alt=\"\" width=\"669\" height=\"134\" \/><\/strong><\/p>\n<p style=\"text-align: center;\"><strong>DECLARACION N\u00ba 10<\/strong><\/p>\n<p style=\"text-align: justify;\"><strong>VISTO:<\/strong><br \/>\nEl gran tr\u00e1nsito vehicular en la intersecci\u00f3n de las calles Sarmiento y Belgrano de nuestro Departamento, y<\/p>\n<p style=\"text-align: justify;\"><strong>CONSIDERANDO:<br \/>\n<\/strong>Que desde el municipio, como ente gubernamental, debe propenderse a generar pol\u00edticas, que tengan como objetivo primordial la seguridad e integridad de habitantes, automovilistas, transe\u00fantes, ciclistas, etc.<br \/>\nQue se hace necesaria la prevenci\u00f3n de accidentes regulando el tr\u00e1nsito vehicular de calle Sarmiento, que es una de las principales arterias del Departamento.<br \/>\nQue la intersecci\u00f3n con calle Belgrano es un punto considerado de alto riesgo por el gran flujo vehicular. Ya que por \u00e9sta se ingresa a los Barrios Rini, 9 de Julio y comunica con Calles Cha\u00f1ar y G\u00fcemes, arterias \u00e9stas de ingreso y egreso del Departamento.<br \/>\nQue sumado a lo antes mencionado, el flujo vehicular se ver\u00e1 incrementado\u00a0 por el asfalto que hoy se est\u00e1 haciendo en las calles de estos barrios. Por lo que ser\u00eda conveniente y necesaria, la instalaci\u00f3n de un sem\u00e1foro que regule el tr\u00e1nsito.<\/p>\n<p style=\"text-align: justify;\"><strong>POR ELLO:<\/strong><br \/>\nEl Concejo Deliberante de Rivadavia, Mendoza y en uso de sus facultades:<\/p>\n<p style=\"text-align: center;\"><strong>DECLARA<\/strong><\/p>\n<p style=\"text-align: justify;\"><strong>Art\u00edculo 1\u00ba:<\/strong> El Concejo Deliberante de Rivadavia ver\u00eda con agrado que el Departamento Ejecutivo Municipal arbitre los medios correspondientes para la colocaci\u00f3n de un sem\u00e1foro en la intersecci\u00f3n de calles Sarmiento y Belgrano de nuestro Departamento.<\/p>\n<p style=\"text-align: justify;\"><strong>Art\u00edculo 2\u00ba:<\/strong> Comun\u00edquese al Departamento Ejecutivo Municipal a sus efectos, e ins\u00e9rtese en el Libro de Declaraciones de este Cuerpo.<\/p>\n<p style=\"text-align: justify;\">Dada en la Sala de Sesiones \u201cBandera Nacional Argentina\u201d, del Concejo Deliberante de Rivadavia, Mendoza, a los 09 d\u00edas del mes de junio de 2009.<\/p>\n<table>\n<tbody>\n<tr>\n<td style=\"text-align: center;\">ORLANDO JAVIER RODRIGUEZ<\/td>\n<td style=\"text-align: center;\">ENRIQUE LE\u00d3N<\/td>\n<\/tr>\n<tr>\n<td style=\"text-align: center;\">SECRETARIO C.D.<\/td>\n<td style=\"text-align: center;\">PRESIDENTE C.D.<\/td>\n<\/tr>\n<\/tbody>\n<\/table>\n<p style=\"text-align: right;\">Cpde. Expte. N\u00ba 2009-00171-6 C.D.<\/p>\n","protected":false},"excerpt":{"rendered":"<p>DECLARACION N\u00ba 10 VISTO: El gran tr\u00e1nsito vehicular en la intersecci\u00f3n de las calles Sarmiento y Belgrano de nuestro Departamento, y CONSIDERANDO: Que desde el municipio, como ente gubernamental, debe propenderse a generar pol\u00edticas, que tengan como objetivo primordial la seguridad e integridad de habitantes, automovilistas, transe\u00fantes, ciclistas, etc. Que se hace necesaria la prevenci\u00f3n [&hellip;]<\/p>\n","protected":false},"author":1,"featured_media":4276,"comment_status":"closed","ping_status":"closed","sticky":false,"template":"","format":"standard","meta":{"_acf_changed":false,"footnotes":""},"categories":[66],"tags":[],"class_list":["post-5175","post","type-post","status-publish","format-standard","has-post-thumbnail","hentry","category-declaraciones"],"acf":[],"_links":{"self":[{"href":"https:\/\/coworkdigital.com.ar\/hcd\/wp-json\/wp\/v2\/posts\/5175","targetHints":{"allow":["GET"]}}],"collection":[{"href":"https:\/\/coworkdigital.com.ar\/hcd\/wp-json\/wp\/v2\/posts"}],"about":[{"href":"https:\/\/coworkdigital.com.ar\/hcd\/wp-json\/wp\/v2\/types\/post"}],"author":[{"embeddable":true,"href":"https:\/\/coworkdigital.com.ar\/hcd\/wp-json\/wp\/v2\/users\/1"}],"replies":[{"embeddable":true,"href":"https:\/\/coworkdigital.com.ar\/hcd\/wp-json\/wp\/v2\/comments?post=5175"}],"version-history":[{"count":0,"href":"https:\/\/coworkdigital.com.ar\/hcd\/wp-json\/wp\/v2\/posts\/5175\/revisions"}],"wp:featuredmedia":[{"embeddable":true,"href":"https:\/\/coworkdigital.com.ar\/hcd\/wp-json\/wp\/v2\/media\/4276"}],"wp:attachment":[{"href":"https:\/\/coworkdigital.com.ar\/hcd\/wp-json\/wp\/v2\/media?parent=5175"}],"wp:term":[{"taxonomy":"category","embeddable":true,"href":"https:\/\/coworkdigital.com.ar\/hcd\/wp-json\/wp\/v2\/categories?post=5175"},{"taxonomy":"post_tag","embeddable":true,"href":"https:\/\/coworkdigital.com.ar\/hcd\/wp-json\/wp\/v2\/tags?post=5175"}],"curies":[{"name":"wp","href":"https:\/\/api.w.org\/{rel}","templated":true}]}}