{"id":5179,"date":"2009-05-19T10:52:01","date_gmt":"2009-05-19T10:52:01","guid":{"rendered":"http:\/\/www.rivadaviamendoza.gob.ar\/hcd\/?p=5179"},"modified":"2009-05-19T10:52:01","modified_gmt":"2009-05-19T10:52:01","slug":"declaracion-08-2009","status":"publish","type":"post","link":"https:\/\/coworkdigital.com.ar\/hcd\/declaracion-08-2009\/","title":{"rendered":"Declaraci\u00f3n 08-2009"},"content":{"rendered":"<p style=\"text-align: center;\"><strong><img fetchpriority=\"high\" decoding=\"async\" class=\"wp-image-1054 aligncenter\" src=\"http:\/\/rd.gov.ar\/wp4\/wp-content\/uploads\/2017\/02\/encabezado-300x60.jpg\" sizes=\"(max-width: 669px) 100vw, 669px\" srcset=\"http:\/\/www.rivadaviamendoza.gob.ar\/hcd\/wp-content\/uploads\/2017\/02\/encabezado-300x60.jpg 300w, http:\/\/www.rivadaviamendoza.gob.ar\/hcd\/wp-content\/uploads\/2017\/02\/encabezado-768x153.jpg 768w, http:\/\/www.rivadaviamendoza.gob.ar\/hcd\/wp-content\/uploads\/2017\/02\/encabezado-1024x203.jpg 1024w\" alt=\"\" width=\"669\" height=\"134\" \/><\/strong><\/p>\n<p style=\"text-align: center;\"><strong>DECLARACI\u00d3N N\u00ba 8<\/strong><\/p>\n<p style=\"text-align: justify;\"><strong>VISTO:<\/strong><br \/>\nEl Expediente N\u00b0 2009-00144-3, caratulado Bloque Justicialista, Concejal Montiveros, presenta proyecto de Declaraci\u00f3n sobre pedido de espacio f\u00edsico para el Instituto de Educaci\u00f3n superior N\u00ba 9-015 \u201cUnidad Acad\u00e9mica de Rivadavia\u201d, y<\/p>\n<p style=\"text-align: justify;\"><strong>CONSIDERANDO:<\/strong><br \/>\nLas necesidades de la comunidad de Rivadavia ante la posibilidad de acceder a un estudio terciario y que el mismo tenga respuesta r\u00e1pida y efectiva a la falta de demanda laboral del sector de salud en la provincia de Mendoza.<br \/>\nQue en la Ciudad de Rivadavia se encuentra ya constituido el Instituto de Educaci\u00f3n Superior N\u00ba 9-015, con su Unidad Acad\u00e9mica de Rivadavia Dr. Carlos Saporiti, destinado a formar egresados de la carrera de Enfermer\u00eda Profesional y la necesidad urgente del mismo de poseer un espacio f\u00edsico, con el objetivo de constituir una comunidad educativa para que sirva de contenci\u00f3n institucional, teniendo a su alcance m\u00e1s cercano todas las herramientas necesarias para brindar una mayor educaci\u00f3n.<br \/>\nDicho Instituto cuenta en la actualidad con una matr\u00edcula de 210 (doscientos diez) alumnos aproximadamente, en sus tres divisiones.<br \/>\nEs bueno manifestar tambi\u00e9n, que el Instituto en la actualidad es el \u00fanico que\u00a0 brinda\u00a0 educaci\u00f3n p\u00fablica para la sociedad en lo que se refiere a dicha carrera, ofreciendo adem\u00e1s dos formas de acceder al t\u00edtulo de Enfermero Profesional.<br \/>\nLa primera opci\u00f3n est\u00e1 destinada a aquellos egresados de la carrera de Auxiliares de Enfermer\u00eda, brind\u00e1ndole la posibilidad de profesionalizar el t\u00edtulo, obteniendo as\u00ed el titulo de Profesionalizaci\u00f3n Auxiliares de Enfermer\u00eda. Y la segunda opci\u00f3n est\u00e1 destinada a aquellas personas que est\u00e9n interesadas en la carrera de Enfermero Profesional, de las cuales en su totalidad no cuentan con las capacidades y experiencias que dota la carrera para su alumnado.<br \/>\nEs importante citar como ejemplo el art\u00edculo publicado por la Agencia Nova, con fecha 12 de Marzo de 2009, donde esboza lo siguiente:<br \/>\nCAPITAL FEDERAL, Marzo 12 (Por <strong>Mart\u00edn Rodr\u00edguez Rocha<\/strong>, corresponsal de Agencia NOVA en el Congreso de la Naci\u00f3n) La C\u00e1mara de Diputados, en su sesi\u00f3n de este mi\u00e9rcoles, dio media sanci\u00f3n a un proyecto del Poder Ejecutivo que declara la emergencia nacional de los recursos humanos en enfermer\u00eda, a fin de resolver el d\u00e9ficit de profesionales que padece el pa\u00eds. La iniciativa tuvo el apoyo un\u00e1nime de los legisladores de todas las bancadas, aunque con algunas disidencias en el articulado. La votaci\u00f3n en general arroj\u00f3 153 diputados a favor de la norma y ninguno en contra.<\/p>\n<p style=\"text-align: justify;\"><strong>POR ELLO:<\/strong><br \/>\nEl Concejo Deliberante de Rivadavia, Mendoza y en uso de sus facultades:<\/p>\n<p style=\"text-align: center;\"><strong>DECLARA<\/strong><\/p>\n<p style=\"text-align: justify;\"><strong>Art\u00edculo 1\u00ba:<\/strong> El Concejo Deliberante de Rivadavia ver\u00eda con agrado que el Departamento Ejecutivo Municipal realice las gestiones que correspondan, ante el Ministerio de Salud (Hospital Carlos Saporiti); Direcci\u00f3n General de Escuelas de la Provincia; Asociaci\u00f3n Jubilados de la Naci\u00f3n y\/o distintos Organismos locales, a los efectos de obtener un espacio f\u00edsico destinado a albergar a los alumnos que cursan la carrera de enfermer\u00eda profesional en el Instituto de Educaci\u00f3n Superior N\u00ba 9-015, con su unidad Acad\u00e9mica de Rivadavia, Dr. Carlos Saporiti.<\/p>\n<p style=\"text-align: justify;\"><strong>Art\u00edculo 2\u00ba:<\/strong> Comun\u00edquese al Departamento Ejecutivo a sus efectos,\u00a0 e ins\u00e9rtese en el Libro de Declaraciones de este Cuerpo.<\/p>\n<p style=\"text-align: justify;\">Dada en la Sala de Sesiones \u201cBandera Nacional Argentina\u201d, del Concejo Deliberante de Rivadavia, Mendoza, a los 19 d\u00edas del mes de mayo de 2009.<\/p>\n<table>\n<tbody>\n<tr>\n<td style=\"text-align: center;\">ORLANDO JAVIER RODRIGUEZ<\/td>\n<td style=\"text-align: center;\">ENRIQUE LE\u00d3N<\/td>\n<\/tr>\n<tr>\n<td style=\"text-align: center;\">SECRETARIO C.D.<\/td>\n<td style=\"text-align: center;\">PRESIDENTE C.D.<\/td>\n<\/tr>\n<\/tbody>\n<\/table>\n<p style=\"text-align: right;\">Cpde. Expte. N\u00ba 2009-00144-3 C.D.<\/p>\n","protected":false},"excerpt":{"rendered":"<p>DECLARACI\u00d3N N\u00ba 8 VISTO: El Expediente N\u00b0 2009-00144-3, caratulado Bloque Justicialista, Concejal Montiveros, presenta proyecto de Declaraci\u00f3n sobre pedido de espacio f\u00edsico para el Instituto de Educaci\u00f3n superior N\u00ba 9-015 \u201cUnidad Acad\u00e9mica de Rivadavia\u201d, y CONSIDERANDO: Las necesidades de la comunidad de Rivadavia ante la posibilidad de acceder a un estudio terciario y que el [&hellip;]<\/p>\n","protected":false},"author":1,"featured_media":4276,"comment_status":"closed","ping_status":"closed","sticky":false,"template":"","format":"standard","meta":{"_acf_changed":false,"footnotes":""},"categories":[66],"tags":[],"class_list":["post-5179","post","type-post","status-publish","format-standard","has-post-thumbnail","hentry","category-declaraciones"],"acf":[],"_links":{"self":[{"href":"https:\/\/coworkdigital.com.ar\/hcd\/wp-json\/wp\/v2\/posts\/5179","targetHints":{"allow":["GET"]}}],"collection":[{"href":"https:\/\/coworkdigital.com.ar\/hcd\/wp-json\/wp\/v2\/posts"}],"about":[{"href":"https:\/\/coworkdigital.com.ar\/hcd\/wp-json\/wp\/v2\/types\/post"}],"author":[{"embeddable":true,"href":"https:\/\/coworkdigital.com.ar\/hcd\/wp-json\/wp\/v2\/users\/1"}],"replies":[{"embeddable":true,"href":"https:\/\/coworkdigital.com.ar\/hcd\/wp-json\/wp\/v2\/comments?post=5179"}],"version-history":[{"count":0,"href":"https:\/\/coworkdigital.com.ar\/hcd\/wp-json\/wp\/v2\/posts\/5179\/revisions"}],"wp:featuredmedia":[{"embeddable":true,"href":"https:\/\/coworkdigital.com.ar\/hcd\/wp-json\/wp\/v2\/media\/4276"}],"wp:attachment":[{"href":"https:\/\/coworkdigital.com.ar\/hcd\/wp-json\/wp\/v2\/media?parent=5179"}],"wp:term":[{"taxonomy":"category","embeddable":true,"href":"https:\/\/coworkdigital.com.ar\/hcd\/wp-json\/wp\/v2\/categories?post=5179"},{"taxonomy":"post_tag","embeddable":true,"href":"https:\/\/coworkdigital.com.ar\/hcd\/wp-json\/wp\/v2\/tags?post=5179"}],"curies":[{"name":"wp","href":"https:\/\/api.w.org\/{rel}","templated":true}]}}