{"id":5185,"date":"2009-04-28T11:20:12","date_gmt":"2009-04-28T11:20:12","guid":{"rendered":"http:\/\/www.rivadaviamendoza.gob.ar\/hcd\/?p=5185"},"modified":"2009-04-28T11:20:12","modified_gmt":"2009-04-28T11:20:12","slug":"declaracion-05-2009","status":"publish","type":"post","link":"https:\/\/coworkdigital.com.ar\/hcd\/declaracion-05-2009\/","title":{"rendered":"Declaraci\u00f3n 05-2009"},"content":{"rendered":"<p style=\"text-align: center;\"><strong><img fetchpriority=\"high\" decoding=\"async\" class=\"wp-image-1054 aligncenter\" src=\"http:\/\/rd.gov.ar\/wp4\/wp-content\/uploads\/2017\/02\/encabezado-300x60.jpg\" sizes=\"(max-width: 669px) 100vw, 669px\" srcset=\"http:\/\/www.rivadaviamendoza.gob.ar\/hcd\/wp-content\/uploads\/2017\/02\/encabezado-300x60.jpg 300w, http:\/\/www.rivadaviamendoza.gob.ar\/hcd\/wp-content\/uploads\/2017\/02\/encabezado-768x153.jpg 768w, http:\/\/www.rivadaviamendoza.gob.ar\/hcd\/wp-content\/uploads\/2017\/02\/encabezado-1024x203.jpg 1024w\" alt=\"\" width=\"669\" height=\"134\" \/><\/strong><\/p>\n<p style=\"text-align: center;\"><strong>DECLARACI\u00d3N N\u00ba 5<\/strong><\/p>\n<p style=\"text-align: justify;\"><strong>VISTO:<br \/>\n<\/strong>El Expediente N\u00b0 2009-00103-9, caratulado Bloque Socialista, Concejales Heras \u2013 Santarelli, presentan proyecto de Declaraci\u00f3n: referido a gestionar recorrido de transporte urbano, y<\/p>\n<p style=\"text-align: justify;\"><strong>CONSIDERANDO:<\/strong><br \/>\nLa necesidad de incorporar un nuevo recorrido urbano que contemple los barrios perif\u00e9ricos de la Ciudad de Rivadavia.<br \/>\nQue el Concejo Deliberante de Rivadavia realiz\u00f3 una propuesta de trabajo elaborada con uniones vecinales, instituciones escolares y usuarios, durante los a\u00f1os 2006, 2007 y 2008, con motivo del nuevo llamado a licitaci\u00f3n para el transporte p\u00fablico de pasajeros de media y larga distancia de la Zona Este.<br \/>\nQue estos aportes suger\u00edan incorporar un nuevo recorrido urbano, que contemplara los barrios perif\u00e9ricos de la Ciudad, partiendo desde la Terminal de Rivadavia, Liniers, Moreno, Sarmiento, Mario Vitale, Cha\u00f1ar, Col\u00f3n, Rotonda El Lago, Jos\u00e9 Hern\u00e1ndez, Sargento Cabral, Independencia, Mariano G\u00f3mez, Almirante Brown, Urquiza, Alem, Arenales, Avellaneda, Capit\u00e1n Buchardo, Maza, Lamadrid, Liberal, W. N\u00fa\u00f1ez, Isaac Estrella, San Isidro, Rotonda Mundo Nuevo, Retamo, Comandante Torres, Cha\u00f1ar, G\u00fcemes, Liniers, Terminal de Rivadavia. Con frecuencias de lunes a domingo, con 12 recorridos diarios, que incluya horarios escolares y cinco frecuencias los d\u00edas domingos y feriados.<br \/>\nQue, en el mismo sentido, fue aprobada el 1 de abril del 2008 la Declaraci\u00f3n N\u00ba 14\/08, adjunt\u00e1ndose copias del trabajo realizado en el Departamento al Subsecretario de Transporte de la Provincia.<br \/>\nQue el Director de V\u00edas y Medios de Transporte,\u00a0 Dr. Andr\u00e9s Da Rol, como Concejal del departamento de Rivadavia, y antes de asumir esa Direcci\u00f3n, se comprometi\u00f3 a realizar las gestiones pertinentes.<\/p>\n<p style=\"text-align: justify;\"><strong>POR ELLO:<\/strong><br \/>\nEl Concejo Deliberante de Rivadavia, Mendoza y en uso de sus facultades:<\/p>\n<p style=\"text-align: center;\"><strong>DECLARA<\/strong><\/p>\n<p style=\"text-align: justify;\"><strong>Art\u00edculo 1\u00ba:<\/strong> Este Concejo Deliberante ver\u00eda con agrado que el Gobierno de la provincia de Mendoza, a trav\u00e9s de la Direcci\u00f3n de V\u00edas y Medios de Transporte, realice las gestiones pertinentes para la concreci\u00f3n del recorrido urbano, propuesto en la pasada licitaci\u00f3n del transporte p\u00fablico de pasajeros para la Zona Este, que contempla los barrios perif\u00e9ricos de la Ciudad de Rivadavia. (desde la Terminal de Rivadavia, Liniers, Moreno, Sarmiento, Mario Vitale, Cha\u00f1ar, Col\u00f3n, Rotonda El Lago, Jos\u00e9 Hern\u00e1ndez, Sargento Cabral, Independencia, Mariano G\u00f3mez, Almirante Brown, Urquiza, Alem, Arenales, Avellaneda, Capit\u00e1n Buchardo, Maza, Lamadrid, Liberal, W. N\u00fa\u00f1ez, Isaac Estrella, San Isidro, Rotonda Mundo Nuevo, Retamo, Comandante Torres, Cha\u00f1ar, G\u00fcemes, Liniers, Terminal de Rivadavia. Con frecuencias de lunes a domingo, con 12 recorridos diarios, que incluyan horarios escolares y 5 frecuencias los domingos y feriados.)<\/p>\n<p style=\"text-align: justify;\"><strong>Art\u00edculo 2\u00ba:<\/strong> Remitir la presente Declaraci\u00f3n con copia del Acta de la Sesi\u00f3n Especial donde se acepta la renuncia del concejal Andr\u00e9s Da Rold,\u00a0 a las C\u00e1maras de Diputados y Senadores de la provincia de Mendoza, al Ministerio de Infraestructura, Vivienda y Transporte y a la Direcci\u00f3n de V\u00edas y Medios de Transporte.<\/p>\n<p style=\"text-align: justify;\"><strong>Art\u00edculo 3\u00ba:<\/strong> Comun\u00edquese al Departamento Ejecutivo a sus efectos,\u00a0 e ins\u00e9rtese en el Libro de Declaraciones de este Cuerpo.<\/p>\n<p style=\"text-align: justify;\">Dada en la Sala de Sesiones \u201cBandera Nacional Argentina\u201d, del Concejo Deliberante de Rivadavia, Mendoza, a los 28 d\u00edas del mes de abril de 2009.<\/p>\n<table>\n<tbody>\n<tr>\n<td style=\"text-align: center;\">ORLANDO JAVIER RODRIGUEZ<\/td>\n<td style=\"text-align: center;\">ENRIQUE LE\u00d3N<\/td>\n<\/tr>\n<tr>\n<td style=\"text-align: center;\">SECRETARIO C.D.<\/td>\n<td style=\"text-align: center;\">PRESIDENTE C.D.<\/td>\n<\/tr>\n<\/tbody>\n<\/table>\n<p style=\"text-align: right;\">Cpde. Expte. N\u00ba 2009-00103-9 C.D.<\/p>\n","protected":false},"excerpt":{"rendered":"<p>DECLARACI\u00d3N N\u00ba 5 VISTO: El Expediente N\u00b0 2009-00103-9, caratulado Bloque Socialista, Concejales Heras \u2013 Santarelli, presentan proyecto de Declaraci\u00f3n: referido a gestionar recorrido de transporte urbano, y CONSIDERANDO: La necesidad de incorporar un nuevo recorrido urbano que contemple los barrios perif\u00e9ricos de la Ciudad de Rivadavia. Que el Concejo Deliberante de Rivadavia realiz\u00f3 una propuesta [&hellip;]<\/p>\n","protected":false},"author":1,"featured_media":4276,"comment_status":"closed","ping_status":"closed","sticky":false,"template":"","format":"standard","meta":{"_acf_changed":false,"footnotes":""},"categories":[66],"tags":[],"class_list":["post-5185","post","type-post","status-publish","format-standard","has-post-thumbnail","hentry","category-declaraciones"],"acf":[],"_links":{"self":[{"href":"https:\/\/coworkdigital.com.ar\/hcd\/wp-json\/wp\/v2\/posts\/5185","targetHints":{"allow":["GET"]}}],"collection":[{"href":"https:\/\/coworkdigital.com.ar\/hcd\/wp-json\/wp\/v2\/posts"}],"about":[{"href":"https:\/\/coworkdigital.com.ar\/hcd\/wp-json\/wp\/v2\/types\/post"}],"author":[{"embeddable":true,"href":"https:\/\/coworkdigital.com.ar\/hcd\/wp-json\/wp\/v2\/users\/1"}],"replies":[{"embeddable":true,"href":"https:\/\/coworkdigital.com.ar\/hcd\/wp-json\/wp\/v2\/comments?post=5185"}],"version-history":[{"count":0,"href":"https:\/\/coworkdigital.com.ar\/hcd\/wp-json\/wp\/v2\/posts\/5185\/revisions"}],"wp:featuredmedia":[{"embeddable":true,"href":"https:\/\/coworkdigital.com.ar\/hcd\/wp-json\/wp\/v2\/media\/4276"}],"wp:attachment":[{"href":"https:\/\/coworkdigital.com.ar\/hcd\/wp-json\/wp\/v2\/media?parent=5185"}],"wp:term":[{"taxonomy":"category","embeddable":true,"href":"https:\/\/coworkdigital.com.ar\/hcd\/wp-json\/wp\/v2\/categories?post=5185"},{"taxonomy":"post_tag","embeddable":true,"href":"https:\/\/coworkdigital.com.ar\/hcd\/wp-json\/wp\/v2\/tags?post=5185"}],"curies":[{"name":"wp","href":"https:\/\/api.w.org\/{rel}","templated":true}]}}