{"id":5189,"date":"2009-04-14T11:37:38","date_gmt":"2009-04-14T11:37:38","guid":{"rendered":"http:\/\/www.rivadaviamendoza.gob.ar\/hcd\/?p=5189"},"modified":"2009-04-14T11:37:38","modified_gmt":"2009-04-14T11:37:38","slug":"declaracion-03-2009","status":"publish","type":"post","link":"https:\/\/coworkdigital.com.ar\/hcd\/declaracion-03-2009\/","title":{"rendered":"Declaraci\u00f3n 03-2009"},"content":{"rendered":"<p style=\"text-align: center;\"><strong><img fetchpriority=\"high\" decoding=\"async\" class=\"wp-image-1054 aligncenter\" src=\"http:\/\/rd.gov.ar\/wp4\/wp-content\/uploads\/2017\/02\/encabezado-300x60.jpg\" sizes=\"(max-width: 669px) 100vw, 669px\" srcset=\"http:\/\/www.rivadaviamendoza.gob.ar\/hcd\/wp-content\/uploads\/2017\/02\/encabezado-300x60.jpg 300w, http:\/\/www.rivadaviamendoza.gob.ar\/hcd\/wp-content\/uploads\/2017\/02\/encabezado-768x153.jpg 768w, http:\/\/www.rivadaviamendoza.gob.ar\/hcd\/wp-content\/uploads\/2017\/02\/encabezado-1024x203.jpg 1024w\" alt=\"\" width=\"669\" height=\"134\" \/><\/strong><\/p>\n<p style=\"text-align: center;\"><strong>DECLARACI\u00d3N N\u00ba 3<\/strong><\/p>\n<p style=\"text-align: justify;\"><strong>VISTO:<br \/>\n<\/strong>El Expediente Municipal N\u00b0 2009-03738-9, caratulado Fundaci\u00f3n Mundo sin Guerra, solicita Declarar de Inter\u00e9s Municipal a la \u201cMarcha Mundial por la Paz y la no Violencia\u201d, y<\/p>\n<p style=\"text-align: justify;\"><strong>CONSIDERANDO:<\/strong><br \/>\nQue la propuesta de la marcha mundial por la paz y la no violencia movilizar\u00e1 en su extenso recorrido a millones de habitantes, inici\u00e1ndose en octubre del 2009 en Nueva Zelanda y que terminar\u00e1 en la frontera de Chile y Argentina en el 2010.<br \/>\nAm\u00e9rica Latina puede festejar que tiene la democracia m\u00e1s continuada de toda su historia porque salimos de ese gran campo de concentraci\u00f3n que fue este cono sur en los 70, aunque\u00a0 seguimos siendo no la regi\u00f3n m\u00e1s pobre pero s\u00ed la\u00a0 m\u00e1s desigual.<br \/>\nVivimos en un mundo muy complejo. Suenan los tambores de la guerra, vemos la matanza de ni\u00f1os inocentes. Hoy tenemos que condenar los tiempos de la violencia. No fue casual y ni es casual que a lo largo de la historia, una de las consignas fundamentales haya sido siempre la consigna de la paz. La paz nos dice mucho sobre el piso m\u00ednimo de convivencia entre los seres humanos, y por eso la importancia de la condena a la guerra.<br \/>\nDec\u00eda un proverbio \u00e1rabe que cita a Sim\u00f3n P\u00e9rez, que fue primer Ministro Israel\u00ed del Partido Laborista, en uno de sus tantos libros que dice: \u201cque un anciano le preguntaba a otro cu\u00e1l era la diferencia entre la guerra y la paz y el otro le respond\u00eda, en los tiempos de paz, los hijos entierran a los padres y que en los tiempos de guerra son los padres quienes entierran a sus hijos\u201d.<br \/>\nEl pronunciamiento por la paz y la no violencia, por el derecho que tienen los estados a que se respete la cultura de cada uno, sus religiones, su idiosincrasia. Saber que est\u00e1 en la\u00a0 \u201cPol\u00edtica\u201d con may\u00fascula, la capacidad de salir de la locura, del genocidio, de esta peligrosa situaci\u00f3n mundial que nos lleva a las guerras con armamento nuclear, a un callej\u00f3n sin salida y a la mayor cat\u00e1strofe humana de la historia.<\/p>\n<p style=\"text-align: justify;\"><strong>POR ELLO:<\/strong><br \/>\nEl Concejo Deliberante de Rivadavia, Mendoza y en uso de sus facultades:<\/p>\n<p style=\"text-align: center;\"><strong>DECLARA<\/strong><\/p>\n<p style=\"text-align: justify;\"><strong>Art\u00edculo 1\u00ba:<\/strong> El Concejo Deliberante de Rivadavia Mendoza, declara de Inter\u00e9s Municipal la Marcha Mundial por la Paz y la No Violencia, la que dar\u00e1 comienzo el d\u00eda 2 de octubre del 2009 en Nueva Zelanda y finalizar\u00e1 el 2 de enero del 2010 en el Parque Punta de Vacas, Provincia de Mendoza, Argentina.<\/p>\n<p style=\"text-align: justify;\"><strong>Art\u00edculo 2\u00ba:<\/strong> Remitir copia de la presente pieza legal a la Fundaci\u00f3n Mundo Sin Guerra.<\/p>\n<p style=\"text-align: justify;\"><strong>Art\u00edculo 3\u00ba:<\/strong> Lo dispuesto en el Art\u00edculo 1\u00ba no demandara ninguna erogaci\u00f3n al Departamento Ejecutivo Municipal.<\/p>\n<p style=\"text-align: justify;\"><strong>Art\u00edculo 4\u00ba:<\/strong> Comun\u00edquese al Departamento Ejecutivo a sus efectos,\u00a0 e ins\u00e9rtese en el Libro de Declaraciones de este Cuerpo.<\/p>\n<p style=\"text-align: justify;\">Dada en la Sala de Sesiones \u201cBandera Nacional Argentina\u201d, del Concejo Deliberante de Rivadavia, Mendoza, a los 14 d\u00edas del mes de abril de 2009.<\/p>\n<table>\n<tbody>\n<tr>\n<td style=\"text-align: center;\">ORLANDO JAVIER RODRIGUEZ<\/td>\n<td style=\"text-align: center;\">ENRIQUE LE\u00d3N<\/td>\n<\/tr>\n<tr>\n<td style=\"text-align: center;\">SECRETARIO C.D.<\/td>\n<td style=\"text-align: center;\">PRESIDENTE C.D.<\/td>\n<\/tr>\n<\/tbody>\n<\/table>\n<p style=\"text-align: right;\">Cpde. Expte. N\u00ba 2009-00076-7 C.D.<br \/>\n2009-03738-9 D.E.<\/p>\n","protected":false},"excerpt":{"rendered":"<p>DECLARACI\u00d3N N\u00ba 3 VISTO: El Expediente Municipal N\u00b0 2009-03738-9, caratulado Fundaci\u00f3n Mundo sin Guerra, solicita Declarar de Inter\u00e9s Municipal a la \u201cMarcha Mundial por la Paz y la no Violencia\u201d, y CONSIDERANDO: Que la propuesta de la marcha mundial por la paz y la no violencia movilizar\u00e1 en su extenso recorrido a millones de habitantes, [&hellip;]<\/p>\n","protected":false},"author":1,"featured_media":4276,"comment_status":"closed","ping_status":"closed","sticky":false,"template":"","format":"standard","meta":{"_acf_changed":false,"footnotes":""},"categories":[66],"tags":[],"class_list":["post-5189","post","type-post","status-publish","format-standard","has-post-thumbnail","hentry","category-declaraciones"],"acf":[],"_links":{"self":[{"href":"https:\/\/coworkdigital.com.ar\/hcd\/wp-json\/wp\/v2\/posts\/5189","targetHints":{"allow":["GET"]}}],"collection":[{"href":"https:\/\/coworkdigital.com.ar\/hcd\/wp-json\/wp\/v2\/posts"}],"about":[{"href":"https:\/\/coworkdigital.com.ar\/hcd\/wp-json\/wp\/v2\/types\/post"}],"author":[{"embeddable":true,"href":"https:\/\/coworkdigital.com.ar\/hcd\/wp-json\/wp\/v2\/users\/1"}],"replies":[{"embeddable":true,"href":"https:\/\/coworkdigital.com.ar\/hcd\/wp-json\/wp\/v2\/comments?post=5189"}],"version-history":[{"count":0,"href":"https:\/\/coworkdigital.com.ar\/hcd\/wp-json\/wp\/v2\/posts\/5189\/revisions"}],"wp:featuredmedia":[{"embeddable":true,"href":"https:\/\/coworkdigital.com.ar\/hcd\/wp-json\/wp\/v2\/media\/4276"}],"wp:attachment":[{"href":"https:\/\/coworkdigital.com.ar\/hcd\/wp-json\/wp\/v2\/media?parent=5189"}],"wp:term":[{"taxonomy":"category","embeddable":true,"href":"https:\/\/coworkdigital.com.ar\/hcd\/wp-json\/wp\/v2\/categories?post=5189"},{"taxonomy":"post_tag","embeddable":true,"href":"https:\/\/coworkdigital.com.ar\/hcd\/wp-json\/wp\/v2\/tags?post=5189"}],"curies":[{"name":"wp","href":"https:\/\/api.w.org\/{rel}","templated":true}]}}