{"id":5191,"date":"2009-03-31T12:28:43","date_gmt":"2009-03-31T12:28:43","guid":{"rendered":"http:\/\/www.rivadaviamendoza.gob.ar\/hcd\/?p=5191"},"modified":"2009-03-31T12:28:43","modified_gmt":"2009-03-31T12:28:43","slug":"declaracion-02-2009","status":"publish","type":"post","link":"https:\/\/coworkdigital.com.ar\/hcd\/declaracion-02-2009\/","title":{"rendered":"Declaraci\u00f3n 02-2009"},"content":{"rendered":"<p style=\"text-align: center;\"><strong><img fetchpriority=\"high\" decoding=\"async\" class=\"wp-image-1054 aligncenter\" src=\"http:\/\/rd.gov.ar\/wp4\/wp-content\/uploads\/2017\/02\/encabezado-300x60.jpg\" sizes=\"(max-width: 669px) 100vw, 669px\" srcset=\"http:\/\/www.rivadaviamendoza.gob.ar\/hcd\/wp-content\/uploads\/2017\/02\/encabezado-300x60.jpg 300w, http:\/\/www.rivadaviamendoza.gob.ar\/hcd\/wp-content\/uploads\/2017\/02\/encabezado-768x153.jpg 768w, http:\/\/www.rivadaviamendoza.gob.ar\/hcd\/wp-content\/uploads\/2017\/02\/encabezado-1024x203.jpg 1024w\" alt=\"\" width=\"669\" height=\"134\" \/><\/strong><\/p>\n<p style=\"text-align: center;\"><strong>DECLARACI\u00d3N N\u00ba 2<\/strong><\/p>\n<p style=\"text-align: justify;\"><strong>VISTO:<\/strong><br \/>\nLos graves actos de censura que abiertamente se vienen realizando en contra de periodistas independientes, quienes son desplazados de sus programas por difundir informaci\u00f3n referida a serias anormalidades en acciones de gobierno, de notorio inter\u00e9s p\u00fablico y period\u00edstico, en particular el caso del Periodista Nelson Castro en Radio Del Plata, que es el \u00faltimo conocido, y el m\u00e1s descarnado acto de intolerancia period\u00edstica, que reconoce su origen en los mandatos del Gobierno Nacional, al dimanar de una empresa de reconocidos v\u00ednculos y negocios con el gobierno kirchnerista que reciente y vulnera la libertad de expresi\u00f3n, y<\/p>\n<p style=\"text-align: justify;\"><strong>CONSIDERANDO:<br \/>\n<\/strong>Que esta situaci\u00f3n, se viene reiterando cada vez con mayor impudor y falta de aprensi\u00f3n, llegando a censurar a periodistas de reconocida independencia y probada objetividad, mediante su remoci\u00f3n lisa y llana de los medios de prensa, en los que trabajan desde hace a\u00f1os, y desde los cuales dirigen\u00a0 programas de inter\u00e9s p\u00fablico y audiencia masiva.<br \/>\nEs sabido que este accionar viene siendo instigado por parte de los nuevos propietarios de los medios de comunicaci\u00f3n, que tienen\u00a0 intereses probadamente ligados al gobierno nacional, lo que denota que quien debe garantizar el reaseguro de los derechos constitucionales, es justamente quien los violenta con maniobras repulsivas, propia de estados autoritarios, cuyo recuerdo en nuestro pa\u00eds a\u00fan est\u00e1 vivo.<br \/>\nSentimos verg\u00fcenza que el periodismo independiente, una de las banderas m\u00e1s caras del sistema democr\u00e1tico, sea menoscabada mediante vergonzosas acciones, como sacar del aire un programa en el cual se iba a informar sobre el pago de sobreprecios a la empresa Electroingenier\u00eda &#8211; firma de capitales vinculados al Kirchnerismo y nueva propietaria de Radio Del Plata\u201d-, en el segundo tramo de un tendido el\u00e9ctrico entre R\u00edo Negro y\u00a0 Santa Cruz, a partir de un informe de la Auditor\u00eda General de la Naci\u00f3n (AGN), y luego disponer la salida del periodista a cargo de esa emisi\u00f3n, el Sr . Nelson Castro, en Radio Del Plata.<br \/>\nPodemos citar otros ejemplos cercanos, como fue el caso de Pepe Eliashev en Radio Nacional y Victor Hugo Morales en Radio Continental, adem\u00e1s de los periodistas Alfredo Leuco, Magdalena Ruiz Guinaz\u00fa y Jorge Lanata, sin dejar mencionar el intento de imponer un observatorio de medios period\u00edsticos digitado por funcionarios del gobierno, y especialmente la pol\u00edtica de disciplinamiento operada sobre los contenidos del Canal Siete, &#8211; se\u00f1al del estado nacional &#8211; , como recientemente comprobamos, durante la emisi\u00f3n de los festivales de Jes\u00fas Mar\u00eda y Cosqu\u00edn, en los que se prohibi\u00f3 pasar im\u00e1genes de pol\u00edticos y personalidades no afines al Gobierno.<br \/>\nCompartimos la aflicci\u00f3n del Periodista damnificado, al decir que vive su salida \u00abcon una enorme preocupaci\u00f3n hacia el presente y el futuro\u00bb, y que \u00abest\u00e1 en riesgo la libertad de prensa\u00bb.<br \/>\nEn este sentido La Sociedad Interamericana de Prensa (SIP) manifest\u00f3 su inquietud por la desvinculaci\u00f3n del periodista Nelson Castro de Radio Del Plata, que \u00abhabr\u00eda sido motivado por presuntas presiones del gobierno de la presidenta Cristina de Kirchner\u00bb.<br \/>\nEs de larga data conocida que la relaci\u00f3n de los Kirchner con los medios que no les demuestran adhesi\u00f3n ha sido siempre mala. Los testimonios provenientes de Santa Cruz son abundantes en este sentido. La realidad de medios que por tener posiciones cr\u00edticas hacia el entonces gobernador de Santa Cruz (N\u00e9stor Kirchner) eran v\u00edctimas de persecuci\u00f3n, retiro de publicidad oficial y hasta de acoso judicial. Esto era la norma de aquel panorama desolador para la libertad de prensa,\u00a0 realidad de la provincia de Santa Cruz que se viene expandiendo a nivel nacional.<br \/>\nEl n\u00famero creciente de estos hechos y la intolerancia constante que emana de los discursos presidenciales, con recurrentes cuestionamientos a la cr\u00edtica period\u00edstica, demuestran que el proyecto del Gobierno es claro: intolerancia a toda voz opositora, y estrategias de control sobre los medios de prensa, a trav\u00e9s de Empresas amigas, que tienen negocios con el Gobierno y que sorpresivamente comienzan a comprar medios de comunicaci\u00f3n, recibiendo en contrapartida publicidad oficial a carradas, hecho que no ocurre con los medios que conservan su independencia.<br \/>\nLa idea subyacente que vuela en el espacio, es que no se hable de ning\u00fan aspecto controversial que circunde a los contratos por obra p\u00fablica que hacen esas empresas. Tampoco agrada en ese \u00e1mbito, que se sea muy cr\u00edtico del matrimonio presidencial.<br \/>\nUn dato m\u00e1s: Electroingenier\u00eda ha hecho saber que piensan comprar m\u00e1s medios. El panorama es inquietante, se cierne sobre nuestro pa\u00eds un riesgo serio y creciente sobre la libertad de expresi\u00f3n.<br \/>\nNuestra preocupaci\u00f3n sobre el curso de estos temas, es creciente, en raz\u00f3n de tratarse de aspectos que tienen que ver con la esencia de la democracia; en tanto el periodismo libre es la garant\u00eda contra la discrecionalidad, el autoritarismo y el latrocinio de las cuentas p\u00fablicas, en otras palabras un instrumento fundamental para hacer a la sociedad m\u00e1s democr\u00e1tica y honesta.<br \/>\nPor lo expuesto, repudiamos estas pr\u00e1cticas de censura, a las que consideramos acciones del gobierno, quien es el que las controla y promueve. Y denunciamos que representan una ofensiva a la libertad de prensa y por ende a la libertad de expresi\u00f3n, pilares del estado de derecho.<\/p>\n<p style=\"text-align: justify;\"><strong>POR ELLO:<\/strong><br \/>\nEl Concejo Deliberante de Rivadavia, Mendoza, y en uso de sus facultades:<\/p>\n<p style=\"text-align: center;\"><strong>DECLARA<\/strong><\/p>\n<p style=\"text-align: justify;\"><strong>Art\u00edculo 1\u00ba:<\/strong> El Concejo Deliberante de Rivadavia manifiesta su repudio a los actos de censura ejercidos contra periodistas independientes, desde los c\u00edrculos de influencia del gobierno nacional, como forma aut\u00e9ntica y democr\u00e1tica de defensa de la libertad de prensa y de expresi\u00f3n.<\/p>\n<p style=\"text-align: justify;\"><strong>Art\u00edculo 2\u00ba:<\/strong> Exh\u00f3rtese a la Presidenta de la Naci\u00f3n Cristina Fern\u00e1ndez de Kirchner, para que por intermedio de quien corresponda, establezca una pol\u00edtica transparente y equitativa con respecto a la publicidad oficial en los medios de prensa, impulse muestras de tolerancia a las disidencias tanto period\u00edsticas como pol\u00edticas y desaliente toda maniobra de concentraci\u00f3n de los medios de prensa en manos de empresas con visibles relaciones y beneficios con el Gobierno Nacional, a fin de dar una muestra de \u00e9tica p\u00fablica, ejercicio republicano y defensa de los derechos y\u00a0 garant\u00edas constitucionales.<\/p>\n<p style=\"text-align: justify;\"><strong>Art\u00edculo 3\u00ba:<\/strong> En caso de que as\u00ed se proceda,\u00a0 felicitar a la mandataria por contribuir a la salvaguarda del derecho a la libertad de expresi\u00f3n como pilar fundamental de la convivencia democr\u00e1tica en la Rep\u00fablica Argentina.<\/p>\n<p style=\"text-align: justify;\"><strong>Art\u00edculo 4\u00ba:<\/strong> Comun\u00edquese al Departamento Ejecutivo Municipal a sus efectos, e ins\u00e9rtese en el Libro de Declaraciones de este Cuerpo.<\/p>\n<p style=\"text-align: justify;\">Dada en la Sala de Sesiones \u201cBandera Nacional Argentina\u201d, del Concejo Deliberante de Rivadavia, Mendoza, a los 31 d\u00edas del mes de marzo de 2009.<\/p>\n<table>\n<tbody>\n<tr>\n<td style=\"text-align: center;\">ORLANDO JAVIER RODRIGUEZ<\/td>\n<td style=\"text-align: center;\">ENRIQUE LE\u00d3N<\/td>\n<\/tr>\n<tr>\n<td style=\"text-align: center;\">SECRETARIO C.D.<\/td>\n<td style=\"text-align: center;\">PRESIDENTE C.D.<\/td>\n<\/tr>\n<\/tbody>\n<\/table>\n<p style=\"text-align: right;\">Cpde. Expte. N\u00ba 2009-00038-7 C.D.<\/p>\n","protected":false},"excerpt":{"rendered":"<p>DECLARACI\u00d3N N\u00ba 2 VISTO: Los graves actos de censura que abiertamente se vienen realizando en contra de periodistas independientes, quienes son desplazados de sus programas por difundir informaci\u00f3n referida a serias anormalidades en acciones de gobierno, de notorio inter\u00e9s p\u00fablico y period\u00edstico, en particular el caso del Periodista Nelson Castro en Radio Del Plata, que [&hellip;]<\/p>\n","protected":false},"author":1,"featured_media":4276,"comment_status":"closed","ping_status":"closed","sticky":false,"template":"","format":"standard","meta":{"_acf_changed":false,"footnotes":""},"categories":[66],"tags":[],"class_list":["post-5191","post","type-post","status-publish","format-standard","has-post-thumbnail","hentry","category-declaraciones"],"acf":[],"_links":{"self":[{"href":"https:\/\/coworkdigital.com.ar\/hcd\/wp-json\/wp\/v2\/posts\/5191","targetHints":{"allow":["GET"]}}],"collection":[{"href":"https:\/\/coworkdigital.com.ar\/hcd\/wp-json\/wp\/v2\/posts"}],"about":[{"href":"https:\/\/coworkdigital.com.ar\/hcd\/wp-json\/wp\/v2\/types\/post"}],"author":[{"embeddable":true,"href":"https:\/\/coworkdigital.com.ar\/hcd\/wp-json\/wp\/v2\/users\/1"}],"replies":[{"embeddable":true,"href":"https:\/\/coworkdigital.com.ar\/hcd\/wp-json\/wp\/v2\/comments?post=5191"}],"version-history":[{"count":0,"href":"https:\/\/coworkdigital.com.ar\/hcd\/wp-json\/wp\/v2\/posts\/5191\/revisions"}],"wp:featuredmedia":[{"embeddable":true,"href":"https:\/\/coworkdigital.com.ar\/hcd\/wp-json\/wp\/v2\/media\/4276"}],"wp:attachment":[{"href":"https:\/\/coworkdigital.com.ar\/hcd\/wp-json\/wp\/v2\/media?parent=5191"}],"wp:term":[{"taxonomy":"category","embeddable":true,"href":"https:\/\/coworkdigital.com.ar\/hcd\/wp-json\/wp\/v2\/categories?post=5191"},{"taxonomy":"post_tag","embeddable":true,"href":"https:\/\/coworkdigital.com.ar\/hcd\/wp-json\/wp\/v2\/tags?post=5191"}],"curies":[{"name":"wp","href":"https:\/\/api.w.org\/{rel}","templated":true}]}}