{"id":5193,"date":"2009-03-31T12:20:00","date_gmt":"2009-03-31T12:20:00","guid":{"rendered":"http:\/\/www.rivadaviamendoza.gob.ar\/hcd\/?p=5193"},"modified":"2009-03-31T12:20:00","modified_gmt":"2009-03-31T12:20:00","slug":"declaracion-01-2009","status":"publish","type":"post","link":"https:\/\/coworkdigital.com.ar\/hcd\/declaracion-01-2009\/","title":{"rendered":"Declaraci\u00f3n 01-2009"},"content":{"rendered":"<p style=\"text-align: center;\"><strong><img fetchpriority=\"high\" decoding=\"async\" class=\"wp-image-1054 aligncenter\" src=\"http:\/\/rd.gov.ar\/wp4\/wp-content\/uploads\/2017\/02\/encabezado-300x60.jpg\" sizes=\"(max-width: 669px) 100vw, 669px\" srcset=\"http:\/\/www.rivadaviamendoza.gob.ar\/hcd\/wp-content\/uploads\/2017\/02\/encabezado-300x60.jpg 300w, http:\/\/www.rivadaviamendoza.gob.ar\/hcd\/wp-content\/uploads\/2017\/02\/encabezado-768x153.jpg 768w, http:\/\/www.rivadaviamendoza.gob.ar\/hcd\/wp-content\/uploads\/2017\/02\/encabezado-1024x203.jpg 1024w\" alt=\"\" width=\"669\" height=\"134\" \/><\/strong><\/p>\n<p style=\"text-align: center;\"><strong>DECLARACI\u00d3N N\u00b0 1<\/strong><\/p>\n<p style=\"text-align: justify;\"><strong>VISTO<br \/>\n<\/strong>El Expediente N\u00b0 2009-00047-8, caratulado Bloque Socialista \u2013 Concejales Heras y Santarelli \u2013 presentan proyecto de Declaraci\u00f3n Conmemoraci\u00f3n 8 de marzo \u201cD\u00eda Internacional de la Mujer\u201d, y<\/p>\n<p style=\"text-align: justify;\"><strong>CONSIDERANDO<\/strong><br \/>\nEl 8 de marzo se conmemora el \u201cD\u00eda Internacional de la Mujer\u201d, recordando a aquellas mujeres obreras que murieron quemadas reclamando condiciones dignas de trabajo.<br \/>\nLa II Conferencia Internacional de las Mujeres socialistas, celebrada en Copenhague en 1910, adopta una Resoluci\u00f3n a propuesta de Clara Zetkin para que se reserve un d\u00eda, todos los a\u00f1os, que se consagrar\u00eda como D\u00eda Internacional de la Mujer.<br \/>\nCada 8 de marzo, despu\u00e9s de aquel lejano 1910, las mujeres del mundo seguimos definiendo una agenda com\u00fan y reafirmando la Resoluci\u00f3n sobre la Paz adoptada ayer, vigente hoy en el entendimiento que la Paz en el mundo se asienta sobre la construcci\u00f3n de sociedades m\u00e1s democr\u00e1ticas, con igualdad, libertad y solidaridad.<br \/>\nEl avance en el reconocimiento de los derechos de las mujeres en lo normativo es notorio. Sin embargo, a la persistencia del funcionamiento desigual del sistema de g\u00e9nero, se le suman desigualdades en otras dimensiones: econ\u00f3mica, social y cultural, en la regi\u00f3n y en cada uno de nuestros pa\u00edses que requiere pol\u00edticas activas muy fuertes para el logro de la efectiva igualdad entre varones y mujeres.<br \/>\nLas pol\u00edticas neoliberales aplicadas durante los \u00faltimos a\u00f1os condujo al desempleo masivo, la concentraci\u00f3n de la riqueza, retirada del estado y aumentos dram\u00e1ticos de la pobreza, la marginaci\u00f3n y la exclusi\u00f3n social que afectaron particularmente a las mujeres.<br \/>\nAm\u00e9rica Latina no es hoy la regi\u00f3n m\u00e1s pobre del mundo, pero s\u00ed la m\u00e1s desigual. El 10% de la poblaci\u00f3n se queda con m\u00e1s del 48% del ingreso. Cerca del 40% de la poblaci\u00f3n vive debajo de la l\u00ednea de pobreza (200 millones) y de ellos 80 millones de indigentes (15.4%), constituye una pesada deuda de injusticia social. El g\u00e9nero es un factor que incide en la pobreza, aumentando la vulnerabilidad de las mujeres a padecerla.<br \/>\nSumado a la situaci\u00f3n ya existente, la econom\u00eda capitalista internacional est\u00e1 atravesando la crisis m\u00e1s grave de los \u00faltimos setenta a\u00f1os. Como lo se\u00f1alara el Partido Socialista, la influencia de la crisis internacional sobre la fr\u00e1gil econom\u00eda argentina, muestra un panorama sombr\u00edo para el futuro.<br \/>\nDeber\u00eda existir un plan integral que permita la superaci\u00f3n de esta crisis sin hacer recaer su costo sobre los sectores m\u00e1s vulnerables.<br \/>\nImpulsar una Reforma Tributaria, garantizar el empleo y el ingreso de los sectores asalariados y de menores ingresos como un Programa del Ingreso M\u00ednimo Garantizado, son algunas de las medidas que el socialismo reclama en lo social, en lo econ\u00f3mico y lo fiscal.<br \/>\nAseveramos sin temor a equivocarnos que los verdaderos cambios sociales en las pol\u00edticas p\u00fablicas deben incorporar una perspectiva de g\u00e9nero con un enfoque transversal. Esto fue y sigue siendo para nosotros el valor como herramienta de trabajo del Centro de Coordinaci\u00f3n de Pol\u00edticas Sociales y de Salud,\u00a0 que debe contemplar las desigualdades y la inequidad que constituyen los ejes estructurales de la pobreza.<br \/>\nReivindicamos en este 2009 la lucha de las mujeres que nos marcaron el camino por el reconocimiento de sus derechos.<br \/>\nNuestra lucha hace a la construcci\u00f3n de un pa\u00eds mas justo y m\u00e1s digno. No seremos libre mientras una sola mujer est\u00e9 bajo cualquier tipo de opresi\u00f3n.<br \/>\n<em>\u201cLa elevaci\u00f3n social de la mujer proviene de la afirmaci\u00f3n de sus derechos basada en la igualdad de los seres humanos\u201d<\/em>\u00a0\u00a0 Alicia Moreau<\/p>\n<p style=\"text-align: justify;\"><strong>POR ELLO:<\/strong><br \/>\nEl Concejo Deliberante de Rivadavia, Mendoza y en uso de sus facultades:<\/p>\n<p style=\"text-align: center;\"><strong>DECLARA<\/strong><\/p>\n<p style=\"text-align: justify;\"><strong>Art\u00edculo 1\u00ba:<\/strong> El Concejo Deliberante de Rivadavia ver\u00eda con agrado que las pol\u00edticas p\u00fablicas que se lleven adelante implementen medidas para corregir las desigualdades, fortaleciendo la red institucional a trav\u00e9s del Centro de Coordinaci\u00f3n de Pol\u00edticas Sociales y de Salud.<\/p>\n<p style=\"text-align: justify;\"><strong>Art\u00edculo 2\u00ba:<\/strong> Propiciar la participaci\u00f3n interdisciplinaria e intersectorial que tenga como objetivo elaborar propuestas de integraci\u00f3n social y de salud teniendo como premisa el respeto de los derechos humanos de las mujeres.<\/p>\n<p style=\"text-align: justify;\"><strong>Art\u00edculo 3\u00ba:<\/strong> El Concejo Deliberante de Rivadavia ver\u00eda con agrado que se implementen l\u00edneas de acci\u00f3n que contemplen la prevenci\u00f3n y asistencia a todo tipo de violencia contra la mujer, la asistencia a las v\u00edctimas de la trata de personas y explotaci\u00f3n sexual, garantizar los derechos sexuales y reproductivos, atender a las inequidades del trabajo.<\/p>\n<p style=\"text-align: justify;\"><strong>Art\u00edculo 4\u00ba:<\/strong> Comun\u00edquese al Departamento Ejecutivo a sus efectos\u00a0 e ins\u00e9rtese en el Libro de Declaraciones de este Cuerpo.<\/p>\n<p style=\"text-align: justify;\">Dada en la Sala de Sesiones \u201cBandera Nacional Argentina\u201d, del Concejo Deliberante de Rivadavia, Mendoza, a los 31 d\u00edas del mes de marzo de 2009.<\/p>\n<table>\n<tbody>\n<tr>\n<td style=\"text-align: center;\">ORLANDO JAVIER RODRIGUEZ<\/td>\n<td style=\"text-align: center;\">ENRIQUE LE\u00d3N<\/td>\n<\/tr>\n<tr>\n<td style=\"text-align: center;\">SECRETARIO C.D.<\/td>\n<td style=\"text-align: center;\">PRESIDENTE C.D.<\/td>\n<\/tr>\n<\/tbody>\n<\/table>\n<p style=\"text-align: right;\">Cpde. Expte. N\u00ba 2009-00047-8<\/p>\n","protected":false},"excerpt":{"rendered":"<p>DECLARACI\u00d3N N\u00b0 1 VISTO El Expediente N\u00b0 2009-00047-8, caratulado Bloque Socialista \u2013 Concejales Heras y Santarelli \u2013 presentan proyecto de Declaraci\u00f3n Conmemoraci\u00f3n 8 de marzo \u201cD\u00eda Internacional de la Mujer\u201d, y CONSIDERANDO El 8 de marzo se conmemora el \u201cD\u00eda Internacional de la Mujer\u201d, recordando a aquellas mujeres obreras que murieron quemadas reclamando condiciones dignas [&hellip;]<\/p>\n","protected":false},"author":1,"featured_media":4276,"comment_status":"closed","ping_status":"closed","sticky":false,"template":"","format":"standard","meta":{"_acf_changed":false,"footnotes":""},"categories":[66],"tags":[],"class_list":["post-5193","post","type-post","status-publish","format-standard","has-post-thumbnail","hentry","category-declaraciones"],"acf":[],"_links":{"self":[{"href":"https:\/\/coworkdigital.com.ar\/hcd\/wp-json\/wp\/v2\/posts\/5193","targetHints":{"allow":["GET"]}}],"collection":[{"href":"https:\/\/coworkdigital.com.ar\/hcd\/wp-json\/wp\/v2\/posts"}],"about":[{"href":"https:\/\/coworkdigital.com.ar\/hcd\/wp-json\/wp\/v2\/types\/post"}],"author":[{"embeddable":true,"href":"https:\/\/coworkdigital.com.ar\/hcd\/wp-json\/wp\/v2\/users\/1"}],"replies":[{"embeddable":true,"href":"https:\/\/coworkdigital.com.ar\/hcd\/wp-json\/wp\/v2\/comments?post=5193"}],"version-history":[{"count":0,"href":"https:\/\/coworkdigital.com.ar\/hcd\/wp-json\/wp\/v2\/posts\/5193\/revisions"}],"wp:featuredmedia":[{"embeddable":true,"href":"https:\/\/coworkdigital.com.ar\/hcd\/wp-json\/wp\/v2\/media\/4276"}],"wp:attachment":[{"href":"https:\/\/coworkdigital.com.ar\/hcd\/wp-json\/wp\/v2\/media?parent=5193"}],"wp:term":[{"taxonomy":"category","embeddable":true,"href":"https:\/\/coworkdigital.com.ar\/hcd\/wp-json\/wp\/v2\/categories?post=5193"},{"taxonomy":"post_tag","embeddable":true,"href":"https:\/\/coworkdigital.com.ar\/hcd\/wp-json\/wp\/v2\/tags?post=5193"}],"curies":[{"name":"wp","href":"https:\/\/api.w.org\/{rel}","templated":true}]}}