{"id":5228,"date":"2008-09-30T10:00:49","date_gmt":"2008-09-30T10:00:49","guid":{"rendered":"http:\/\/www.rivadaviamendoza.gob.ar\/hcd\/?p=5228"},"modified":"2008-09-30T10:00:49","modified_gmt":"2008-09-30T10:00:49","slug":"resolucion-24-2008","status":"publish","type":"post","link":"https:\/\/coworkdigital.com.ar\/hcd\/resolucion-24-2008\/","title":{"rendered":"Resoluci\u00f3n 24-2008"},"content":{"rendered":"<p style=\"text-align: center;\"><strong><img fetchpriority=\"high\" decoding=\"async\" class=\"wp-image-1054 aligncenter\" src=\"http:\/\/rd.gov.ar\/wp4\/wp-content\/uploads\/2017\/02\/encabezado-300x60.jpg\" sizes=\"(max-width: 669px) 100vw, 669px\" srcset=\"http:\/\/www.rivadaviamendoza.gob.ar\/hcd\/wp-content\/uploads\/2017\/02\/encabezado-300x60.jpg 300w, http:\/\/www.rivadaviamendoza.gob.ar\/hcd\/wp-content\/uploads\/2017\/02\/encabezado-768x153.jpg 768w, http:\/\/www.rivadaviamendoza.gob.ar\/hcd\/wp-content\/uploads\/2017\/02\/encabezado-1024x203.jpg 1024w\" alt=\"\" width=\"669\" height=\"134\" \/><\/strong><\/p>\n<p style=\"text-align: center;\"><strong>RESOLUCI\u00d3N N\u00ba 24<\/strong><\/p>\n<p style=\"text-align: justify;\"><strong>VISTO<\/strong><br \/>\nEl Expediente N\u00ba2008-00351-5, caratulado Honorable Concejo Deliberante de General Alvear, remite Resoluci\u00f3n N\u00ba2.477\/08, referido a la creaci\u00f3n de cargos de Bibliotecarios en cada una de las Bibliotecas Populares de la Provincia, y<\/p>\n<p style=\"text-align: justify;\"><strong>CONSIDERANDO<\/strong><br \/>\nQue el Art. 2\u00b0 de la Ley 6.971, expresa que: \u201cLas Bibliotecas Populares son instituciones creadas por iniciativa del Pueblo, abiertas a todos por igual, y que asegurando la igualdad de oportunidades y el pluralismo ideol\u00f3gico, tendr\u00e1n como misi\u00f3n canalizar los esfuerzos sociales tendientes a garantizar el ejercicio del derecho a la informaci\u00f3n, el acceso a la cultura y a la educaci\u00f3n permanente del Pueblo, fomentar la lectura y demas t\u00e9cnicas aptas para la investigaci\u00f3n, la consulta y la recreaci\u00f3n.\u201d<br \/>\nQue el cabal funcionamiento de las Bilbliotecas Populares, implica el esfuerzo y coordinaci\u00f3n de distintos factores, tanto materiales, f\u00edsicos y especialmente humanos, en pos de objetivos trascendentes para la formaci\u00f3n y cultura en los espacios geofr\u00e1ficos en que se establecen.<br \/>\nQue all\u00ed donde existe una Biblioteca; existe un universo de posibilidades de perfeccionamiento humano y a la vez un espacio de oportunidades e ilustraci\u00f3n para todas las personas que est\u00e1n en su radio de influencia, sobre todo en un mundo dominado por el conocimiento.<br \/>\nSabemos que existen loables intentos por difundir el potencial de las Bibliotecas Populares, como la Ley N\u00ba 6.971, que crea una Comisi\u00f3n Protectora de las Bibliotecas Populares y tambi\u00e9n el fondo de asistencia cultural para su sostenimiento.<br \/>\nQue tambi\u00e9n han proliferado importantes desarrollos t\u00e9cnicos acad\u00e9micos, relacionados con carreras y tecnicaturas de administraci\u00f3n de Bibliotecas, ya sea a nivel nacional y provincial. En Mendoza, contamos con la Tecnicatura Superior en Comunicacion y Administracion de Bibliotecas, se trata una carrera, de tres a\u00f1os de duraci\u00f3n, que cuenta con la aprobaci\u00f3n de la Direcci\u00f3n General de Escuelas de la provincia de Mendoza y de la Naci\u00f3n, por la resoluci\u00f3n 139\/05.<br \/>\nQue tales intentos quedan a mitad de camino, si dichos \u201cespacios populares del y para el conocimiento\u201d no cuentan con la gu\u00eda profesional y permanente de personas preparadas para la selecci\u00f3n, custodia y orientaci\u00f3n de los libros que integran el n\u00facleo tradicional de las Bibliotecas, as\u00ed como la direcci\u00f3n y administraci\u00f3n de las modernas actividades que se dan en las mismas.<br \/>\nQue es indudable que la formaci\u00f3n de un Pueblo reposa en su Cultura y que las bibliotecas han tenido y tienen una hist\u00f3rica y preponderante papel en esa construcci\u00f3n, en tal sentido es dable apoyar con total convicci\u00f3n toda iniciativa que le proporcione sustentabilidad, afianzamiento comunitario a la Bibliotecas Populares.<\/p>\n<p style=\"text-align: justify;\"><strong>POR ELLO<\/strong><br \/>\nEl Concejo Deliberante de Rivadavia, Mendoza, y en uso de sus facultades:<\/p>\n<p style=\"text-align: center;\"><strong>RESUELVE<\/strong><\/p>\n<p style=\"text-align: justify;\"><strong>Art\u00edculo 1\u00ba:<\/strong> El Concejo Deliberante de Rivadavia, Mendoza, adhiere en todo y cada uno de sus t\u00e9rminos, a la Resoluci\u00f3n N\u00ba 2.477-08, emanada del Honorable Concejo Deliberante de General Alvear, por la que se solicita al Superior Gobierno de la Provincia de Mendoza, a trav\u00e9s de la Direcci\u00f3n de Desarrollo SocioCultural de Secretar\u00eda de Cultura, en la persona de su Director Dn. Jorge Marios, realice las acciones y\/o gestiones necesarias ante las autoridades que correspondan, para que se destine un Cargo de Bibliotecario en cada una de las Bibliotecas Populares de la Provincia de Mendoza.<\/p>\n<p style=\"text-align: justify;\"><strong>Art\u00edculo 2\u00ba:<\/strong> Felicitar al Honorable Concejo Deliberante de General Alvear, por la presente iniciativa.<\/p>\n<p style=\"text-align: justify;\"><strong>Art\u00edculo 3\u00ba:<\/strong> Remitir copia de la presente pieza legal al Honorable Concejo Deliberante de General Alvear y nota de estilo de Felicitaciones a los autores de la presente iniciativa Concejala Liliana Arrejin y Concejal Hugo Molina, para su conocimiento y efectos.<\/p>\n<p style=\"text-align: justify;\"><strong>Art\u00edculo 4\u00ba:<\/strong> Comun\u00edquese al Departamento Ejecutivo a sus efectos e ins\u00e9rtese en el Libro de Resoluciones de este Cuerpo.<\/p>\n<p style=\"text-align: justify;\">Dada en la Sala de Sesiones Bandera Nacional Argentina, del Concejo Deliberante de Rivadavia, Mendoza, a los 30 de setiembre de 2008.<\/p>\n<table>\n<tbody>\n<tr>\n<td style=\"text-align: center;\">ORLANDO JAVIER RODRIGUEZ<\/td>\n<td style=\"text-align: center;\">ENRIQUE LE\u00d3N<\/td>\n<\/tr>\n<tr>\n<td style=\"text-align: center;\">SECRETARIO C.D.<\/td>\n<td style=\"text-align: center;\">PRESIDENTE C.D.<\/td>\n<\/tr>\n<\/tbody>\n<\/table>\n<p style=\"text-align: right;\">Cpde. Expte. N\u00ba 2008-00351-5 C.D.<\/p>\n","protected":false},"excerpt":{"rendered":"<p>RESOLUCI\u00d3N N\u00ba 24 VISTO El Expediente N\u00ba2008-00351-5, caratulado Honorable Concejo Deliberante de General Alvear, remite Resoluci\u00f3n N\u00ba2.477\/08, referido a la creaci\u00f3n de cargos de Bibliotecarios en cada una de las Bibliotecas Populares de la Provincia, y CONSIDERANDO Que el Art. 2\u00b0 de la Ley 6.971, expresa que: \u201cLas Bibliotecas Populares son instituciones creadas por iniciativa [&hellip;]<\/p>\n","protected":false},"author":1,"featured_media":1020,"comment_status":"closed","ping_status":"closed","sticky":false,"template":"","format":"standard","meta":{"_acf_changed":false,"footnotes":""},"categories":[65],"tags":[],"class_list":["post-5228","post","type-post","status-publish","format-standard","has-post-thumbnail","hentry","category-resoluciones"],"acf":[],"_links":{"self":[{"href":"https:\/\/coworkdigital.com.ar\/hcd\/wp-json\/wp\/v2\/posts\/5228","targetHints":{"allow":["GET"]}}],"collection":[{"href":"https:\/\/coworkdigital.com.ar\/hcd\/wp-json\/wp\/v2\/posts"}],"about":[{"href":"https:\/\/coworkdigital.com.ar\/hcd\/wp-json\/wp\/v2\/types\/post"}],"author":[{"embeddable":true,"href":"https:\/\/coworkdigital.com.ar\/hcd\/wp-json\/wp\/v2\/users\/1"}],"replies":[{"embeddable":true,"href":"https:\/\/coworkdigital.com.ar\/hcd\/wp-json\/wp\/v2\/comments?post=5228"}],"version-history":[{"count":0,"href":"https:\/\/coworkdigital.com.ar\/hcd\/wp-json\/wp\/v2\/posts\/5228\/revisions"}],"wp:featuredmedia":[{"embeddable":true,"href":"https:\/\/coworkdigital.com.ar\/hcd\/wp-json\/wp\/v2\/media\/1020"}],"wp:attachment":[{"href":"https:\/\/coworkdigital.com.ar\/hcd\/wp-json\/wp\/v2\/media?parent=5228"}],"wp:term":[{"taxonomy":"category","embeddable":true,"href":"https:\/\/coworkdigital.com.ar\/hcd\/wp-json\/wp\/v2\/categories?post=5228"},{"taxonomy":"post_tag","embeddable":true,"href":"https:\/\/coworkdigital.com.ar\/hcd\/wp-json\/wp\/v2\/tags?post=5228"}],"curies":[{"name":"wp","href":"https:\/\/api.w.org\/{rel}","templated":true}]}}