{"id":5230,"date":"2008-09-23T11:14:41","date_gmt":"2008-09-23T11:14:41","guid":{"rendered":"http:\/\/www.rivadaviamendoza.gob.ar\/hcd\/?p=5230"},"modified":"2008-09-23T11:14:41","modified_gmt":"2008-09-23T11:14:41","slug":"resolucion-23-2008","status":"publish","type":"post","link":"https:\/\/coworkdigital.com.ar\/hcd\/resolucion-23-2008\/","title":{"rendered":"Resoluci\u00f3n 23-2008"},"content":{"rendered":"<p style=\"text-align: center;\"><strong><img fetchpriority=\"high\" decoding=\"async\" class=\"wp-image-1054 aligncenter\" src=\"http:\/\/rd.gov.ar\/wp4\/wp-content\/uploads\/2017\/02\/encabezado-300x60.jpg\" sizes=\"(max-width: 669px) 100vw, 669px\" srcset=\"http:\/\/www.rivadaviamendoza.gob.ar\/hcd\/wp-content\/uploads\/2017\/02\/encabezado-300x60.jpg 300w, http:\/\/www.rivadaviamendoza.gob.ar\/hcd\/wp-content\/uploads\/2017\/02\/encabezado-768x153.jpg 768w, http:\/\/www.rivadaviamendoza.gob.ar\/hcd\/wp-content\/uploads\/2017\/02\/encabezado-1024x203.jpg 1024w\" alt=\"\" width=\"669\" height=\"134\" \/><\/strong><\/p>\n<p style=\"text-align: center;\"><strong>RESOLUCI\u00d3N N\u00ba 23<\/strong><\/p>\n<p style=\"text-align: justify;\"><strong>VISTO<\/strong><br \/>\nEl Expediente N\u00ba2008-00474-5, caratulado Comisi\u00f3n de Padres del 3er A\u00f1o Polimodal de la Escuela N\u00ba 9-006 \u201cPfsor. Francisco H. Tolosa\u201d, que ante la proximidad de la realizaci\u00f3n del Baile de la Primavera Edici\u00f3n 2008, y<\/p>\n<p style=\"text-align: justify;\"><strong>CONSIDERANDO<\/strong><br \/>\nQue, la Comisi\u00f3n de Padres de 3er A\u00f1o Polimodal de la Escuela N\u00ba9-006 \u201cPfsor. Francisco H. Tolosa\u201d, abocados a la realizaci\u00f3n de un nuevo evento de exquisita tradici\u00f3n en nuestro departamento como lo es el Baile de la Primavera, que a\u00f1o tras a\u00f1o, ha sabido adaptarse a las distintas circunstancias y que se ha transformado en una de las fiestas estudiantiles mas tradicionales de toda la zona Este, por m\u00e1s de medio siglo.<br \/>\nQue, este evento adem\u00e1s ha institucionalizado la elecci\u00f3n de la Reina de la\u00a0 Primavera, que los propios j\u00f3venes eligen por su belleza y simpat\u00eda, y que es tradici\u00f3n del departamento.<br \/>\nQue, este Concejo Deliberante debe hacerse eco del valor de una iniciativa tan cara a los sentimientos de toda la Comunidad Educativa que anualmente impulsa con orgullo y con grandes expectativas, canalizando no s\u00f3lo la participaci\u00f3n familiar, sino la de gran parte de j\u00f3venes comprovincianos.<\/p>\n<p style=\"text-align: justify;\"><strong>POR ELLO<\/strong><br \/>\nEl Concejo Deliberante de Rivadavia, provincia de Mendoza, y en uso de sus facultades<\/p>\n<p style=\"text-align: center;\"><strong>RESUELVE<\/strong><\/p>\n<p style=\"text-align: justify;\"><strong>Art\u00edculo 1\u00ba:<\/strong> Decl\u00e1rese de Inter\u00e9s Cultural Departamental, el tradicional Baile de la Primavera Edici\u00f3n 2008, que realizan los alumnos y la Comisi\u00f3n de Padres de 3er a\u00f1o Polimodal de la Escuela N\u00ba9-006 \u201cPfsor. Francisco H. Tolosa, a realizarse el pr\u00f3ximo d\u00eda 04 de octubre de 2008.<\/p>\n<p style=\"text-align: justify;\"><strong>Art\u00edculo 2\u00ba:<\/strong> Autorizar a la Presidencia de este Concejo Deliberante, a otorgar un Subsidio de PESOS TRESCIENTOS ($ 300,00), en concepto de colaboraci\u00f3n del mencionado evento.<\/p>\n<p style=\"text-align: justify;\"><strong>Art\u00edculo 3\u00ba:<\/strong> Rem\u00edtase copia de la presente pieza legal, al se\u00f1or Director de la Escuela N\u00ba9-006 \u201cPfsor. Francisco H. Tolosa\u201d y a la Comisi\u00f3n de Padres del 3er a\u00f1o Polimodal.<\/p>\n<p style=\"text-align: justify;\"><strong>Art\u00edculo 4\u00ba:<\/strong> Comun\u00edquese al Departamento Ejecutivo, a sus efectos e ins\u00e9rtese en el Libro de Resoluciones de este Cuerpo.<\/p>\n<p style=\"text-align: justify;\">Dada en la Sala de Sesiones Bandera Nacional Argentina, del Concejo Deliberante de Rivadavia, provincia de Mendoza, a los 23 d\u00edas del mes de setiembre de 2008.<\/p>\n<table>\n<tbody>\n<tr>\n<td style=\"text-align: center;\">ORLANDO JAVIER RODRIGUEZ<\/td>\n<td style=\"text-align: center;\">ENRIQUE LE\u00d3N<\/td>\n<\/tr>\n<tr>\n<td style=\"text-align: center;\">SECRETARIO C.D.<\/td>\n<td style=\"text-align: center;\">PRESIDENTE C.D.<\/td>\n<\/tr>\n<\/tbody>\n<\/table>\n<p style=\"text-align: right;\">Cpde. Expte. N\u00ba 2008-00474-5 C.D.<\/p>\n","protected":false},"excerpt":{"rendered":"<p>RESOLUCI\u00d3N N\u00ba 23 VISTO El Expediente N\u00ba2008-00474-5, caratulado Comisi\u00f3n de Padres del 3er A\u00f1o Polimodal de la Escuela N\u00ba 9-006 \u201cPfsor. Francisco H. Tolosa\u201d, que ante la proximidad de la realizaci\u00f3n del Baile de la Primavera Edici\u00f3n 2008, y CONSIDERANDO Que, la Comisi\u00f3n de Padres de 3er A\u00f1o Polimodal de la Escuela N\u00ba9-006 \u201cPfsor. Francisco [&hellip;]<\/p>\n","protected":false},"author":1,"featured_media":1020,"comment_status":"closed","ping_status":"closed","sticky":false,"template":"","format":"standard","meta":{"_acf_changed":false,"footnotes":""},"categories":[65],"tags":[],"class_list":["post-5230","post","type-post","status-publish","format-standard","has-post-thumbnail","hentry","category-resoluciones"],"acf":[],"_links":{"self":[{"href":"https:\/\/coworkdigital.com.ar\/hcd\/wp-json\/wp\/v2\/posts\/5230","targetHints":{"allow":["GET"]}}],"collection":[{"href":"https:\/\/coworkdigital.com.ar\/hcd\/wp-json\/wp\/v2\/posts"}],"about":[{"href":"https:\/\/coworkdigital.com.ar\/hcd\/wp-json\/wp\/v2\/types\/post"}],"author":[{"embeddable":true,"href":"https:\/\/coworkdigital.com.ar\/hcd\/wp-json\/wp\/v2\/users\/1"}],"replies":[{"embeddable":true,"href":"https:\/\/coworkdigital.com.ar\/hcd\/wp-json\/wp\/v2\/comments?post=5230"}],"version-history":[{"count":0,"href":"https:\/\/coworkdigital.com.ar\/hcd\/wp-json\/wp\/v2\/posts\/5230\/revisions"}],"wp:featuredmedia":[{"embeddable":true,"href":"https:\/\/coworkdigital.com.ar\/hcd\/wp-json\/wp\/v2\/media\/1020"}],"wp:attachment":[{"href":"https:\/\/coworkdigital.com.ar\/hcd\/wp-json\/wp\/v2\/media?parent=5230"}],"wp:term":[{"taxonomy":"category","embeddable":true,"href":"https:\/\/coworkdigital.com.ar\/hcd\/wp-json\/wp\/v2\/categories?post=5230"},{"taxonomy":"post_tag","embeddable":true,"href":"https:\/\/coworkdigital.com.ar\/hcd\/wp-json\/wp\/v2\/tags?post=5230"}],"curies":[{"name":"wp","href":"https:\/\/api.w.org\/{rel}","templated":true}]}}