{"id":5264,"date":"2008-03-25T15:19:34","date_gmt":"2008-03-25T15:19:34","guid":{"rendered":"http:\/\/www.rivadaviamendoza.gob.ar\/hcd\/?p=5264"},"modified":"2008-03-25T15:19:34","modified_gmt":"2008-03-25T15:19:34","slug":"resolucion-07-2008","status":"publish","type":"post","link":"https:\/\/coworkdigital.com.ar\/hcd\/resolucion-07-2008\/","title":{"rendered":"Resoluci\u00f3n 07-2008"},"content":{"rendered":"<p style=\"text-align: center;\"><strong><img fetchpriority=\"high\" decoding=\"async\" class=\"wp-image-1054 aligncenter\" src=\"http:\/\/rd.gov.ar\/wp4\/wp-content\/uploads\/2017\/02\/encabezado-300x60.jpg\" sizes=\"(max-width: 669px) 100vw, 669px\" srcset=\"http:\/\/www.rivadaviamendoza.gob.ar\/hcd\/wp-content\/uploads\/2017\/02\/encabezado-300x60.jpg 300w, http:\/\/www.rivadaviamendoza.gob.ar\/hcd\/wp-content\/uploads\/2017\/02\/encabezado-768x153.jpg 768w, http:\/\/www.rivadaviamendoza.gob.ar\/hcd\/wp-content\/uploads\/2017\/02\/encabezado-1024x203.jpg 1024w\" alt=\"\" width=\"669\" height=\"134\" \/><\/strong><\/p>\n<p style=\"text-align: center;\"><strong>RESOLUCION N\u00ba 7<\/strong><\/p>\n<p style=\"text-align: justify;\"><strong>VISTO<\/strong><br \/>\nEl Expediente N\u00ba2008-00134-5,caratulado Bloque Socialista, concejales Heras \u2013 Santarelli, presentan proyecto de Resoluci\u00f3n, referido a invitar a Legisladores provinciales a reuni\u00f3n para tratar temas relacionados con el transporte p\u00fablico de pasajeros de la Zona Este, y<\/p>\n<p style=\"text-align: justify;\"><strong>CONSIDERANDO<\/strong><br \/>\nQue es de gran\u00a0 importancia que el Gobierno de la Provincia deje en su poder y no licite la l\u00ednea 240 EPTM, por la calidad del servicio, el cumplimiento de frecuencias y horarios, los beneficios que le presta a los jubilados y los estudiantes, y fundamentalmente por brindarle al Estado y a los ciudadanos una herramienta que les de tranquilidad,\u00a0 de contar con una empresa estatal testigo que les asegure mantener la calidad y el costo del servicio de transporte, evitando que la poblaci\u00f3n se transforme en reh\u00e9n de pr\u00e1cticas especulativas de empresarios que solo buscan la maximizaci\u00f3n de ganancias con prescindencia de cualquier otra consideraci\u00f3n.<br \/>\nQue en la C\u00e1mara de Diputados de la Provincia de Mendoza el d\u00eda 20 de febrero de 2008 se sanciono el Expte N\u00b0 47.688\u00a0 Resoluci\u00f3n N\u00b0 1429 donde se encomienda a la Comisi\u00f3n de Organizaciones del Tercer Sector Usuarios y Consumidores invite a los distintos actores sociales e institucionales, con mira a elaborar un informe de rentabilidad, eficiencia y operabilidad para ser merituado en cualquier decisi\u00f3n de concesi\u00f3n y\/o estatizaci\u00f3n futura, seg\u00fan el esp\u00edritu de la Ley 7735, del 24 de julio de 2007, enunciado taxativamente en el art\u00edculo 2\u00b0, por el que prorroga el plazo para la prestaci\u00f3n del servicio de la l\u00ednea 02 por parte de la EPTM.<br \/>\nQue las\/os Diputadas\/os, Amalia Monserrat, Ricardo Puga, Luis Petri, Santiago Cazzoli, Andres Mar\u00edn, Alejandro Molero han sido los autores de la resoluci\u00f3n N\u00b0 1429 e invitaron a la legislatura provincial el pasado jueves 13 de Marzo a las 10 hs a la reuni\u00f3n que permitiera elaborar un informe de rentabilidad, eficiencia y operabilidad para ser merituado en cualquier decisi\u00f3n de concesi\u00f3n y\/o estatizaci\u00f3n futura.<br \/>\nQue este cuerpo considera oportuno convocar a los legisladores antes mencionado a una reuni\u00f3n informativa sobre lo tratado en la reuni\u00f3n del jueves pasado y poder articular el tratamiento de esta problem\u00e1tica relevante que tiene que ver no s\u00f3lo con el clamor popular hoy existente, sino con el ideal de participaci\u00f3n ciudadana, de empoderamiento de la poblaci\u00f3n que deben perseguir como meta todos los que compartimos el ideal democr\u00e1tico, y con el necesario involucramiento de las instituciones, particularmente de nuestro cuerpo, como m\u00e1xima expresi\u00f3n plural de la sociedad.<\/p>\n<p style=\"text-align: justify;\"><strong>POR ELLO<\/strong><br \/>\nEl Concejo Deliberante de Rivadavia, Mendoza y en uso de sus facultades:<\/p>\n<p style=\"text-align: center;\"><strong>RESUELVE<\/strong><\/p>\n<p style=\"text-align: justify;\"><strong>Art\u00edculo 1\u00ba:<\/strong> Invitar a la reuni\u00f3n sobre Transporte P\u00fablico de Pasajeros de la Zona Este, a la Diputada Amalia Monserrat y a los Diputados Ricardo Puga, Luis Petri, Santiago Cazzoli, Andr\u00e9s Mar\u00edn y Alejandro Molero, y a los Legisladores Provinciales del departamento de Rivadavia: H\u00e9ctor G\u00f3mez; Gerardo Soria y Florinda Seoane, como as\u00ed tambi\u00e9n a los Intendentes de los departamentos de la Zona Este, para el d\u00eda jueves 27 de marzo de 2008 a las 20:30 hs, en la Sala de Sesiones de el Concejo Deliberante de Rivadavia.<\/p>\n<p style=\"text-align: justify;\"><strong>Art\u00edculo 2\u00ba:<\/strong> Solicitar a los Legisladores brinden un informe de lo actuado en la reuni\u00f3n realizada en la Legislatura Provincial el jueves 13 de marzo del corriente a\u00f1o.<\/p>\n<p style=\"text-align: justify;\"><strong>Art\u00edculo 3\u00ba:<\/strong> Remitir invitaci\u00f3n para la reuni\u00f3n del d\u00eda 27 de marzo de 2008 a las 20:30 hs, a los Concejos Deliberantes de la Zona Este, usuarios, instituciones del Departamento, Uniones Vecinales, comerciantes, y a toda la comunidad de Rivadavia.<\/p>\n<p style=\"text-align: justify;\"><strong>Art\u00edculo 4\u00b0:<\/strong> Comun\u00edquese al Departamento Ejecutivo a sus efectos e ins\u00e9rtese en el Libro de Resoluciones de este Cuerpo.<\/p>\n<p style=\"text-align: justify;\">Dada en la Sala de Sesiones Bandera Nacional Argentina, del Concejo Deliberante de Rivadavia, Mendoza, a los 25 d\u00edas del mes de marzo de 2008.<\/p>\n<table>\n<tbody>\n<tr>\n<td style=\"text-align: center;\">ORLANDO JAVIER RODRIGUEZ<\/td>\n<td style=\"text-align: center;\">ENRIQUE LE\u00d3N<\/td>\n<\/tr>\n<tr>\n<td style=\"text-align: center;\">SECRETARIO C.D.<\/td>\n<td style=\"text-align: center;\">PRESIDENTE C.D.<\/td>\n<\/tr>\n<\/tbody>\n<\/table>\n<p style=\"text-align: right;\">Cpde. Expte. N\u00ba 2008-00134-5 C.D.<\/p>\n","protected":false},"excerpt":{"rendered":"<p>RESOLUCION N\u00ba 7 VISTO El Expediente N\u00ba2008-00134-5,caratulado Bloque Socialista, concejales Heras \u2013 Santarelli, presentan proyecto de Resoluci\u00f3n, referido a invitar a Legisladores provinciales a reuni\u00f3n para tratar temas relacionados con el transporte p\u00fablico de pasajeros de la Zona Este, y CONSIDERANDO Que es de gran\u00a0 importancia que el Gobierno de la Provincia deje en su [&hellip;]<\/p>\n","protected":false},"author":1,"featured_media":1020,"comment_status":"closed","ping_status":"closed","sticky":false,"template":"","format":"standard","meta":{"_acf_changed":false,"footnotes":""},"categories":[65],"tags":[],"class_list":["post-5264","post","type-post","status-publish","format-standard","has-post-thumbnail","hentry","category-resoluciones"],"acf":[],"_links":{"self":[{"href":"https:\/\/coworkdigital.com.ar\/hcd\/wp-json\/wp\/v2\/posts\/5264","targetHints":{"allow":["GET"]}}],"collection":[{"href":"https:\/\/coworkdigital.com.ar\/hcd\/wp-json\/wp\/v2\/posts"}],"about":[{"href":"https:\/\/coworkdigital.com.ar\/hcd\/wp-json\/wp\/v2\/types\/post"}],"author":[{"embeddable":true,"href":"https:\/\/coworkdigital.com.ar\/hcd\/wp-json\/wp\/v2\/users\/1"}],"replies":[{"embeddable":true,"href":"https:\/\/coworkdigital.com.ar\/hcd\/wp-json\/wp\/v2\/comments?post=5264"}],"version-history":[{"count":0,"href":"https:\/\/coworkdigital.com.ar\/hcd\/wp-json\/wp\/v2\/posts\/5264\/revisions"}],"wp:featuredmedia":[{"embeddable":true,"href":"https:\/\/coworkdigital.com.ar\/hcd\/wp-json\/wp\/v2\/media\/1020"}],"wp:attachment":[{"href":"https:\/\/coworkdigital.com.ar\/hcd\/wp-json\/wp\/v2\/media?parent=5264"}],"wp:term":[{"taxonomy":"category","embeddable":true,"href":"https:\/\/coworkdigital.com.ar\/hcd\/wp-json\/wp\/v2\/categories?post=5264"},{"taxonomy":"post_tag","embeddable":true,"href":"https:\/\/coworkdigital.com.ar\/hcd\/wp-json\/wp\/v2\/tags?post=5264"}],"curies":[{"name":"wp","href":"https:\/\/api.w.org\/{rel}","templated":true}]}}