{"id":5277,"date":"2008-12-13T10:35:12","date_gmt":"2008-12-13T10:35:12","guid":{"rendered":"http:\/\/www.rivadaviamendoza.gob.ar\/hcd\/?p=5277"},"modified":"2008-12-13T10:35:12","modified_gmt":"2008-12-13T10:35:12","slug":"declaracion-49-2008","status":"publish","type":"post","link":"https:\/\/coworkdigital.com.ar\/hcd\/declaracion-49-2008\/","title":{"rendered":"Declaraci\u00f3n 49-2008"},"content":{"rendered":"<p style=\"text-align: center;\"><strong><img fetchpriority=\"high\" decoding=\"async\" class=\"wp-image-1054 aligncenter\" src=\"http:\/\/rd.gov.ar\/wp4\/wp-content\/uploads\/2017\/02\/encabezado-300x60.jpg\" sizes=\"(max-width: 669px) 100vw, 669px\" srcset=\"http:\/\/www.rivadaviamendoza.gob.ar\/hcd\/wp-content\/uploads\/2017\/02\/encabezado-300x60.jpg 300w, http:\/\/www.rivadaviamendoza.gob.ar\/hcd\/wp-content\/uploads\/2017\/02\/encabezado-768x153.jpg 768w, http:\/\/www.rivadaviamendoza.gob.ar\/hcd\/wp-content\/uploads\/2017\/02\/encabezado-1024x203.jpg 1024w\" alt=\"\" width=\"669\" height=\"134\" \/><\/strong><\/p>\n<p style=\"text-align: center;\"><strong>DECLARACION N\u00ba 49<\/strong><\/p>\n<p style=\"text-align: justify;\"><strong>VISTO<\/strong><br \/>\nLos grav\u00edsimos efectos causados por la tormenta de lluvia y granizo ocurrida el 25 de noviembre y agravados por la del d\u00eda de ayer\u00a0 12 de diciembre, y que azotaron\u00a0 a casi todo el\u00a0 departamento de Rivadavia, fundamentalmente los distritos de La Central, El Mirador, Los Campamentos, zona de mayor producci\u00f3n; y en menor medida La Reducci\u00f3n, Los Arboles y Medrano, raz\u00f3n por la que este Cuerpo Declaro al Departamento de Rivadavia ZONA DE EMERGENCIA Y\/O DESASTRE AGROPECUARIO (Declaraci\u00f3n N\u00ba 43\/08, de fecha 25 de noviembre de 2008), y<\/p>\n<p style=\"text-align: justify;\"><strong>CONSIDERANDO<\/strong><br \/>\nQue en esta oportunidad los da\u00f1os sufridos no solo alcanzan al sector productivo tanto en lo que respecta a los cultivos y la mano de obra que estos generan, sino tambi\u00e9n a las viviendas que casi en su totalidad se han visto deterioradas o destruidas principalmente sus techos,\u00a0 perdiendo todo tipo de protecci\u00f3n.<br \/>\nQue, de acuerdo a las primeras apreciaciones la zona afectada alcanzar\u00eda las <strong>tres mil hect\u00e1reas<\/strong>, con p\u00e9rdidas que oscilan entre el cincuenta y el cien por ciento de la producci\u00f3n, y otras <strong>mil hect\u00e1reas<\/strong> con el veinte por ciento, a esto debe sumarse las p\u00e9rdidas que se producir\u00e1n\u00a0 en las vendimias futuras, traducido esto a valores econ\u00f3micos podr\u00edamos afirmar que el departamento de Rivadavia tendr\u00e1\u00a0 p\u00e9rdidas\u00a0 en el orden de los treinta millones de pesos,\u00a0 en lo que respecta a producci\u00f3n vit\u00edcola.<br \/>\nQue, a las actuales circunstancias de orden mundial, se suma la problem\u00e1tica de no poder ubicar la producci\u00f3n vitivinifrut\u00edcola (mosto, pulpa, frutas frescas y secas, etc.); la industrial con la mayor\u00eda de las Bodegas de la zona atravesando circunstancias dif\u00edciles en lo que respecta a su situaci\u00f3n econ\u00f3mica y financiera (convocatorias, concurso de acreedores y otras que ya difieren sus pagos); la comercial, en virtud de que las innumerables p\u00e9rdidas se ver\u00e1n indefectiblemente reflejadas en una baja importante del consumo y en los pagos; la laboral, con los despidos de mano de obra que provocan estas situaciones y las de orden social en lo que respecta a la atenci\u00f3n principalmente en salud, alimentaci\u00f3n y vivienda.<br \/>\nQue, solicitamos al Gobierno de la provincia la disposici\u00f3n en forma urgente de los fondos destinados a emergencias (Fondo Antic\u00edclico), para la atenci\u00f3n de los trabajos culturales y fitosanitarios de los cultivos,\u00a0 y en algunos casos de subsistencia familiar de peque\u00f1os productores, contratistas y obreros rurales.<br \/>\nQue, en virtud de que el Gobierno Nacional ha anunciado la implementaci\u00f3n de un paquete de medidas tendientes a paliar los efectos producidos por la crisis econ\u00f3mica y financiera mundial, ser\u00eda conveniente y necesario que el Gobierno de la provincia de Mendoza acompa\u00f1e al departamento de Rivadavia en la solicitud de\u00a0 incluir en el paquete de medidas Nacionales, la atenci\u00f3n urgente y particular de los sectores productivos y sociales del departamento de Rivadavia, castigados por las circunstancias ya detalladas.<br \/>\nQue,\u00a0 actualmente nos encontramos en el comienzo del periodo de receso escolar, lo que significa que durante esta \u00e9poca dejan de funcionar transitoriamente los comedores escolares y los del servicio educativo social (SEOS), lo que agrava la situaci\u00f3n socio econ\u00f3mica de la familia.<br \/>\nQue, ser\u00eda oportuno que el Departamento Ejecutivo ordenara realizar un relevamiento urgente de los inconvenientes sufridos en las viviendas a fin de tener un c\u00e1lculo aproximado de los costos materiales y de mano de obra necesarios para la implementaci\u00f3n de un plan de reparaci\u00f3n de las mismas, garantizando su habitabilidad y disminuyendo los riesgos que suelen provocar estos desastres clim\u00e1ticos.<br \/>\nQue, con el fin de recibir propuestas y acordar de inmediato un plan de acci\u00f3n que atienda las necesidades primarias de la poblaci\u00f3n afectada y para que los productores contin\u00faen sus trabajos y no se produzca el tan temido despido, que acrecentar\u00eda la inseguridad y angustia de los habitantes m\u00e1s vulnerables,\u00a0 es que se invitar\u00e1 al Municipio, Legisladores Provinciales por el departamento de Rivadavia; INTA; C\u00e1mara de Comercio; C\u00e1mara Empresaria;\u00a0 asociaci\u00f3n de\u00a0 productores, sindicatos, escuelas y todos aquellos habitantes involucrados, a conformar el Comit\u00e9 de Emergencia Departamental.<\/p>\n<p style=\"text-align: justify;\"><strong>POR ELLO<\/strong><br \/>\nEl Concejo Deliberante de Rivadavia, Mendoza, y en uso de sus facultades:<\/p>\n<p style=\"text-align: center;\"><strong>DECLARA<\/strong><\/p>\n<p style=\"text-align: justify;\"><strong>Art\u00edculo 1\u00ba:<\/strong> Declarar el territorio comprendido por los distritos El Mirador y La Central, como zona de Desastre Agropecuario Agravado, teniendo en cuenta los alcances de la Declaraci\u00f3n N\u00ba043\/08, de fecha 25 de noviembre de 2008, emanada de este Cuerpo, que declar\u00f3 al Departamento de Rivadavia, como zona de Emergencia y\/o desastre Agropecuario, la que conserva plena vigencia legal.<\/p>\n<p style=\"text-align: justify;\"><strong>Art\u00edculo 2\u00ba:<\/strong> Solicitar al Gobierno de la provincia de Mendoza: para que realice las siguientes medidas:<br \/>\n<strong>a.-<\/strong> Acompa\u00f1e institucional y administrativamente a las autoridades del Departamento de Rivadavia en las distintas gestiones que realice ante el Gobierno Nacional, a fin de incluir en el paquete de medidas anticrisis, &#8211; anunciado recientemente, por el Gobierno Nacional &#8211; una partida presupuestaria especial destinada a la atenci\u00f3n urgente de los damnificados por los fen\u00f3menos clim\u00e1ticos sucedidos en el Departamento;<br \/>\n<strong>b.-<\/strong> Arbitre en forma urgente los medios \u00fatiles y necesarios para disponer de los recursos provinciales destinados a emergencias (originarios del Fondo Antic\u00edclico), y de todos aquellos recursos econ\u00f3micos, humanos y de infraestructura con que se cuente para atender la urgencia reinante en nuestro Departamento;<br \/>\n<strong>c.-<\/strong> Coordinar acciones con los organismos p\u00fablicos y reparticiones oficiales, nacionales y\/ o provinciales, (como Bancos, organismos recaudadores AFIP \/ DGR, I.P.V. Fondo para la Transformaci\u00f3n y el Crecimiento) para poner en marcha medidas econ\u00f3micas paliativas de la emergencia, como franquicias, exenciones, planes de pr\u00f3rroga de vencimientos respecto de obligaciones contra\u00eddas en tales organismos.<br \/>\n<strong>d.-<\/strong> Dicte directivas en asocio con las autoridades del D.G.I. a fin de informar y poner en pr\u00e1ctica las facilidades ya reglamentadas por el Departamento General de Irrigaci\u00f3n para este tipo de emergencias.<\/p>\n<p style=\"text-align: justify;\"><strong>Art\u00edculo 3\u00ba:<\/strong> Solicitar a la A.F.I.P. la instrumentaci\u00f3n de un plan de facilidades de pago por deudas vigentes y suspensi\u00f3n de requerimientos judiciales a aquellos productores que acrediten la emergencia y\/o desastre agropecuario, conforme sus reglamentaciones de excepci\u00f3n.<\/p>\n<p style=\"text-align: justify;\"><strong>Art\u00edculo 4\u00ba:<\/strong> Solicitar al Departamento Ejecutivo que una vez finalizadas las primeras evaluaciones de los da\u00f1os sufridos, remita a este Cuerpo un informe detallado de las mismas, a fin de que en conjunto se implementen las medidas necesarias para atender la emergencia.<\/p>\n<p style=\"text-align: justify;\"><strong>Art\u00edculo 5\u00ba:<\/strong> Por Presidencia de este Cuerpo, real\u00edcense las invitaciones correspondientes a fin de conformar EL CONSEJO DE EMERGENCIA DEPARTAMENTAL, organismo que tendr\u00e1 por objeto recibir propuestas y acompa\u00f1ar al Municipio en el dise\u00f1o y ejecuci\u00f3n de un plan de acci\u00f3n tendiente a asistir a todos los damnificados por estos desastres clim\u00e1ticos.<\/p>\n<p style=\"text-align: justify;\"><strong>Art\u00edculo 6\u00ba:<\/strong> Rem\u00edtase copia de la presente Norma, a la Presidenta de la Naci\u00f3n Argentina, doctora Cristina Fern\u00e1ndez de Kirchner; al Gobernador de la provincia de Mendoza, contador Celso Jaque; a los se\u00f1ores Diputados y Senadores Nacionales por la provincia de Mendoza; al Administrador de Fondos P\u00fablicos; a la Legislatura Provincial; al Presidente del I.P.V.; al Presidente del Fondo para la Transformaci\u00f3n y el Crecimiento y\u00a0 al Superintendente General de Irrigaci\u00f3n.<\/p>\n<p style=\"text-align: justify;\"><strong>Art\u00edculo 7\u00ba:<\/strong> Comun\u00edquese al Departamento Ejecutivo a sus efectos e ins\u00e9rtese en el Libro de Declaraciones de este Cuerpo.<\/p>\n<p style=\"text-align: justify;\">Dada en la Sala de Sesiones Bandera Nacional Argentina, del Concejo Deliberante de Rivadavia, Mendoza, a los 13 d\u00edas del mes de diciembre de 2008.<\/p>\n<table>\n<tbody>\n<tr>\n<td style=\"text-align: center;\">ORLANDO JAVIER RODRIGUEZ<\/td>\n<td style=\"text-align: center;\">ENRIQUE LE\u00d3N<\/td>\n<\/tr>\n<tr>\n<td style=\"text-align: center;\">SECRETARIO C.D.<\/td>\n<td style=\"text-align: center;\">PRESIDENTE C.D.<\/td>\n<\/tr>\n<\/tbody>\n<\/table>\n<p style=\"text-align: right;\">Cpde. Expte. N\u00ba 2008-00620-3<\/p>\n","protected":false},"excerpt":{"rendered":"<p>DECLARACION N\u00ba 49 VISTO Los grav\u00edsimos efectos causados por la tormenta de lluvia y granizo ocurrida el 25 de noviembre y agravados por la del d\u00eda de ayer\u00a0 12 de diciembre, y que azotaron\u00a0 a casi todo el\u00a0 departamento de Rivadavia, fundamentalmente los distritos de La Central, El Mirador, Los Campamentos, zona de mayor producci\u00f3n; [&hellip;]<\/p>\n","protected":false},"author":1,"featured_media":4276,"comment_status":"closed","ping_status":"closed","sticky":false,"template":"","format":"standard","meta":{"_acf_changed":false,"footnotes":""},"categories":[66],"tags":[],"class_list":["post-5277","post","type-post","status-publish","format-standard","has-post-thumbnail","hentry","category-declaraciones"],"acf":[],"_links":{"self":[{"href":"https:\/\/coworkdigital.com.ar\/hcd\/wp-json\/wp\/v2\/posts\/5277","targetHints":{"allow":["GET"]}}],"collection":[{"href":"https:\/\/coworkdigital.com.ar\/hcd\/wp-json\/wp\/v2\/posts"}],"about":[{"href":"https:\/\/coworkdigital.com.ar\/hcd\/wp-json\/wp\/v2\/types\/post"}],"author":[{"embeddable":true,"href":"https:\/\/coworkdigital.com.ar\/hcd\/wp-json\/wp\/v2\/users\/1"}],"replies":[{"embeddable":true,"href":"https:\/\/coworkdigital.com.ar\/hcd\/wp-json\/wp\/v2\/comments?post=5277"}],"version-history":[{"count":0,"href":"https:\/\/coworkdigital.com.ar\/hcd\/wp-json\/wp\/v2\/posts\/5277\/revisions"}],"wp:featuredmedia":[{"embeddable":true,"href":"https:\/\/coworkdigital.com.ar\/hcd\/wp-json\/wp\/v2\/media\/4276"}],"wp:attachment":[{"href":"https:\/\/coworkdigital.com.ar\/hcd\/wp-json\/wp\/v2\/media?parent=5277"}],"wp:term":[{"taxonomy":"category","embeddable":true,"href":"https:\/\/coworkdigital.com.ar\/hcd\/wp-json\/wp\/v2\/categories?post=5277"},{"taxonomy":"post_tag","embeddable":true,"href":"https:\/\/coworkdigital.com.ar\/hcd\/wp-json\/wp\/v2\/tags?post=5277"}],"curies":[{"name":"wp","href":"https:\/\/api.w.org\/{rel}","templated":true}]}}