{"id":5279,"date":"2008-11-25T11:09:07","date_gmt":"2008-11-25T11:09:07","guid":{"rendered":"http:\/\/www.rivadaviamendoza.gob.ar\/hcd\/?p=5279"},"modified":"2008-11-25T11:09:07","modified_gmt":"2008-11-25T11:09:07","slug":"declaracion-48-2008","status":"publish","type":"post","link":"https:\/\/coworkdigital.com.ar\/hcd\/declaracion-48-2008\/","title":{"rendered":"Declaraci\u00f3n 48-2008"},"content":{"rendered":"<p style=\"text-align: center;\"><strong><img fetchpriority=\"high\" decoding=\"async\" class=\"wp-image-1054 aligncenter\" src=\"http:\/\/rd.gov.ar\/wp4\/wp-content\/uploads\/2017\/02\/encabezado-300x60.jpg\" sizes=\"(max-width: 669px) 100vw, 669px\" srcset=\"http:\/\/www.rivadaviamendoza.gob.ar\/hcd\/wp-content\/uploads\/2017\/02\/encabezado-300x60.jpg 300w, http:\/\/www.rivadaviamendoza.gob.ar\/hcd\/wp-content\/uploads\/2017\/02\/encabezado-768x153.jpg 768w, http:\/\/www.rivadaviamendoza.gob.ar\/hcd\/wp-content\/uploads\/2017\/02\/encabezado-1024x203.jpg 1024w\" alt=\"\" width=\"669\" height=\"134\" \/><\/strong><\/p>\n<p style=\"text-align: center;\"><strong>DECLARACI\u00d3N N\u00ba 48<\/strong><\/p>\n<p style=\"text-align: justify;\"><strong>VISTO:<br \/>\n<\/strong>Que en el departamento de Rivadavia funciona un CEDEYF (Guarder\u00eda N\u00ba 8) que asiste a 80 ni\u00f1os\/as cuyas edades oscilan entre 2 a 13 a\u00f1os, recibiendo asistencia alimentaria y apoyo escolar, y<\/p>\n<p style=\"text-align: justify;\"><strong>CONSIDERANDO:<\/strong><br \/>\nQue el edificio donde funciona el CEDEYF (Guarder\u00eda N\u00b0 8) est\u00e1 ubicado en un predio que es propiedad de la Municipalidad y cedido en comodato a la DINAF, en calle Col\u00f3n s\/n y Ruta Provincial N\u00b0 67.<br \/>\nQue el edificio cuenta con dos aulas destinadas a \u201cguarder\u00eda\u201d, donde asisten 25 ni\u00f1os\/as de 2 a 5 a\u00f1os a cargo de dos docentes (nivel inicial y com\u00fan),ambas agentes municipales.<br \/>\nQue el Sal\u00f3n de Usos M\u00faltiples est\u00e1 dividido en dos aulas a cargo de dos docentes y un auxiliar que realizan apoyo escolar para 44 ni\u00f1os\/as de 6 a 13 a\u00f1os que son alumnos de la Escuela Leonor Ferreyra.<br \/>\nQue el edificio tambi\u00e9n cuenta con cocina, comedor y espacios verdes para la alimentaci\u00f3n y recreaci\u00f3n de esta poblaci\u00f3n infantil.<br \/>\nQue la Guarder\u00eda recibe ni\u00f1os\/as de nuestro Departamento y particularmente a aquellos que se encuentran en condiciones de desigualdad, cuya \u00e1rea de influencia abarca los barrios Villa Parque, Los Carrizales, Brandsen, San Cayetano, Confraternidad, Almirante Brown y un barrio urbano \u2013 marginal: San Isidro Sur. Debido a la proximidad geogr\u00e1fica tambi\u00e9n asisten ni\u00f1os\/as del asentamiento Costa Canal.<br \/>\nQue la demanda de la comunidad de estos barrios ha ido increcendo, no s\u00f3lo en la atenci\u00f3n de los m\u00e1s peque\u00f1os, sino tambi\u00e9n en aquellos adolescentes entre 13 y 18 a\u00f1os que no estudian ni trabajan.<br \/>\nQue\u00a0 la sanci\u00f3n de la Convenci\u00f3n de los Derechos del Ni\u00f1o en noviembre de 1989 signific\u00f3 un cambio significativo de la concepci\u00f3n acerca de los derechos humanos y de la noci\u00f3n de ciudadan\u00eda.<br \/>\nQue en el marco de la anterior surge un nuevo paradigma\u00a0 que recupera la perspectiva integral\u00a0 en la interpretaci\u00f3n de la realidad de los ni\u00f1os\/as y adolescentes, desarrollando condiciones de exigibilidad de los derechos humanos enmarcados en el\u00a0 concepto de \u201cderechos program\u00e1ticos\u201d. Carlos Eroles1.<br \/>\nQue los \u201cderechos program\u00e1ticos\u201d se refieren a\u00a0 todos aquellos vinculados con la persona\u00a0 en el medio social y familiar en relaci\u00f3n con temas tales como: la salud, la educaci\u00f3n, el trabajo, la seguridad social, la vivienda, la asistencia en circunstancias particularmente dif\u00edciles como\u00a0 la pobreza, el hambre, la migraci\u00f3n, la discapacidad, la enfermedad\u00a0 o aquellas situaciones que afecten particularmente a la infancia, la adolescencia, la familia y la ancianidad.<br \/>\nQue\u00a0 ante el status constitucional de la mencionada Convenci\u00f3n\u00a0 en octubre de 2005 se promulga la ley 26.061 de Protecci\u00f3n Integral de los Derechos de Ni\u00f1as, Ni\u00f1os y Adolescentes en Argentina.<br \/>\nQue en el\u00a0 Art. 4, Inc. e,\u00a0 de las Disposiciones Generales de la misma ley se establece que se deben propiciar la constituci\u00f3n de organizaciones y organismos para la defensa y protecci\u00f3n de los ni\u00f1os, ni\u00f1as y adolescentes.<br \/>\nQue en el mismo Art\u00edculo, inc. c y d, se\u00f1alan a\u00a0 la gesti\u00f3n asociada\u00a0 de los organismos de gobierno en sus distintos niveles con la sociedad civil y la promoci\u00f3n de redes intersectoriales locales.<br \/>\nQue las caracter\u00edsticas edilicias y los espacios verdes nos permiten concretar la creaci\u00f3n de un Jard\u00edn Maternal SEOS que contemple una poblaci\u00f3n de 45 d\u00edas a 3 a\u00f1os, ya que en la Escuela Leonor Ferreyra ubicada en el mismo predio, funciona\u00a0 Jard\u00edn Maternal y Jard\u00edn de Infantes.<br \/>\nQue la optimizaci\u00f3n de la infraestructura posibilitar\u00eda la creaci\u00f3n de un CEBA en horarios vespertinos que garantice el derecho a la educaci\u00f3n a adolescentes entre 14 y 18 a\u00f1os, y articular con los CCT (Centros de Capacitaci\u00f3n para el Trabajo) la formaci\u00f3n de adolescentes en oficios relacionados con la actividad productiva (poda, injertos, floricultura, horticultura, etc).<\/p>\n<p style=\"text-align: justify;\"><strong>POR ELLO:<\/strong><br \/>\nEl Concejo Deliberante de Rivadavia, Mendoza, en uso de sus facultades:<\/p>\n<p style=\"text-align: center;\"><strong>DECLARA<\/strong><\/p>\n<p style=\"text-align: justify;\"><strong>Art\u00edculo 1\u00b0:<\/strong> El Concejo Deliberante de Rivadavia, Mendoza,\u00a0 ver\u00eda con agrado que el Departamento Ejecutivo Municipal, efectuara las gestiones necesarias ante los Organismos Provinciales pertinentes para la creaci\u00f3n de:<\/p>\n<ul>\n<li style=\"text-align: justify;\">Un Jard\u00edn Maternal (SEOS) que contemple a la poblaci\u00f3n de 45 d\u00edas a 4 a\u00f1os a cargo de docentes de Nivel Inicial.<\/li>\n<li style=\"text-align: justify;\">Un CEBA en horarios vespertinos.<\/li>\n<li style=\"text-align: justify;\">Un CCT (Centro de Capacitaci\u00f3n para el trabajo) para la formaci\u00f3n de adolescentes en oficios relacionados con la actividad productiva (poda, injerto, floricultura).<\/li>\n<\/ul>\n<p><strong>Art\u00edculo\u00a0 2\u00b0:<\/strong>\u00a0 Comun\u00edquese al Departamento Ejecutivo a sus efectos, e ins\u00e9rtese en el Libro de Declaraciones de este Cuerpo.<\/p>\n<p>Dada en la Sala de Sesiones Bandera Nacional Argentina, del Concejo Deliberante de Rivadavia, Mendoza, a los 25 d\u00edas del mes de noviembre de 2008.<\/p>\n<table>\n<tbody>\n<tr>\n<td style=\"text-align: center;\">ORLANDO JAVIER RODRIGUEZ<\/td>\n<td style=\"text-align: center;\">ENRIQUE LE\u00d3N<\/td>\n<\/tr>\n<tr>\n<td style=\"text-align: center;\">SECRETARIO C.D.<\/td>\n<td style=\"text-align: center;\">PRESIDENTE C.D.<\/td>\n<\/tr>\n<\/tbody>\n<\/table>\n<p style=\"text-align: right;\">Cpde. Expte. N\u00ba 2008-00598-1 C.D.<\/p>\n","protected":false},"excerpt":{"rendered":"<p>DECLARACI\u00d3N N\u00ba 48 VISTO: Que en el departamento de Rivadavia funciona un CEDEYF (Guarder\u00eda N\u00ba 8) que asiste a 80 ni\u00f1os\/as cuyas edades oscilan entre 2 a 13 a\u00f1os, recibiendo asistencia alimentaria y apoyo escolar, y CONSIDERANDO: Que el edificio donde funciona el CEDEYF (Guarder\u00eda N\u00b0 8) est\u00e1 ubicado en un predio que es propiedad [&hellip;]<\/p>\n","protected":false},"author":1,"featured_media":4276,"comment_status":"closed","ping_status":"closed","sticky":false,"template":"","format":"standard","meta":{"_acf_changed":false,"footnotes":""},"categories":[66],"tags":[],"class_list":["post-5279","post","type-post","status-publish","format-standard","has-post-thumbnail","hentry","category-declaraciones"],"acf":[],"_links":{"self":[{"href":"https:\/\/coworkdigital.com.ar\/hcd\/wp-json\/wp\/v2\/posts\/5279","targetHints":{"allow":["GET"]}}],"collection":[{"href":"https:\/\/coworkdigital.com.ar\/hcd\/wp-json\/wp\/v2\/posts"}],"about":[{"href":"https:\/\/coworkdigital.com.ar\/hcd\/wp-json\/wp\/v2\/types\/post"}],"author":[{"embeddable":true,"href":"https:\/\/coworkdigital.com.ar\/hcd\/wp-json\/wp\/v2\/users\/1"}],"replies":[{"embeddable":true,"href":"https:\/\/coworkdigital.com.ar\/hcd\/wp-json\/wp\/v2\/comments?post=5279"}],"version-history":[{"count":0,"href":"https:\/\/coworkdigital.com.ar\/hcd\/wp-json\/wp\/v2\/posts\/5279\/revisions"}],"wp:featuredmedia":[{"embeddable":true,"href":"https:\/\/coworkdigital.com.ar\/hcd\/wp-json\/wp\/v2\/media\/4276"}],"wp:attachment":[{"href":"https:\/\/coworkdigital.com.ar\/hcd\/wp-json\/wp\/v2\/media?parent=5279"}],"wp:term":[{"taxonomy":"category","embeddable":true,"href":"https:\/\/coworkdigital.com.ar\/hcd\/wp-json\/wp\/v2\/categories?post=5279"},{"taxonomy":"post_tag","embeddable":true,"href":"https:\/\/coworkdigital.com.ar\/hcd\/wp-json\/wp\/v2\/tags?post=5279"}],"curies":[{"name":"wp","href":"https:\/\/api.w.org\/{rel}","templated":true}]}}