{"id":5281,"date":"2008-11-25T11:00:12","date_gmt":"2008-11-25T11:00:12","guid":{"rendered":"http:\/\/www.rivadaviamendoza.gob.ar\/hcd\/?p=5281"},"modified":"2008-11-25T11:00:12","modified_gmt":"2008-11-25T11:00:12","slug":"declaracion-47-2008","status":"publish","type":"post","link":"https:\/\/coworkdigital.com.ar\/hcd\/declaracion-47-2008\/","title":{"rendered":"Declaraci\u00f3n 47-2008"},"content":{"rendered":"<p style=\"text-align: center;\"><strong><img fetchpriority=\"high\" decoding=\"async\" class=\"wp-image-1054 aligncenter\" src=\"http:\/\/rd.gov.ar\/wp4\/wp-content\/uploads\/2017\/02\/encabezado-300x60.jpg\" sizes=\"(max-width: 669px) 100vw, 669px\" srcset=\"http:\/\/www.rivadaviamendoza.gob.ar\/hcd\/wp-content\/uploads\/2017\/02\/encabezado-300x60.jpg 300w, http:\/\/www.rivadaviamendoza.gob.ar\/hcd\/wp-content\/uploads\/2017\/02\/encabezado-768x153.jpg 768w, http:\/\/www.rivadaviamendoza.gob.ar\/hcd\/wp-content\/uploads\/2017\/02\/encabezado-1024x203.jpg 1024w\" alt=\"\" width=\"669\" height=\"134\" \/><\/strong><\/p>\n<p style=\"text-align: center;\"><strong>DECLARACI\u00d3N N\u00ba 47<\/strong><\/p>\n<p style=\"text-align: justify;\"><strong>VISTO:<\/strong><br \/>\nLa necesidad de preservar plazas, parques, paseos y sus instalaciones, jardines, fuentes, monumentos, luminarias, que a menudo son objeto de da\u00f1os, hurtos y otros actos perjudiciales, y<\/p>\n<p style=\"text-align: justify;\"><strong>CONSIDERANDO:<\/strong><br \/>\nQue si se designara dentro del personal municipal, un grupo preparado especialmente para \u201cGuardi\u00e1n de Plaza\u201d, (figura ya impuesta en otras ciudades), con funciones, no s\u00f3lo de la vigilancia del lugar, sino la prevenci\u00f3n de falta y delitos contra los bienes p\u00fablicos y privados mediante la educaci\u00f3n, creando conciencia ciudadana, de respeto, la utilizaci\u00f3n apropiada y moderada de los bienes y espacios verdes, siendo adem\u00e1s un v\u00ednculo entre la poblaci\u00f3n, Departamento Ejecutivo y Concejo Deliberante recibiendo sugerencias, proposiciones y dem\u00e1s expresiones que puedan mejorar el quehacer del representante y representado, con miras al bien com\u00fan.<br \/>\nQue con la actuaci\u00f3n de este grupo ver\u00edamos que nuestras plazas, la departamental, testigo desde hace tanto tiempo de hechos importantes para Rivadavia, y las otras, como todos los paseos, ser\u00edan lugares seguros y de encuentro donde se re\u00fane la familia, los ni\u00f1os, los j\u00f3venes, los adultos, para entretenimiento y solaz, o para tener presente con actos patri\u00f3ticos, fechas importantes de nuestra historia y estos bienes que son de todos, estar\u00edan preservados, conservados y acrecentados para la generaci\u00f3n presente y las futuras.<\/p>\n<p style=\"text-align: justify;\"><strong>POR ELLO:<\/strong><br \/>\nEl Concejo Deliberante de Rivadavia, Mendoza, en uso de sus facultades:<\/p>\n<p style=\"text-align: center;\"><strong>DECLARA<\/strong><\/p>\n<p style=\"text-align: justify;\"><strong>Art\u00edculo 1\u00b0:<\/strong> El Concejo Deliberante de Rivadavia, Mendoza, ver\u00eda con agrado que el Departamento Ejecutivo creara el cuerpo municipal denominado \u201cGuardianes de Plaza\u201d.<\/p>\n<p style=\"text-align: justify;\"><strong>Art\u00edculo 2\u00b0:<\/strong> Comun\u00edquese al Departamento Ejecutivo a sus efectos, e ins\u00e9rtese en el Libro de Declaraciones de este Cuerpo.<\/p>\n<p style=\"text-align: justify;\">Dada en la Sala de Sesiones Bandera Nacional Argentina, del Concejo Deliberante de Rivadavia, Mendoza, a los 25 d\u00edas del mes de noviembre de 2008.<\/p>\n<table>\n<tbody>\n<tr>\n<td style=\"text-align: center;\">ORLANDO JAVIER RODRIGUEZ<\/td>\n<td style=\"text-align: center;\">ENRIQUE LE\u00d3N<\/td>\n<\/tr>\n<tr>\n<td style=\"text-align: center;\">SECRETARIO C.D.<\/td>\n<td style=\"text-align: center;\">PRESIDENTE C.D.<\/td>\n<\/tr>\n<\/tbody>\n<\/table>\n<p style=\"text-align: right;\">Cpde. Expte. N\u00ba 2008-00602-1 C.D.<\/p>\n","protected":false},"excerpt":{"rendered":"<p>DECLARACI\u00d3N N\u00ba 47 VISTO: La necesidad de preservar plazas, parques, paseos y sus instalaciones, jardines, fuentes, monumentos, luminarias, que a menudo son objeto de da\u00f1os, hurtos y otros actos perjudiciales, y CONSIDERANDO: Que si se designara dentro del personal municipal, un grupo preparado especialmente para \u201cGuardi\u00e1n de Plaza\u201d, (figura ya impuesta en otras ciudades), con [&hellip;]<\/p>\n","protected":false},"author":1,"featured_media":4276,"comment_status":"closed","ping_status":"closed","sticky":false,"template":"","format":"standard","meta":{"_acf_changed":false,"footnotes":""},"categories":[66],"tags":[],"class_list":["post-5281","post","type-post","status-publish","format-standard","has-post-thumbnail","hentry","category-declaraciones"],"acf":[],"_links":{"self":[{"href":"https:\/\/coworkdigital.com.ar\/hcd\/wp-json\/wp\/v2\/posts\/5281","targetHints":{"allow":["GET"]}}],"collection":[{"href":"https:\/\/coworkdigital.com.ar\/hcd\/wp-json\/wp\/v2\/posts"}],"about":[{"href":"https:\/\/coworkdigital.com.ar\/hcd\/wp-json\/wp\/v2\/types\/post"}],"author":[{"embeddable":true,"href":"https:\/\/coworkdigital.com.ar\/hcd\/wp-json\/wp\/v2\/users\/1"}],"replies":[{"embeddable":true,"href":"https:\/\/coworkdigital.com.ar\/hcd\/wp-json\/wp\/v2\/comments?post=5281"}],"version-history":[{"count":0,"href":"https:\/\/coworkdigital.com.ar\/hcd\/wp-json\/wp\/v2\/posts\/5281\/revisions"}],"wp:featuredmedia":[{"embeddable":true,"href":"https:\/\/coworkdigital.com.ar\/hcd\/wp-json\/wp\/v2\/media\/4276"}],"wp:attachment":[{"href":"https:\/\/coworkdigital.com.ar\/hcd\/wp-json\/wp\/v2\/media?parent=5281"}],"wp:term":[{"taxonomy":"category","embeddable":true,"href":"https:\/\/coworkdigital.com.ar\/hcd\/wp-json\/wp\/v2\/categories?post=5281"},{"taxonomy":"post_tag","embeddable":true,"href":"https:\/\/coworkdigital.com.ar\/hcd\/wp-json\/wp\/v2\/tags?post=5281"}],"curies":[{"name":"wp","href":"https:\/\/api.w.org\/{rel}","templated":true}]}}