{"id":5283,"date":"2008-11-25T10:50:36","date_gmt":"2008-11-25T10:50:36","guid":{"rendered":"http:\/\/www.rivadaviamendoza.gob.ar\/hcd\/?p=5283"},"modified":"2008-11-25T10:50:36","modified_gmt":"2008-11-25T10:50:36","slug":"declaracion-46-2008","status":"publish","type":"post","link":"https:\/\/coworkdigital.com.ar\/hcd\/declaracion-46-2008\/","title":{"rendered":"Declaraci\u00f3n 46-2008"},"content":{"rendered":"<p style=\"text-align: center;\"><strong><img fetchpriority=\"high\" decoding=\"async\" class=\"wp-image-1054 aligncenter\" src=\"http:\/\/rd.gov.ar\/wp4\/wp-content\/uploads\/2017\/02\/encabezado-300x60.jpg\" sizes=\"(max-width: 669px) 100vw, 669px\" srcset=\"http:\/\/www.rivadaviamendoza.gob.ar\/hcd\/wp-content\/uploads\/2017\/02\/encabezado-300x60.jpg 300w, http:\/\/www.rivadaviamendoza.gob.ar\/hcd\/wp-content\/uploads\/2017\/02\/encabezado-768x153.jpg 768w, http:\/\/www.rivadaviamendoza.gob.ar\/hcd\/wp-content\/uploads\/2017\/02\/encabezado-1024x203.jpg 1024w\" alt=\"\" width=\"669\" height=\"134\" \/><\/strong><\/p>\n<p style=\"text-align: center;\"><strong>DECLARACI\u00d3N N\u00ba 46<\/strong><\/p>\n<p style=\"text-align: justify;\"><strong>VISTO:<br \/>\n<\/strong>La necesidad de dar soluci\u00f3n a algunas de las problem\u00e1ticas observadas en las visitas realizadas por la autora del presente proyecto\u00a0 y en datos aportados por distintos agentes que operan en el \u00e1mbito de influencia, denotan\u00a0 que numerosas familias que viven en el distrito de La Reducci\u00f3n\u00a0 de arriba, no poseen ingresos mensuales permanentes, habitan viviendas precarias, poseen hijos sin asistencias nutricional, contenci\u00f3n social y falta de estimulaci\u00f3n educativa adecuada, y<\/p>\n<p style=\"text-align: justify;\"><strong>CONSIDERANDO:<\/strong><br \/>\nQue los datos estad\u00edsticos observados sobre pobreza, indigencia, desocupaci\u00f3n, desarrollo social, desarrollo econ\u00f3mico, seguridad, salud, educaci\u00f3n, manifiestan una poblaci\u00f3n de alto riesgo, especialmente la que se encuentra en las periferias del Canal La Reducci\u00f3n.<br \/>\nQue esta realidad indica la necesidad de actuar con urgencia, para resolver lo observado y responder con acciones concretas.<br \/>\nQue es oportuno destacar que existe un compromiso social, entre los distintos agentes que operan en el medio (C.I.C. (Mesa de gesti\u00f3n) \u2013 escuela\u00a0 y habitantes del distrito)<br \/>\nQue se ha observado voluntad entre los agentes mencionados anteriormente para trabajar en forma conjunta.<br \/>\nQue, el Servicio Educativo de Origen Social, perteneciente a la Direcci\u00f3n General de Escuelas, es un organismo dedicado a promover el desarrollo social de las comunidades m\u00e1s vulnerables, a partir de propuestas educativas de influencia.<br \/>\nQue existe un edificio en condiciones (donde funciona el\u00a0 C.I.C.) para dar cabida a la Instituci\u00f3n\u00a0 propuesta.<\/p>\n<p style=\"text-align: justify;\"><strong>POR ELLO:<\/strong><br \/>\nEl Concejo Deliberante de Rivadavia, Mendoza, en uso de sus facultades:<\/p>\n<p style=\"text-align: center;\"><strong>DECLARA<\/strong><\/p>\n<p style=\"text-align: justify;\"><strong>Art\u00edculo 1\u00b0:<\/strong> El Concejo Deliberante de Rivadavia, Mendoza, ver\u00eda con agrado que la Direcci\u00f3n General de Escuelas de la Provincia de Mendoza, inicie las gestiones tendientes para la apertura de un Jard\u00edn Maternal en el Distrito de La Reducci\u00f3n, de esta Ciudad, que contenga la poblaci\u00f3n de 45 d\u00edas hasta 4 a\u00f1os de edad, que requiera asistencia nutricional, contenci\u00f3n social y estimulaci\u00f3n educativa temprana.<\/p>\n<p style=\"text-align: justify;\"><strong>Art\u00edculo 2\u00b0:<\/strong> Para la concreci\u00f3n de lo normado en el Art\u00edculo 1\u00ba de la presente, se cuenta con las instalaciones del Centro Integral Comunitario ( C.I.C.) de dicho distrito, el cual tiene a disposici\u00f3n\u00a0 cocina, ba\u00f1os etc.<\/p>\n<p style=\"text-align: justify;\"><strong>Art\u00edculo 3\u00ba:<\/strong> Solicitar a la Direcci\u00f3n General de Escuelas, disponga de los recursos humanos necesarios para tal fin, siendo que la misma no representa gastos para el Municipio.<\/p>\n<p style=\"text-align: justify;\"><strong>Art\u00edculo 4\u00b0:<\/strong> El Concejo Deliberante de Rivadavia, ver\u00eda con agrado fomentar el accionar Comunitario del Distrito, a partir de una propuesta de desarrollo educativo y social inherente a las necesidades de sus habitantes, con el fin de darle continuidad mientras se considere necesario.<\/p>\n<p style=\"text-align: justify;\"><strong>Art\u00edculo 5\u00b0:<\/strong> Remitir copia de la presente pieza legal,\u00a0 a la Direcci\u00f3n del Servicio Educativo de Origen Social de la Direcci\u00f3n General de Escuelas.<\/p>\n<p style=\"text-align: justify;\"><strong>Art\u00edculo 6\u00b0:<\/strong> Comun\u00edquese al Departamento Ejecutivo a sus efectos, e ins\u00e9rtese en el Libro de Declaraciones de este Cuerpo.<\/p>\n<p style=\"text-align: justify;\">Dada en la Sala de Sesiones Bandera Nacional Argentina, del Concejo Deliberante de Rivadavia, Mendoza, a los 25 d\u00edas del mes de noviembre de 2008.<\/p>\n<table>\n<tbody>\n<tr>\n<td style=\"text-align: center;\">ORLANDO JAVIER RODRIGUEZ<\/td>\n<td style=\"text-align: center;\">ENRIQUE LE\u00d3N<\/td>\n<\/tr>\n<tr>\n<td style=\"text-align: center;\">SECRETARIO C.D.<\/td>\n<td style=\"text-align: center;\">PRESIDENTE C.D.<\/td>\n<\/tr>\n<\/tbody>\n<\/table>\n<p style=\"text-align: right;\">Cpde. Expte. N\u00ba 2008-00588-2 C.D.<\/p>\n","protected":false},"excerpt":{"rendered":"<p>DECLARACI\u00d3N N\u00ba 46 VISTO: La necesidad de dar soluci\u00f3n a algunas de las problem\u00e1ticas observadas en las visitas realizadas por la autora del presente proyecto\u00a0 y en datos aportados por distintos agentes que operan en el \u00e1mbito de influencia, denotan\u00a0 que numerosas familias que viven en el distrito de La Reducci\u00f3n\u00a0 de arriba, no poseen [&hellip;]<\/p>\n","protected":false},"author":1,"featured_media":4276,"comment_status":"closed","ping_status":"closed","sticky":false,"template":"","format":"standard","meta":{"_acf_changed":false,"footnotes":""},"categories":[66],"tags":[],"class_list":["post-5283","post","type-post","status-publish","format-standard","has-post-thumbnail","hentry","category-declaraciones"],"acf":[],"_links":{"self":[{"href":"https:\/\/coworkdigital.com.ar\/hcd\/wp-json\/wp\/v2\/posts\/5283","targetHints":{"allow":["GET"]}}],"collection":[{"href":"https:\/\/coworkdigital.com.ar\/hcd\/wp-json\/wp\/v2\/posts"}],"about":[{"href":"https:\/\/coworkdigital.com.ar\/hcd\/wp-json\/wp\/v2\/types\/post"}],"author":[{"embeddable":true,"href":"https:\/\/coworkdigital.com.ar\/hcd\/wp-json\/wp\/v2\/users\/1"}],"replies":[{"embeddable":true,"href":"https:\/\/coworkdigital.com.ar\/hcd\/wp-json\/wp\/v2\/comments?post=5283"}],"version-history":[{"count":0,"href":"https:\/\/coworkdigital.com.ar\/hcd\/wp-json\/wp\/v2\/posts\/5283\/revisions"}],"wp:featuredmedia":[{"embeddable":true,"href":"https:\/\/coworkdigital.com.ar\/hcd\/wp-json\/wp\/v2\/media\/4276"}],"wp:attachment":[{"href":"https:\/\/coworkdigital.com.ar\/hcd\/wp-json\/wp\/v2\/media?parent=5283"}],"wp:term":[{"taxonomy":"category","embeddable":true,"href":"https:\/\/coworkdigital.com.ar\/hcd\/wp-json\/wp\/v2\/categories?post=5283"},{"taxonomy":"post_tag","embeddable":true,"href":"https:\/\/coworkdigital.com.ar\/hcd\/wp-json\/wp\/v2\/tags?post=5283"}],"curies":[{"name":"wp","href":"https:\/\/api.w.org\/{rel}","templated":true}]}}