{"id":5285,"date":"2008-11-25T10:40:45","date_gmt":"2008-11-25T10:40:45","guid":{"rendered":"http:\/\/www.rivadaviamendoza.gob.ar\/hcd\/?p=5285"},"modified":"2008-11-25T10:40:45","modified_gmt":"2008-11-25T10:40:45","slug":"declaracion-45-2008","status":"publish","type":"post","link":"https:\/\/coworkdigital.com.ar\/hcd\/declaracion-45-2008\/","title":{"rendered":"Declaraci\u00f3n 45-2008"},"content":{"rendered":"<p style=\"text-align: center;\"><strong><img fetchpriority=\"high\" decoding=\"async\" class=\"wp-image-1054 aligncenter\" src=\"http:\/\/rd.gov.ar\/wp4\/wp-content\/uploads\/2017\/02\/encabezado-300x60.jpg\" sizes=\"(max-width: 669px) 100vw, 669px\" srcset=\"http:\/\/www.rivadaviamendoza.gob.ar\/hcd\/wp-content\/uploads\/2017\/02\/encabezado-300x60.jpg 300w, http:\/\/www.rivadaviamendoza.gob.ar\/hcd\/wp-content\/uploads\/2017\/02\/encabezado-768x153.jpg 768w, http:\/\/www.rivadaviamendoza.gob.ar\/hcd\/wp-content\/uploads\/2017\/02\/encabezado-1024x203.jpg 1024w\" alt=\"\" width=\"669\" height=\"134\" \/><\/strong><\/p>\n<p style=\"text-align: center;\"><strong>DECLARACI\u00d3N N\u00ba 45<\/strong><\/p>\n<p style=\"text-align: justify;\"><strong>VISTO:<\/strong><br \/>\nLas gestiones que vienen desarrollando las provincias de San Juan, La Rioja y Catamarca, respecto al relanzamiento del R\u00e9gimen de Promoci\u00f3n Industrial, y<\/p>\n<p style=\"text-align: justify;\"><strong>CONSIDERANDO:<\/strong><br \/>\nQue estas medidas de exenciones impositivas, fundamentalmente permiten deducir las cargas p\u00fablicas de inversiones en inmuebles y maquinarias a las empresas radicadas o que se radiquen en las zonas beneficiadas por \u00e9ste r\u00e9gimen.<br \/>\nMendoza, desde hace muchos a\u00f1os sufre los inconvenientes que acarrea el estar situada geogr\u00e1ficamente en los l\u00edmites de las provincias que cuentan con estas ventajas comparativas, lo que ha impedido que nuevos proyectos productivos, sobre todo en la industria, opten por no invertir en nuestra provincia o lo que es a\u00fan m\u00e1s grave, algunos que se encontraban radicados hayan\u00a0 trasladado sus empresas hacia regiones que los favorezcan impositivamente m\u00e1s que la nuestra.<br \/>\nEn este sentido el Federalismo debe contribuir a afianzar la uni\u00f3n nacional, manteniendo un criterio equitativo en el crecimiento sostenido de las econom\u00edas regionales, pero de ninguna manera se debe confundir este criterio equitativo necesario, con medidas que privilegien a provincias o regiones en desmedro de otras.<br \/>\nRivadavia ya ha sufrido las consecuencias de la aplicaci\u00f3n de medidas de esta naturaleza y ha vivido lamentablemente el \u00e9xodo de empresas y bodegas o la radicaci\u00f3n de veh\u00edculos cuyos propietarios han cambiado el domicilio legal a los fines de patentarlos en provincias que gozan de beneficios impositivos.<br \/>\nAnte estos argumentos, es imprescindible que los Municipios de Mendoza fijen oficial y p\u00fablicamente su posici\u00f3n al respecto, y que la misma sea trasladada al Gobierno de la provincia, a nuestra Legislatura y a los Diputados y Senadores Nacionales por Mendoza, a fin de que hagan conocer al Gobierno Nacional lo inoportuno e inconveniente de avanzar en medidas como las planteadas en la presente Resoluci\u00f3n.<\/p>\n<p style=\"text-align: justify;\"><strong>POR ELLO:<\/strong><br \/>\nEl Concejo Deliberante de Rivadavia, Mendoza, en uso de sus facultades:<\/p>\n<p style=\"text-align: center;\"><strong>DECLARA<\/strong><\/p>\n<p style=\"text-align: justify;\"><strong>Art\u00edculo 1\u00ba:<\/strong> El Concejo Deliberante de Rivadavia, Mendoza, se declara abiertamente en contra del relanzamiento Nacional del R\u00e9gimen de Promoci\u00f3n Industrial, para las\u00a0 Provincias de San Juan, La Rioja, Catamarca\u00a0 y San Luis, en tanto representan una medida que ha ocasionado da\u00f1os comprobados en el desarrollo econ\u00f3mico y social de la provincia de Mendoza, provocando una nueva amenaza para la producci\u00f3n y la industria provincial y la prolongaci\u00f3n injustificada de asimetr\u00edas fiscales en la regi\u00f3n cuyo.<\/p>\n<p style=\"text-align: justify;\"><strong>Art\u00edculo 2\u00ba:<\/strong> Instar al Gobierno de la Provincia, para que realice las gestiones \u00fatiles que sean menester ante el Gobierno\u00a0 Nacional y sus dependencias competentes, a fin de desactivar el relanzamiento del R\u00e9gimen de Promoci\u00f3n Industrial en las provincias vecinas, que reedita injustificadas asimetr\u00edas fiscales en desmedro de la industria y producci\u00f3n del pueblo de Mendoza.<\/p>\n<p style=\"text-align: justify;\"><strong>Art\u00edculo 3\u00ba:<\/strong> Solicitar a la Honorable Legislatura de Mendoza, a los se\u00f1ores Legisladores\u00a0 Nacionales por Mendoza, que realicen las acciones pol\u00edticas y jur\u00eddicas a su alcance y competencia, tendientes a impedir la reedici\u00f3n del R\u00e9gimen de Promoci\u00f3n Industrial en las provincias vecinas, con el fin de evitar los perjuicios fiscales, econ\u00f3micos y sociales que puedan ocasionarle nuevamente a nuestra provincia la reinstalaci\u00f3n de este r\u00e9gimen impositivo, en contra partida se solicita se aboquen al dise\u00f1o y conformaci\u00f3n de un \u201cPlan de Promoci\u00f3n Industrial General\u201d, como pol\u00edtica de Estado, que contenga una estrategia industrial con objetivos claros, presupuestos y costos espec\u00edficos, sistemas de controles efectivos de los emprendimientos beneficiarios, indicadores de las ventajas sociales que efectivamente se desarrollen, mecanismos de participaci\u00f3n ciudadana, mediante una planificaci\u00f3n estrat\u00e9gica que garantice el desarrollo equitativo y la integraci\u00f3n de las distintas regiones del Pa\u00eds, en el marco de una visi\u00f3n federal, atenta a los requerimientos mundiales, que aproveche las capacidades y particularidades productivas existentes y aliente la conformaci\u00f3n de eslabonamientos productivos, a fin de edificar una estructura econ\u00f3mica virtuosa y sustentable para cada Regi\u00f3n.<\/p>\n<p style=\"text-align: justify;\"><strong>Art\u00edculo 4:<\/strong> Remitir copia de la presente pieza legal, al se\u00f1or Gobernador de la Provincia de Mendoza, a la Honorable Legislatura de Provincia, a los se\u00f1ores Legisladores Nacionales por Mendoza, y a los Municipios y Concejos Deliberantes de la provincia, a fin de que se expidan respecto de la situaci\u00f3n.<\/p>\n<p style=\"text-align: justify;\"><strong>Art\u00edculo 5:<\/strong> Comun\u00edquese al Departamento Ejecutivo a sus efectos, e ins\u00e9rtese en el Libro de Declaraciones de este Cuerpo.<\/p>\n<p style=\"text-align: justify;\">Dada en la Sala de Sesiones Bandera Nacional Argentina, del Concejo Deliberante de Rivadavia, Mendoza, a los 25 d\u00edas del mes de noviembre de 2008.<\/p>\n<table>\n<tbody>\n<tr>\n<td style=\"text-align: center;\">ORLANDO JAVIER RODRIGUEZ<\/td>\n<td style=\"text-align: center;\">ENRIQUE LE\u00d3N<\/td>\n<\/tr>\n<tr>\n<td style=\"text-align: center;\">SECRETARIO C.D.<\/td>\n<td style=\"text-align: center;\">PRESIDENTE C.D.<\/td>\n<\/tr>\n<\/tbody>\n<\/table>\n<p style=\"text-align: right;\">Cpde. Expte. N\u00ba 2008-00527-0 C.D.<\/p>\n","protected":false},"excerpt":{"rendered":"<p>DECLARACI\u00d3N N\u00ba 45 VISTO: Las gestiones que vienen desarrollando las provincias de San Juan, La Rioja y Catamarca, respecto al relanzamiento del R\u00e9gimen de Promoci\u00f3n Industrial, y CONSIDERANDO: Que estas medidas de exenciones impositivas, fundamentalmente permiten deducir las cargas p\u00fablicas de inversiones en inmuebles y maquinarias a las empresas radicadas o que se radiquen en [&hellip;]<\/p>\n","protected":false},"author":1,"featured_media":4276,"comment_status":"closed","ping_status":"closed","sticky":false,"template":"","format":"standard","meta":{"_acf_changed":false,"footnotes":""},"categories":[66],"tags":[],"class_list":["post-5285","post","type-post","status-publish","format-standard","has-post-thumbnail","hentry","category-declaraciones"],"acf":[],"_links":{"self":[{"href":"https:\/\/coworkdigital.com.ar\/hcd\/wp-json\/wp\/v2\/posts\/5285","targetHints":{"allow":["GET"]}}],"collection":[{"href":"https:\/\/coworkdigital.com.ar\/hcd\/wp-json\/wp\/v2\/posts"}],"about":[{"href":"https:\/\/coworkdigital.com.ar\/hcd\/wp-json\/wp\/v2\/types\/post"}],"author":[{"embeddable":true,"href":"https:\/\/coworkdigital.com.ar\/hcd\/wp-json\/wp\/v2\/users\/1"}],"replies":[{"embeddable":true,"href":"https:\/\/coworkdigital.com.ar\/hcd\/wp-json\/wp\/v2\/comments?post=5285"}],"version-history":[{"count":0,"href":"https:\/\/coworkdigital.com.ar\/hcd\/wp-json\/wp\/v2\/posts\/5285\/revisions"}],"wp:featuredmedia":[{"embeddable":true,"href":"https:\/\/coworkdigital.com.ar\/hcd\/wp-json\/wp\/v2\/media\/4276"}],"wp:attachment":[{"href":"https:\/\/coworkdigital.com.ar\/hcd\/wp-json\/wp\/v2\/media?parent=5285"}],"wp:term":[{"taxonomy":"category","embeddable":true,"href":"https:\/\/coworkdigital.com.ar\/hcd\/wp-json\/wp\/v2\/categories?post=5285"},{"taxonomy":"post_tag","embeddable":true,"href":"https:\/\/coworkdigital.com.ar\/hcd\/wp-json\/wp\/v2\/tags?post=5285"}],"curies":[{"name":"wp","href":"https:\/\/api.w.org\/{rel}","templated":true}]}}