{"id":5289,"date":"2008-11-25T10:20:24","date_gmt":"2008-11-25T10:20:24","guid":{"rendered":"http:\/\/www.rivadaviamendoza.gob.ar\/hcd\/?p=5289"},"modified":"2008-11-25T10:20:24","modified_gmt":"2008-11-25T10:20:24","slug":"declaracion-43-2008","status":"publish","type":"post","link":"https:\/\/coworkdigital.com.ar\/hcd\/declaracion-43-2008\/","title":{"rendered":"Declaraci\u00f3n 43-2008"},"content":{"rendered":"<p style=\"text-align: center;\"><strong><img fetchpriority=\"high\" decoding=\"async\" class=\"wp-image-1054 aligncenter\" src=\"http:\/\/rd.gov.ar\/wp4\/wp-content\/uploads\/2017\/02\/encabezado-300x60.jpg\" sizes=\"(max-width: 669px) 100vw, 669px\" srcset=\"http:\/\/www.rivadaviamendoza.gob.ar\/hcd\/wp-content\/uploads\/2017\/02\/encabezado-300x60.jpg 300w, http:\/\/www.rivadaviamendoza.gob.ar\/hcd\/wp-content\/uploads\/2017\/02\/encabezado-768x153.jpg 768w, http:\/\/www.rivadaviamendoza.gob.ar\/hcd\/wp-content\/uploads\/2017\/02\/encabezado-1024x203.jpg 1024w\" alt=\"\" width=\"669\" height=\"134\" \/><\/strong><\/p>\n<p style=\"text-align: center;\"><strong>DECLARACI\u00d3N N\u00ba 43<\/strong><\/p>\n<p style=\"text-align: justify;\"><strong>VISTO:<\/strong><br \/>\nLas consecuencias producidas por el temporal de granizo desatado el d\u00eda Martes 25 de noviembre del corriente a\u00f1o en este Departamento, y<\/p>\n<p style=\"text-align: justify;\"><strong>CONSIDERANDO:<\/strong><br \/>\nQue dicho meteoro afect\u00f3 &#8211; en mayor o menor grado \u2013 a casi todos los Distritos de la zona m\u00e1s productiva de Rivadavia, donde se asientan gran cantidad de peque\u00f1os y medianos viticultores y fruticultores.<br \/>\nQue, de acuerdo con las evaluaciones realizadas, en principio, por la Municipalidad de Rivadavia, de distintas superficie cultivada y\u00a0 en particular, de\u00a0 los distritos de La Central, El Mirador, Los Campamentos, La Reducci\u00f3n y La Libertad, se encontrar\u00edan en situaci\u00f3n de EMERGENCIA Y\/O DESASTRE AGROPECUARIO.<br \/>\nQue estos siniestros inciden en forma directa en la producci\u00f3n primaria, porque generan perjuicios sustantivos a los trabajadores rurales que viven de tal actividad, repercutiendo negativamente en patrones de empleo local e indirectamente sobre todo el Departamento, dada su naturaleza esencialmente agr\u00edcola.<br \/>\nQue esta excepcional situaci\u00f3n requiere la intervenci\u00f3n del Estado a trav\u00e9s de una mirada integral de la problem\u00e1tica, con el fin de efectivizar distintas acciones que permitan paliar los serios efectos socioecon\u00f3micos de este siniestro clim\u00e1tico.<\/p>\n<p style=\"text-align: justify;\"><strong>POR ELLO:<\/strong><br \/>\nEl Concejo Deliberante de Rivadavia, Mendoza, en uso de sus facultades:<\/p>\n<p style=\"text-align: center;\"><strong>DECLARA<\/strong><\/p>\n<p style=\"text-align: justify;\"><strong>Art\u00edculo 1\u00b0:<\/strong> El Concejo Deliberante de Rivadavia, Mendoza, declara al Departamento como ZONA DE EMERGENCIA Y\/O DESASTRE AGROPECUARIO, en raz\u00f3n del temporal de granizo desatado en el d\u00eda de la fecha, que afectara \u2013 en mayor o menor grado a casi todos los Distritos ubicados en la regi\u00f3n m\u00e1s productiva de Rivadavia.<\/p>\n<p style=\"text-align: justify;\"><strong>Art\u00edculo 2\u00b0:<\/strong> Exhorta a la Honorable Legislatura de Mendoza, a que declare ZONA DE EMERGENCIA Y\/O DESASTRE AGROPECUARIO por razones clim\u00e1ticas adversas al departamento de Rivadavia, a fin de posibilitar la adopci\u00f3n de paliativos pertinentes, ante los da\u00f1os econ\u00f3micos y sociales originados por la contingencia clim\u00e1tica, y de hacer operativos los dispositivos jur\u00eddicos en vigor sobre tal materia.<\/p>\n<p style=\"text-align: justify;\"><strong>Art\u00edculo 3\u00b0:<\/strong> Instar al Departamento Ejecutivo Municipal a instrumentar conjuntamente con los Ministerios de Econom\u00eda y de Desarrollo Social de la Provincia, urgentes medidas tendientes a asistir a los productores afectados en manera especial desde el punto de vista fitosanitario y a sus respectivos trabajadores rurales.<\/p>\n<p style=\"text-align: justify;\"><strong>Art\u00edculo 4\u00b0:<\/strong> Rem\u00edtase copia de la presente pieza legal al se\u00f1or Gobernador de\u00a0 la provincia de Mendoza; a la Honorable Legislatura Provincial; a los Ministerios de Econom\u00eda y Desarrollo Social de la provincia de Mendoza;\u00a0 a la Asociaci\u00f3n de Peque\u00f1os y Medianos Productores de Rivadavia y a la C\u00e1mara Empresaria de este Departamento.<\/p>\n<p style=\"text-align: justify;\"><strong>Art\u00edculo 5\u00b0:<\/strong> Comun\u00edquese al Departamento Ejecutivo a sus efectos, e ins\u00e9rtese en el Libro de Declaraciones de este Cuerpo.<\/p>\n<p style=\"text-align: justify;\">Dada en la Sala de Sesiones Bandera Nacional Argentina, del Concejo Deliberante de Rivadavia, Mendoza, a los 25 d\u00edas del mes de noviembre de 2008.<\/p>\n<table>\n<tbody>\n<tr>\n<td style=\"text-align: center;\">ORLANDO JAVIER RODRIGUEZ<\/td>\n<td style=\"text-align: center;\">ENRIQUE LE\u00d3N<\/td>\n<\/tr>\n<tr>\n<td style=\"text-align: center;\">SECRETARIO C.D.<\/td>\n<td style=\"text-align: center;\">PRESIDENTE C.D.<\/td>\n<\/tr>\n<\/tbody>\n<\/table>\n<p style=\"text-align: right;\">Cpde. Expte. N\u00ba 2008-00612-0 C.D.<\/p>\n","protected":false},"excerpt":{"rendered":"<p>DECLARACI\u00d3N N\u00ba 43 VISTO: Las consecuencias producidas por el temporal de granizo desatado el d\u00eda Martes 25 de noviembre del corriente a\u00f1o en este Departamento, y CONSIDERANDO: Que dicho meteoro afect\u00f3 &#8211; en mayor o menor grado \u2013 a casi todos los Distritos de la zona m\u00e1s productiva de Rivadavia, donde se asientan gran cantidad [&hellip;]<\/p>\n","protected":false},"author":1,"featured_media":4276,"comment_status":"closed","ping_status":"closed","sticky":false,"template":"","format":"standard","meta":{"_acf_changed":false,"footnotes":""},"categories":[66],"tags":[],"class_list":["post-5289","post","type-post","status-publish","format-standard","has-post-thumbnail","hentry","category-declaraciones"],"acf":[],"_links":{"self":[{"href":"https:\/\/coworkdigital.com.ar\/hcd\/wp-json\/wp\/v2\/posts\/5289","targetHints":{"allow":["GET"]}}],"collection":[{"href":"https:\/\/coworkdigital.com.ar\/hcd\/wp-json\/wp\/v2\/posts"}],"about":[{"href":"https:\/\/coworkdigital.com.ar\/hcd\/wp-json\/wp\/v2\/types\/post"}],"author":[{"embeddable":true,"href":"https:\/\/coworkdigital.com.ar\/hcd\/wp-json\/wp\/v2\/users\/1"}],"replies":[{"embeddable":true,"href":"https:\/\/coworkdigital.com.ar\/hcd\/wp-json\/wp\/v2\/comments?post=5289"}],"version-history":[{"count":0,"href":"https:\/\/coworkdigital.com.ar\/hcd\/wp-json\/wp\/v2\/posts\/5289\/revisions"}],"wp:featuredmedia":[{"embeddable":true,"href":"https:\/\/coworkdigital.com.ar\/hcd\/wp-json\/wp\/v2\/media\/4276"}],"wp:attachment":[{"href":"https:\/\/coworkdigital.com.ar\/hcd\/wp-json\/wp\/v2\/media?parent=5289"}],"wp:term":[{"taxonomy":"category","embeddable":true,"href":"https:\/\/coworkdigital.com.ar\/hcd\/wp-json\/wp\/v2\/categories?post=5289"},{"taxonomy":"post_tag","embeddable":true,"href":"https:\/\/coworkdigital.com.ar\/hcd\/wp-json\/wp\/v2\/tags?post=5289"}],"curies":[{"name":"wp","href":"https:\/\/api.w.org\/{rel}","templated":true}]}}