{"id":5295,"date":"2008-11-11T11:50:27","date_gmt":"2008-11-11T11:50:27","guid":{"rendered":"http:\/\/www.rivadaviamendoza.gob.ar\/hcd\/?p=5295"},"modified":"2008-11-11T11:50:27","modified_gmt":"2008-11-11T11:50:27","slug":"declaracion-40-2008","status":"publish","type":"post","link":"https:\/\/coworkdigital.com.ar\/hcd\/declaracion-40-2008\/","title":{"rendered":"Declaraci\u00f3n 40-2008"},"content":{"rendered":"<p style=\"text-align: center;\"><strong><img fetchpriority=\"high\" decoding=\"async\" class=\"wp-image-1054 aligncenter\" src=\"http:\/\/rd.gov.ar\/wp4\/wp-content\/uploads\/2017\/02\/encabezado-300x60.jpg\" sizes=\"(max-width: 669px) 100vw, 669px\" srcset=\"http:\/\/www.rivadaviamendoza.gob.ar\/hcd\/wp-content\/uploads\/2017\/02\/encabezado-300x60.jpg 300w, http:\/\/www.rivadaviamendoza.gob.ar\/hcd\/wp-content\/uploads\/2017\/02\/encabezado-768x153.jpg 768w, http:\/\/www.rivadaviamendoza.gob.ar\/hcd\/wp-content\/uploads\/2017\/02\/encabezado-1024x203.jpg 1024w\" alt=\"\" width=\"669\" height=\"134\" \/><\/strong><\/p>\n<p style=\"text-align: center;\"><strong>DECLARACI\u00d3N N\u00ba 40<\/strong><\/p>\n<p style=\"text-align: justify;\"><strong>VISTO:<\/strong><br \/>\nEl proyecto sobre la reducci\u00f3n a los 18 a\u00f1os para adquirir la mayor\u00eda de edad, del senador Rub\u00e9n Giustiniani del a\u00f1o 2005, habi\u00e9ndolo presentado nuevamente en el Senado de la Naci\u00f3n, para su tratamiento, y<\/p>\n<p style=\"text-align: justify;\"><strong>CONSIDERANDO:<\/strong><br \/>\nQue en dicho proyecto el senador Giustiniani fundamenta acabadamente la necesidad de establecer en 18 a\u00f1os la mayor\u00eda de edad, se considera que a esa edad los j\u00f3venes de hoy, tienen la madurez intelectual suficiente para realizar los actos de la vida civil, respecto a su persona, a sus bienes y en relaci\u00f3n con\u00a0 los dem\u00e1s integrantes de la sociedad, a la toma de decisiones y la consecuente responsabilidad por los actos derivados de ella. Resalta, asimismo, que nuestros j\u00f3venes realizan un acto important\u00edsimo como es el acto democr\u00e1tico de votar, eligiendo a sus representantes en el\u00a0\u00a0 Poder\u00a0 Legislativo, en el Ejecutivo, pero en este momento, ellos no pueden efectuar, sino es por medio de sus representantes legales: padres, tutores, etc., otros m\u00e1s simples.<br \/>\nQue en la mayor\u00eda de los pa\u00edses se establecen los 18 a\u00f1os para alcanzar la mayor\u00eda de edad. Ejemplo de ello, son las Naciones hermanas de Brasil, Uruguay, Chile, Per\u00fa, Colombia y Venezuela por citar algunas, y en el viejo continente mantienen este criterio para determinar la mayor\u00eda de edad respecto los actos de la vida civil.<\/p>\n<p style=\"text-align: justify;\"><strong>POR ELLO:<\/strong><br \/>\nEl Concejo Deliberante de Rivadavia, Mendoza, y en uso de sus facultades:<\/p>\n<p style=\"text-align: center;\"><strong>DECLARA<\/strong><\/p>\n<p style=\"text-align: justify;\"><strong>Art\u00edculo 1\u00ba:<\/strong> El Concejo Deliberante de Rivadavia, Mendoza, ver\u00eda con agrado que ambas C\u00e1maras del Congreso de la Naci\u00f3n, dieran sanci\u00f3n favorable al Proyecto de establecer la mayor\u00eda de Edad a los 18 a\u00f1os, dictando la respectiva ley que contemple la reforma al Art\u00edculo 126\u00ba del C\u00f3digo Civil y concordantes, preservando los derechos de alimentos a los hijos o acceso al sistema de seguridad social, garantizando su extensi\u00f3n hasta los 21 a\u00f1os de edad.<\/p>\n<p style=\"text-align: justify;\"><strong>Art\u00edculo 2\u00ba:<\/strong> G\u00edrese copia de la presente pieza legal, al Congreso de la Naci\u00f3n, a la Honorable Legislatura Provincial (C\u00e1mara de Diputados y Senadores), y a los Honorables Concejos Deliberante de la Provincia, a los efectos de que adhieran a la presente Norma.<\/p>\n<p style=\"text-align: justify;\"><strong>Art\u00edculo 3\u00ba:<\/strong> Comun\u00edquese al Departamento Ejecutivo Municipal a sus efectos, e ins\u00e9rtese en el Libro de Declaraciones de este Cuerpo.<\/p>\n<p style=\"text-align: justify;\">Dada en la Sala de Sesiones Bandera Nacional Argentina del Concejo Deliberante de Rivadavia, Mendoza, a los 11 d\u00edas del mes de noviembre de 2008.<\/p>\n<table>\n<tbody>\n<tr>\n<td style=\"text-align: center;\">ORLANDO JAVIER RODRIGUEZ<\/td>\n<td style=\"text-align: center;\">ENRIQUE LE\u00d3N<\/td>\n<\/tr>\n<tr>\n<td style=\"text-align: center;\">SECRETARIO C.D.<\/td>\n<td style=\"text-align: center;\">PRESIDENTE C.D.<\/td>\n<\/tr>\n<\/tbody>\n<\/table>\n<p style=\"text-align: right;\">Cpde. Expte. N\u00ba 2008-00583-3 C.D.<\/p>\n","protected":false},"excerpt":{"rendered":"<p>DECLARACI\u00d3N N\u00ba 40 VISTO: El proyecto sobre la reducci\u00f3n a los 18 a\u00f1os para adquirir la mayor\u00eda de edad, del senador Rub\u00e9n Giustiniani del a\u00f1o 2005, habi\u00e9ndolo presentado nuevamente en el Senado de la Naci\u00f3n, para su tratamiento, y CONSIDERANDO: Que en dicho proyecto el senador Giustiniani fundamenta acabadamente la necesidad de establecer en 18 [&hellip;]<\/p>\n","protected":false},"author":1,"featured_media":4276,"comment_status":"closed","ping_status":"closed","sticky":false,"template":"","format":"standard","meta":{"_acf_changed":false,"footnotes":""},"categories":[66],"tags":[],"class_list":["post-5295","post","type-post","status-publish","format-standard","has-post-thumbnail","hentry","category-declaraciones"],"acf":[],"_links":{"self":[{"href":"https:\/\/coworkdigital.com.ar\/hcd\/wp-json\/wp\/v2\/posts\/5295","targetHints":{"allow":["GET"]}}],"collection":[{"href":"https:\/\/coworkdigital.com.ar\/hcd\/wp-json\/wp\/v2\/posts"}],"about":[{"href":"https:\/\/coworkdigital.com.ar\/hcd\/wp-json\/wp\/v2\/types\/post"}],"author":[{"embeddable":true,"href":"https:\/\/coworkdigital.com.ar\/hcd\/wp-json\/wp\/v2\/users\/1"}],"replies":[{"embeddable":true,"href":"https:\/\/coworkdigital.com.ar\/hcd\/wp-json\/wp\/v2\/comments?post=5295"}],"version-history":[{"count":0,"href":"https:\/\/coworkdigital.com.ar\/hcd\/wp-json\/wp\/v2\/posts\/5295\/revisions"}],"wp:featuredmedia":[{"embeddable":true,"href":"https:\/\/coworkdigital.com.ar\/hcd\/wp-json\/wp\/v2\/media\/4276"}],"wp:attachment":[{"href":"https:\/\/coworkdigital.com.ar\/hcd\/wp-json\/wp\/v2\/media?parent=5295"}],"wp:term":[{"taxonomy":"category","embeddable":true,"href":"https:\/\/coworkdigital.com.ar\/hcd\/wp-json\/wp\/v2\/categories?post=5295"},{"taxonomy":"post_tag","embeddable":true,"href":"https:\/\/coworkdigital.com.ar\/hcd\/wp-json\/wp\/v2\/tags?post=5295"}],"curies":[{"name":"wp","href":"https:\/\/api.w.org\/{rel}","templated":true}]}}