{"id":5297,"date":"2008-11-11T11:40:05","date_gmt":"2008-11-11T11:40:05","guid":{"rendered":"http:\/\/www.rivadaviamendoza.gob.ar\/hcd\/?p=5297"},"modified":"2008-11-11T11:40:05","modified_gmt":"2008-11-11T11:40:05","slug":"declaracion-39-2008","status":"publish","type":"post","link":"https:\/\/coworkdigital.com.ar\/hcd\/declaracion-39-2008\/","title":{"rendered":"Declaraci\u00f3n 39-2008"},"content":{"rendered":"<p style=\"text-align: center;\"><strong><img fetchpriority=\"high\" decoding=\"async\" class=\"wp-image-1054 aligncenter\" src=\"http:\/\/rd.gov.ar\/wp4\/wp-content\/uploads\/2017\/02\/encabezado-300x60.jpg\" sizes=\"(max-width: 669px) 100vw, 669px\" srcset=\"http:\/\/www.rivadaviamendoza.gob.ar\/hcd\/wp-content\/uploads\/2017\/02\/encabezado-300x60.jpg 300w, http:\/\/www.rivadaviamendoza.gob.ar\/hcd\/wp-content\/uploads\/2017\/02\/encabezado-768x153.jpg 768w, http:\/\/www.rivadaviamendoza.gob.ar\/hcd\/wp-content\/uploads\/2017\/02\/encabezado-1024x203.jpg 1024w\" alt=\"\" width=\"669\" height=\"134\" \/><\/strong><\/p>\n<p style=\"text-align: center;\"><strong>DECLARACI\u00d3N N\u00ba 39<\/strong><\/p>\n<p style=\"text-align: justify;\"><strong>VISTO:<\/strong><br \/>\nEl alto porcentaje de accidentes que ocurren en nuestra Provincia, y<\/p>\n<p style=\"text-align: justify;\"><strong>CONSIDERANDO:<\/strong><br \/>\nQue es obligaci\u00f3n de todos, analizar la forma de reducirlos hasta llegar al m\u00ednimo posible.<br \/>\nQue entre las variadas causas que los provocan est\u00e1 la conducci\u00f3n de los veh\u00edculos por personas que no se encuentran sobrias.<br \/>\nQue generalmente el conductor va acompa\u00f1ado en esta circunstancia por otra persona, quien deber\u00eda contener e impedir al mismo el cometido de la infracci\u00f3n prevista en el C\u00f3digo de Faltas, infracciones riesgosas para las personas y los bienes personales, de otros y p\u00fablicos, en muchos casos acarrean consecuencias fatales, que traen dolor irreparable a las familias y a la comunidad en general.<br \/>\nQue en miras a evitar en lo posible lo se\u00f1alado, se considera que si se aplicara a este acompa\u00f1ante una multa, igual, o menor, que a la establecida en el Art\u00edculo 61\u00ba (cap\u00edtulo ebriedad) del C\u00f3digo de Faltas, ya que puede consider\u00e1rselo coautor de la infracci\u00f3n, se ver\u00eda reducido el alto nivel de accidentes, que tiene su origen en la se\u00f1alada causa que incide directamente en la reducci\u00f3n de las facultades f\u00edsicas e intelectuales del individuo.<br \/>\nQue, este sistema ha sido aplicado con \u00e9xito en otros pa\u00edses.<\/p>\n<p style=\"text-align: justify;\"><strong>POR ELLO:<\/strong><br \/>\nEl Concejo Deliberante de Rivadavia, Mendoza, y en uso de sus facultades:<\/p>\n<p style=\"text-align: center;\"><strong>DECLARA<\/strong><\/p>\n<p style=\"text-align: justify;\"><strong>Art\u00edculo 1\u00ba:<\/strong> El Concejo Deliberante de Rivadavia, Mendoza, ver\u00eda con agrado que la Honorable Legislatura Provincial, agregue al Art\u00edculo 61\u00ba del C\u00f3digo de Faltas, un p\u00e1rrafo estableciendo una multa como sanci\u00f3n, al acompa\u00f1ante del conductor que no est\u00e1 en condiciones normales para conducir un veh\u00edculo.<\/p>\n<p style=\"text-align: justify;\"><strong>Art\u00edculo 2\u00ba:<\/strong> G\u00edrese copia de la presente pieza legal, al Gobierno de la Provincia, a la Honorable Legislatura Provincial (C\u00e1mara de Diputados y Senadores), y a la Suprema Corte de Justicia.<\/p>\n<p style=\"text-align: justify;\"><strong>Art\u00edculo 3\u00ba:<\/strong> Comun\u00edquese al Departamento Ejecutivo Municipal a sus efectos, e ins\u00e9rtese en el Libro de Declaraciones de este Cuerpo.<\/p>\n<p style=\"text-align: justify;\">Dada en la Sala de Sesiones Bandera Nacional Argentina del Concejo Deliberante de Rivadavia, Mendoza, a los 11 d\u00edas del mes de noviembre de 2008.<\/p>\n<table>\n<tbody>\n<tr>\n<td style=\"text-align: center;\">ORLANDO JAVIER RODRIGUEZ<\/td>\n<td style=\"text-align: center;\">ENRIQUE LE\u00d3N<\/td>\n<\/tr>\n<tr>\n<td style=\"text-align: center;\">SECRETARIO C.D.<\/td>\n<td style=\"text-align: center;\">PRESIDENTE C.D.<\/td>\n<\/tr>\n<\/tbody>\n<\/table>\n<p style=\"text-align: right;\">Cpde. Expte. N\u00ba 2008-00581-7 C.D.<\/p>\n","protected":false},"excerpt":{"rendered":"<p>DECLARACI\u00d3N N\u00ba 39 VISTO: El alto porcentaje de accidentes que ocurren en nuestra Provincia, y CONSIDERANDO: Que es obligaci\u00f3n de todos, analizar la forma de reducirlos hasta llegar al m\u00ednimo posible. Que entre las variadas causas que los provocan est\u00e1 la conducci\u00f3n de los veh\u00edculos por personas que no se encuentran sobrias. Que generalmente el [&hellip;]<\/p>\n","protected":false},"author":1,"featured_media":4276,"comment_status":"closed","ping_status":"closed","sticky":false,"template":"","format":"standard","meta":{"_acf_changed":false,"footnotes":""},"categories":[66],"tags":[],"class_list":["post-5297","post","type-post","status-publish","format-standard","has-post-thumbnail","hentry","category-declaraciones"],"acf":[],"_links":{"self":[{"href":"https:\/\/coworkdigital.com.ar\/hcd\/wp-json\/wp\/v2\/posts\/5297","targetHints":{"allow":["GET"]}}],"collection":[{"href":"https:\/\/coworkdigital.com.ar\/hcd\/wp-json\/wp\/v2\/posts"}],"about":[{"href":"https:\/\/coworkdigital.com.ar\/hcd\/wp-json\/wp\/v2\/types\/post"}],"author":[{"embeddable":true,"href":"https:\/\/coworkdigital.com.ar\/hcd\/wp-json\/wp\/v2\/users\/1"}],"replies":[{"embeddable":true,"href":"https:\/\/coworkdigital.com.ar\/hcd\/wp-json\/wp\/v2\/comments?post=5297"}],"version-history":[{"count":0,"href":"https:\/\/coworkdigital.com.ar\/hcd\/wp-json\/wp\/v2\/posts\/5297\/revisions"}],"wp:featuredmedia":[{"embeddable":true,"href":"https:\/\/coworkdigital.com.ar\/hcd\/wp-json\/wp\/v2\/media\/4276"}],"wp:attachment":[{"href":"https:\/\/coworkdigital.com.ar\/hcd\/wp-json\/wp\/v2\/media?parent=5297"}],"wp:term":[{"taxonomy":"category","embeddable":true,"href":"https:\/\/coworkdigital.com.ar\/hcd\/wp-json\/wp\/v2\/categories?post=5297"},{"taxonomy":"post_tag","embeddable":true,"href":"https:\/\/coworkdigital.com.ar\/hcd\/wp-json\/wp\/v2\/tags?post=5297"}],"curies":[{"name":"wp","href":"https:\/\/api.w.org\/{rel}","templated":true}]}}