{"id":5303,"date":"2008-09-16T13:08:54","date_gmt":"2008-09-16T13:08:54","guid":{"rendered":"http:\/\/www.rivadaviamendoza.gob.ar\/hcd\/?p=5303"},"modified":"2008-09-16T13:08:54","modified_gmt":"2008-09-16T13:08:54","slug":"declaracion-35-2008","status":"publish","type":"post","link":"https:\/\/coworkdigital.com.ar\/hcd\/declaracion-35-2008\/","title":{"rendered":"Declaraci\u00f3n 35-2008"},"content":{"rendered":"<p style=\"text-align: center;\"><strong><img fetchpriority=\"high\" decoding=\"async\" class=\"wp-image-1054 aligncenter\" src=\"http:\/\/rd.gov.ar\/wp4\/wp-content\/uploads\/2017\/02\/encabezado-300x60.jpg\" sizes=\"(max-width: 669px) 100vw, 669px\" srcset=\"http:\/\/www.rivadaviamendoza.gob.ar\/hcd\/wp-content\/uploads\/2017\/02\/encabezado-300x60.jpg 300w, http:\/\/www.rivadaviamendoza.gob.ar\/hcd\/wp-content\/uploads\/2017\/02\/encabezado-768x153.jpg 768w, http:\/\/www.rivadaviamendoza.gob.ar\/hcd\/wp-content\/uploads\/2017\/02\/encabezado-1024x203.jpg 1024w\" alt=\"\" width=\"669\" height=\"134\" \/><\/strong><\/p>\n<p style=\"text-align: center;\"><strong>DECLARACI\u00d3N N\u00ba 35<\/strong><\/p>\n<p><strong>VISTO<\/strong><br \/>\nQue en el Departamento existen muchas entidades intermedias en situaci\u00f3n de irregularidad, y<\/p>\n<p style=\"text-align: justify;\"><strong>CONSIDERANDO<br \/>\n<\/strong>Que las Entidades intermedias o Asociaciones sin fines de lucro cumplen, en una sociedad democr\u00e1tica, un rol fundamental, por ser \u00e9stas el nexo existente entre los ciudadanos y el estado.<br \/>\nQue en la Argentina, las entidades intermedias se han convertido en espacios leg\u00edtimos para la producci\u00f3n de bienes y servicios o para la participaci\u00f3n pol\u00edtica.<br \/>\nQue en este tipo de organizaciones, las decisiones tomadas por los directivos se encaminan a facilitar los mejores servicios posibles con los recursos disponibles. Una organizaci\u00f3n sin fines de lucro es aquella cuyo objetivo es distinto a la obtenci\u00f3n de un beneficio para sus propietarios. Generalmente, su objetivo consiste en facilitar servicios.<br \/>\nQue son entidades civiles, -porque no ejercen actividades comerciales o industriales-, y para tener identidad propia distinta de la de los miembros que la componen, deben obtener su Personer\u00eda Jur\u00eddica, es decir su condici\u00f3n de persona de existencia ideal que las habilita para adquirir derechos y contraer obligaciones en nombre de la instituci\u00f3n.<br \/>\nQue son organizaciones que no tienen como objetivo el lucro econ\u00f3mico; esto es que, a diferencia de las empresas, los ingresos que generan no son repartidos entre sus socios, sino que se destinan a su objeto social.<br \/>\nQue el \u00e9xito en estas organizaciones se mide primeramente por la cantidad de servicios que provee y por la calidad de los mismos. B\u00e1sicamente, el \u00e9xito se mide por su contribuci\u00f3n al bienestar p\u00fablico.<br \/>\nQue la iniciativa responde al Plan de Recuperaci\u00f3n de Entidades Intermedias, iniciado por el Ministerio de Gobierno, Justicia y Derechos Humanos.<br \/>\nQue esta iniciativa se hace en el marco de la ley N\u00b06.721\/99, que promueve la participaci\u00f3n ciudadana y crea las organizaciones, los consejos provinciales y los foros departamentales.<br \/>\nQue el objetivo es fortalecer las organizaciones sociales en el marco de una comunidad organizada, lo que se hace a trav\u00e9s de las receptor\u00edas comunales encargadas de orientar y capacitar a los dirigentes sociales en la organizaci\u00f3n y\/o regularizaci\u00f3n de las entidades a las que representan.<br \/>\nQue la democracia representativa, cuyo instrumento principal son los partidos pol\u00edticos, no alcanza para contener la necesidad de participaci\u00f3n de la ciudadan\u00eda y requiere de otras instituciones complementarias.<br \/>\nQue en nuestro departamento, contamos con una herramienta como es el \u201cConcejo Econ\u00f3mico Social y Pol\u00edtico\u201d aprobado por\u00a0 Ordenanza N\u00b0 4285\/06, \u00f3rgano de car\u00e1cter consultivo y\u00a0 asesor de los poderes p\u00fablicos municipales en todas las \u00e1reas del quehacer departamental. Completa y ampl\u00eda las instituciones democr\u00e1ticas sin remplazar la representaci\u00f3n pol\u00edtica que caracteriza a esta forma de gobierno.<br \/>\nQue este \u00f3rgano consultivo debe ser un foro permanente de dialogo social entre los distintos sectores a fin de superar disputas y lograr consensos especiales para el desarrollo econ\u00f3mico y social de nuestro departamento.<br \/>\nQue el fortalecimiento de las organizaciones sociales permiten el funcionamiento del Consejo Econ\u00f3mico, Social y Pol\u00edtico.<br \/>\nQue es por esto que a trav\u00e9s de la Receptor\u00eda comunal y el compromiso que asumimos todos los Concejales, impulsamos este encuentro con\u00a0 el objetivo de orientar y capacitar a los dirigentes sociales en la organizaci\u00f3n y\/o regularizaci\u00f3n de las entidades a las que representan.<\/p>\n<p style=\"text-align: justify;\"><strong>POR ELLO<\/strong><br \/>\nEl Concejo Deliberante de Rivadavia, Mendoza, y en uso de sus facultades:<\/p>\n<p style=\"text-align: center;\"><strong>DECLARA<\/strong><\/p>\n<p style=\"text-align: justify;\"><strong>Art\u00edculo 1:<\/strong> Declarar de Inter\u00e9s Departamental el \u201cPrimer Encuentro de Capacitaci\u00f3n de Asociaciones sin fines de lucro\u201d, organizado por el Concejo Deliberante, Municipalidad de Rivadavia y\u00a0 Direcci\u00f3n de Persona Jur\u00eddica.<\/p>\n<p style=\"text-align: justify;\"><strong>Art\u00edculo 2:<\/strong> Por secretar\u00eda deber\u00e1 procederse a cursar las invitaciones\u00a0\u00a0 a\u00a0 las Asociaciones Civiles sin fines de lucro del Departamento.<\/p>\n<p style=\"text-align: justify;\"><strong>Art\u00edculo 3:<\/strong> El gasto que demande este Encuentro, deber\u00e1 imputarse a la partida presupuestaria correspondiente, debiendo procurarse un uso racional de las erogaciones que sean menester.<\/p>\n<p style=\"text-align: justify;\"><strong>Art\u00edculo 4\u00ba:<\/strong> Comun\u00edquese al Departamento Ejecutivo a sus efectos, e ins\u00e9rtese en el Libro de Declaraciones de este Cuerpo.<\/p>\n<p style=\"text-align: justify;\">Dada en la Sala de Sesiones Bandera Nacional Argentina, del Concejo Deliberante de Rivadavia, Mendoza, a los 16 d\u00edas del mes de setiembre de 2008.<\/p>\n<table>\n<tbody>\n<tr>\n<td style=\"text-align: center;\">ORLANDO JAVIER RODRIGUEZ<\/td>\n<td style=\"text-align: center;\">ENRIQUE LE\u00d3N<\/td>\n<\/tr>\n<tr>\n<td style=\"text-align: center;\">SECRETARIO C.D.<\/td>\n<td style=\"text-align: center;\">PRESIDENTE C.D.<\/td>\n<\/tr>\n<\/tbody>\n<\/table>\n<p style=\"text-align: right;\">Cpde. Expte. N\u00ba 2008-00458-8 C.D.<\/p>\n","protected":false},"excerpt":{"rendered":"<p>DECLARACI\u00d3N N\u00ba 35 VISTO Que en el Departamento existen muchas entidades intermedias en situaci\u00f3n de irregularidad, y CONSIDERANDO Que las Entidades intermedias o Asociaciones sin fines de lucro cumplen, en una sociedad democr\u00e1tica, un rol fundamental, por ser \u00e9stas el nexo existente entre los ciudadanos y el estado. Que en la Argentina, las entidades intermedias [&hellip;]<\/p>\n","protected":false},"author":1,"featured_media":4276,"comment_status":"closed","ping_status":"closed","sticky":false,"template":"","format":"standard","meta":{"_acf_changed":false,"footnotes":""},"categories":[66],"tags":[],"class_list":["post-5303","post","type-post","status-publish","format-standard","has-post-thumbnail","hentry","category-declaraciones"],"acf":[],"_links":{"self":[{"href":"https:\/\/coworkdigital.com.ar\/hcd\/wp-json\/wp\/v2\/posts\/5303","targetHints":{"allow":["GET"]}}],"collection":[{"href":"https:\/\/coworkdigital.com.ar\/hcd\/wp-json\/wp\/v2\/posts"}],"about":[{"href":"https:\/\/coworkdigital.com.ar\/hcd\/wp-json\/wp\/v2\/types\/post"}],"author":[{"embeddable":true,"href":"https:\/\/coworkdigital.com.ar\/hcd\/wp-json\/wp\/v2\/users\/1"}],"replies":[{"embeddable":true,"href":"https:\/\/coworkdigital.com.ar\/hcd\/wp-json\/wp\/v2\/comments?post=5303"}],"version-history":[{"count":0,"href":"https:\/\/coworkdigital.com.ar\/hcd\/wp-json\/wp\/v2\/posts\/5303\/revisions"}],"wp:featuredmedia":[{"embeddable":true,"href":"https:\/\/coworkdigital.com.ar\/hcd\/wp-json\/wp\/v2\/media\/4276"}],"wp:attachment":[{"href":"https:\/\/coworkdigital.com.ar\/hcd\/wp-json\/wp\/v2\/media?parent=5303"}],"wp:term":[{"taxonomy":"category","embeddable":true,"href":"https:\/\/coworkdigital.com.ar\/hcd\/wp-json\/wp\/v2\/categories?post=5303"},{"taxonomy":"post_tag","embeddable":true,"href":"https:\/\/coworkdigital.com.ar\/hcd\/wp-json\/wp\/v2\/tags?post=5303"}],"curies":[{"name":"wp","href":"https:\/\/api.w.org\/{rel}","templated":true}]}}