{"id":5309,"date":"2008-08-12T13:34:27","date_gmt":"2008-08-12T13:34:27","guid":{"rendered":"http:\/\/www.rivadaviamendoza.gob.ar\/hcd\/?p=5309"},"modified":"2008-08-12T13:34:27","modified_gmt":"2008-08-12T13:34:27","slug":"declaracion-32-2008","status":"publish","type":"post","link":"https:\/\/coworkdigital.com.ar\/hcd\/declaracion-32-2008\/","title":{"rendered":"Declaraci\u00f3n 32-2008"},"content":{"rendered":"<p style=\"text-align: center;\"><strong><img fetchpriority=\"high\" decoding=\"async\" class=\"wp-image-1054 aligncenter\" src=\"http:\/\/rd.gov.ar\/wp4\/wp-content\/uploads\/2017\/02\/encabezado-300x60.jpg\" sizes=\"(max-width: 669px) 100vw, 669px\" srcset=\"http:\/\/www.rivadaviamendoza.gob.ar\/hcd\/wp-content\/uploads\/2017\/02\/encabezado-300x60.jpg 300w, http:\/\/www.rivadaviamendoza.gob.ar\/hcd\/wp-content\/uploads\/2017\/02\/encabezado-768x153.jpg 768w, http:\/\/www.rivadaviamendoza.gob.ar\/hcd\/wp-content\/uploads\/2017\/02\/encabezado-1024x203.jpg 1024w\" alt=\"\" width=\"669\" height=\"134\" \/><\/strong><\/p>\n<p style=\"text-align: center;\"><strong>DECLARACI\u00d3N N\u00ba 32<\/strong><\/p>\n<p style=\"text-align: justify;\"><strong>VISTO:<\/strong><br \/>\nLa Resoluci\u00f3n N\u00b0 713 de la Direcci\u00f3n General de Escuelas del 28 de marzo de 2008, y<\/p>\n<p style=\"text-align: justify;\"><strong>CONSIDERANDO:<\/strong><br \/>\nQue en dicha resoluci\u00f3n la Direcci\u00f3n General de Escuelas hace menci\u00f3n expresa a lo dispuesto por el Decreto Provincial 401\/08 del Departamento Ejecutivo, el cual s\u00f3lo comprende a personas contratadas en planta temporaria, bajo el sistema de locaci\u00f3n de servicios.<br \/>\nQue a fin de cumplir con el mandato conferido por el Decreto mencionado, la Direcci\u00f3n General de Escuelas tiene en cuenta lo dispuesto por la Ley Provincial N\u00b0 7314 que adhiere a la Ley Nacional 25.917 de R\u00e9gimen de Responsabilidad Fiscal y en el Art. 46 de la normativa provincial, la Direcci\u00f3n fundamenta su decisi\u00f3n, err\u00f3neamente.<br \/>\nQue el Art. 46 de referencia establece: \u201cEn los a\u00f1os de elecciones para gobernador y\/o intendentes, se aplicar\u00e1n adicionalmente a las disposiciones de la presente Ley, las siguientes restricciones para el sector p\u00fablico, provincial y municipal: Durante los \u00faltimos dos trimestres del a\u00f1o estar\u00e1 prohibida cualquier disposici\u00f3n legal o administrativa que implique un aumento de las erogaciones corriente de tipo permanente, a excepci\u00f3n de nombramientos de personal policial, penitenciario, m\u00e9dicos, enfermeros, personal de administraci\u00f3n, t\u00e9cnicos del \u00e1mbito del Ministerio de Desarrollo Social y Salud, docentes o actividades de emergencias social o servicios especiales municipales, siempre de acuerdo con el presupuesto de cada a\u00f1o&#8230;\u201d y vemos claramente que su fundamento es err\u00f3neo, ya que en el presupuesto provincial correspondiente al a\u00f1o 2007 se contaba con las partidas necesarias para las mencionadas erogaciones hasta el 31 de diciembre del mismo a\u00f1o.<br \/>\nQue en la mencionada Resoluci\u00f3n y sus ampliatorias la Direcci\u00f3n decide que las personas nombradas despu\u00e9s del 30 de junio de 2007 y hasta el 10 de diciembre del mismo a\u00f1o, contrar\u00edan las disposiciones de la Ley de Responsabilidad Fiscal, dejando sin efecto las contrataciones realizadas en el per\u00edodo mencionado, a la vez que reconoce que hay casos que deben ser revisados a fin de procurar una administraci\u00f3n eficiente y equitativa.<br \/>\nQue evidentemente a trav\u00e9s de las comunicaciones de los afectados se han detectado casos no comprendidos dentro de lo estipulado en la relacionada norma, que requieren una pronta soluci\u00f3n.<br \/>\nQue despu\u00e9s de la Tercera Convenci\u00f3n Colectiva de los Trabajadores de la Educaci\u00f3n de la Provincia de Mendoza, de fecha 23 de octubre de 2007 y conforme a la convocatoria efectuada por el Decreto Provincial N\u00b0 955\/04, la cual en un exhaustivo trabajo en los que participan actores como, representantes de la D.G.E. y\u00a0 del SUTE, se arriba al acuerdo que pone en vigencia el Estatuto del Trabajador de la Educaci\u00f3n Celador.<br \/>\nQue la Resoluci\u00f3n 713\/08 en an\u00e1lisis, ha impactado en todos los departamentos de la provincia, porque ha afectado a muchos hogares de humilde condici\u00f3n sostenidos por estos trabajadores (celadoras), que son \u00fanico sost\u00e9n del hogar en su mayor\u00eda, con hijos y familiares directos a cargo, los cuales no est\u00e1n en condiciones de contribuir al sostenimiento de la familia, hoy se encuentran privados de su salario para responder a las necesidades b\u00e1sicas como alimento, salud, vivienda, etc. y consecuentemente ha generado una gran angustia de la cual como Concejales de Rivadavia representando a todos los sectores y en especial en este momento dif\u00edcil a los que est\u00e1n sin trabajo se resuelve efectuar la presente declaraci\u00f3n.<\/p>\n<p style=\"text-align: justify;\"><strong>POR ELLO:<\/strong><br \/>\nEl Concejo Deliberante de Rivadavia, provincia de Mendoza, y en uso de sus facultades:<\/p>\n<p style=\"text-align: center;\"><strong>DECLARA<\/strong><\/p>\n<p style=\"text-align: justify;\"><strong>Art\u00edculo 1\u00ba:<\/strong> Solicitase al Gobierno de la Provincia y por su intermedio a las autoridades de la Direcci\u00f3n General de Escuelas a fin de que proceda a reincorporar de\u00a0 inmediato a todas aquellas personas que hayan sido dadas de baja por medio de la aplicaci\u00f3n de la Resoluci\u00f3n N\u00b0 713\/08, y que no se encuentren comprendidas dentro de lo normado en la misma y tampoco incluidas en las prohibiciones de la Ley de Responsabilidad Fiscal.<\/p>\n<p style=\"text-align: justify;\"><strong>Art\u00edculo 2\u00ba:<\/strong> A los fines solicitados en el art\u00edculo 1\u00b0, se exhorta a las autoridades citadas a respetar y cumplir plenamente con las disposiciones del Estatuto del Trabajador de la Educaci\u00f3n Celador, acordado en paritaria, y entrado en rigor a partir del 01 de enero del corriente a\u00f1o.<\/p>\n<p style=\"text-align: justify;\"><strong>Art\u00edculo 3\u00ba:<\/strong> \u00cdnstase al Gobierno de la Provincia y por su intermedio a las autoridades de la Direcci\u00f3n General de Escuelas, que la incorporaci\u00f3n de nuevo personal que ingrese en funciones de celadores,\u00a0 se rija estrictamente dentro de lo que establece el mencionado estatuto, en consecuencia con la realidad de cada instituci\u00f3n.<\/p>\n<p style=\"text-align: justify;\"><strong>Art\u00edculo 4\u00ba:<\/strong> Env\u00edese copia de la presente al Sr. Gobernador de la Provincia; a las Comisiones de Educaci\u00f3n de ambas C\u00e1maras Legislativas y a la Directora General de Escuelas.<\/p>\n<p style=\"text-align: justify;\"><strong>Art\u00edculo 5\u00ba:<\/strong> Comunicar en forma fehaciente a los Concejos Deliberantes de la provincia de Mendoza, a fin de que los mismos eval\u00faen la posibilidad de adherir a la presente norma.<\/p>\n<p style=\"text-align: justify;\"><strong>Art\u00edculo 6\u00ba:<\/strong> Comun\u00edquese al Departamento Ejecutivo a sus efectos, e ins\u00e9rtese en el Libro de Declaraciones de este Cuerpo.<\/p>\n<p style=\"text-align: justify;\">Dada en la Sala de Sesiones Bandera Nacional Argentina, del Concejo Deliberante de Rivadavia, Mendoza, a los 12 d\u00edas del mes de agosto de 2008.<\/p>\n<table>\n<tbody>\n<tr>\n<td style=\"text-align: center;\">ORLANDO JAVIER RODRIGUEZ<\/td>\n<td style=\"text-align: center;\">LILIANA TERRANOVA<\/td>\n<\/tr>\n<tr>\n<td style=\"text-align: center;\">SECRETARIO C.D.<\/td>\n<td style=\"text-align: center;\">VICE &#8211; PRESIDENTA 1\u00ba<br \/>\nA\/C DE PRESIDENCIA C.D.<\/td>\n<\/tr>\n<\/tbody>\n<\/table>\n<p style=\"text-align: right;\">Cpde. Expte. N\u00ba 2008-00398-6 C.D.<\/p>\n","protected":false},"excerpt":{"rendered":"<p>DECLARACI\u00d3N N\u00ba 32 VISTO: La Resoluci\u00f3n N\u00b0 713 de la Direcci\u00f3n General de Escuelas del 28 de marzo de 2008, y CONSIDERANDO: Que en dicha resoluci\u00f3n la Direcci\u00f3n General de Escuelas hace menci\u00f3n expresa a lo dispuesto por el Decreto Provincial 401\/08 del Departamento Ejecutivo, el cual s\u00f3lo comprende a personas contratadas en planta temporaria, [&hellip;]<\/p>\n","protected":false},"author":1,"featured_media":4276,"comment_status":"closed","ping_status":"closed","sticky":false,"template":"","format":"standard","meta":{"_acf_changed":false,"footnotes":""},"categories":[66],"tags":[],"class_list":["post-5309","post","type-post","status-publish","format-standard","has-post-thumbnail","hentry","category-declaraciones"],"acf":[],"_links":{"self":[{"href":"https:\/\/coworkdigital.com.ar\/hcd\/wp-json\/wp\/v2\/posts\/5309","targetHints":{"allow":["GET"]}}],"collection":[{"href":"https:\/\/coworkdigital.com.ar\/hcd\/wp-json\/wp\/v2\/posts"}],"about":[{"href":"https:\/\/coworkdigital.com.ar\/hcd\/wp-json\/wp\/v2\/types\/post"}],"author":[{"embeddable":true,"href":"https:\/\/coworkdigital.com.ar\/hcd\/wp-json\/wp\/v2\/users\/1"}],"replies":[{"embeddable":true,"href":"https:\/\/coworkdigital.com.ar\/hcd\/wp-json\/wp\/v2\/comments?post=5309"}],"version-history":[{"count":0,"href":"https:\/\/coworkdigital.com.ar\/hcd\/wp-json\/wp\/v2\/posts\/5309\/revisions"}],"wp:featuredmedia":[{"embeddable":true,"href":"https:\/\/coworkdigital.com.ar\/hcd\/wp-json\/wp\/v2\/media\/4276"}],"wp:attachment":[{"href":"https:\/\/coworkdigital.com.ar\/hcd\/wp-json\/wp\/v2\/media?parent=5309"}],"wp:term":[{"taxonomy":"category","embeddable":true,"href":"https:\/\/coworkdigital.com.ar\/hcd\/wp-json\/wp\/v2\/categories?post=5309"},{"taxonomy":"post_tag","embeddable":true,"href":"https:\/\/coworkdigital.com.ar\/hcd\/wp-json\/wp\/v2\/tags?post=5309"}],"curies":[{"name":"wp","href":"https:\/\/api.w.org\/{rel}","templated":true}]}}