{"id":5317,"date":"2008-07-29T14:12:28","date_gmt":"2008-07-29T14:12:28","guid":{"rendered":"http:\/\/www.rivadaviamendoza.gob.ar\/hcd\/?p=5317"},"modified":"2008-07-29T14:12:28","modified_gmt":"2008-07-29T14:12:28","slug":"declaracion-29-2008","status":"publish","type":"post","link":"https:\/\/coworkdigital.com.ar\/hcd\/declaracion-29-2008\/","title":{"rendered":"Declaraci\u00f3n 29-2008"},"content":{"rendered":"<p style=\"text-align: center;\"><strong><img fetchpriority=\"high\" decoding=\"async\" class=\"wp-image-1054 aligncenter\" src=\"http:\/\/rd.gov.ar\/wp4\/wp-content\/uploads\/2017\/02\/encabezado-300x60.jpg\" sizes=\"(max-width: 669px) 100vw, 669px\" srcset=\"http:\/\/www.rivadaviamendoza.gob.ar\/hcd\/wp-content\/uploads\/2017\/02\/encabezado-300x60.jpg 300w, http:\/\/www.rivadaviamendoza.gob.ar\/hcd\/wp-content\/uploads\/2017\/02\/encabezado-768x153.jpg 768w, http:\/\/www.rivadaviamendoza.gob.ar\/hcd\/wp-content\/uploads\/2017\/02\/encabezado-1024x203.jpg 1024w\" alt=\"\" width=\"669\" height=\"134\" \/><\/strong><\/p>\n<p style=\"text-align: center;\"><strong>DECLARACI\u00d3N N\u00ba 29<\/strong><\/p>\n<p style=\"text-align: justify;\"><strong>VISTO:<\/strong><br \/>\nEl Expediente N\u00ba 2008-00364-8, caratulado Bloque justicialista: Concejales Terranova y Da Rold, Proyecto de Declaraci\u00f3n: Declarar de Inter\u00e9s Departmental la Feria Cient\u00edfica y Tecnol\u00f3gica, que nuclea a Estudiantes de Establecimientos Educativos de Rivadavia, y<\/p>\n<p style=\"text-align: justify;\"><strong>CONSIDERANDO:<\/strong><br \/>\nQue las actividades que vinculan a los j\u00f3venes con la Ciencia y la Tecnol\u00f3gia tiene en Mendoza una trayectoria avalada por casi cuatro a\u00f1os.<br \/>\nQue la evoluci\u00f3n del conocimiento de la humanidad en t\u00e9rminos de Ciencia y Tecnol\u00f3gia y los efectos nocivos del desarrollo en\u00a0 el ambiente\u00a0 exigen otro tipo de respuesta que resguarde nuestros recursos.<br \/>\nQue es fundamental renovar el compromiso por parte de las Instituciones P\u00f9blicas para apoyar el desarrollo de las actividades Cient\u00edficas y Tecnol\u00f3gicas para el conjuunto de ni\u00f1os y jovenes mendocinos.<br \/>\nQue el a\u00f1o 2008 fue declarado \u201c A\u00f1o de la Ense\u00f1anza de las Ciencias\u201d por el\u00a0 PEN ( Decreto 154\/2007).<br \/>\nQue todo aquello referido a Tem\u00e1ticas Cient\u00edficas y Educativas constituye una prioridad de las Pol\u00edticas Estatales.<br \/>\nQue todo este tipo de acciones involucran a distintas \u00c1reas del Estado, a los actores del Sistema Educativo, en todos sus niveles y modalidades, a las Instituciones Cient\u00edficas y Tecnol\u00f3gicas, asi como a otros individuos y organizaciones comprometidos con llevar adelante iniciativas para el desarrollo del conocimiento Cient\u00edfico.<\/p>\n<p style=\"text-align: justify;\"><strong>POR ELLO:<\/strong><br \/>\nEl Concejo Deliberante de Rivadavia, provincia de Mendoza, y en uso de sus facultades:<\/p>\n<p style=\"text-align: center;\"><strong>DECLARA<\/strong><\/p>\n<p style=\"text-align: justify;\"><strong>Art\u00edculo 1\u00ba:<\/strong> Declarar de Inter\u00e9s Departamental la Feria Cient\u00edfica y Tecnol\u00f3gica, evento que nucl\u00e9a a estudiantes de todos los Establecimientos Educativos de Rivadavia y que tiene como fin primordial la difusi\u00f3n del conocimiento Cient\u00edfico y Tecnol\u00f3gico.<\/p>\n<p style=\"text-align: justify;\"><strong>Art\u00edculo 2\u00ba:<\/strong> Una ves apobada la presente Declaraci\u00f3n, enviar copia al \u00c1rea de Educaci\u00f3n del Municipio para su difusi\u00f3n en las Secciones de Inspecci\u00f3n.<\/p>\n<p style=\"text-align: justify;\"><strong>Art\u00edculo 3\u00ba:<\/strong> Comun\u00edquese al Departamento Ejecutivo a sus efectos, e ins\u00e9rtese en el Libro de Declaraciones de este Cuerpo.<\/p>\n<p style=\"text-align: justify;\">Dada en la Sala de Sesiones Bandera Nacional Argentina, del Concejo Deliberante de Rivadavia, Mendoza, a los 29 d\u00edas del mes de julio de 2008.<\/p>\n<table>\n<tbody>\n<tr>\n<td style=\"text-align: center;\">ORLANDO JAVIER RODRIGUEZ<\/td>\n<td style=\"text-align: center;\">ENRIQUE LE\u00d3N<\/td>\n<\/tr>\n<tr>\n<td style=\"text-align: center;\">SECRETARIO C.D.<\/td>\n<td style=\"text-align: center;\">PRESIDENTE C.D.<\/td>\n<\/tr>\n<\/tbody>\n<\/table>\n<p style=\"text-align: right;\">Cpde. Expte. N\u00ba 2008-00364-8 C.D.<\/p>\n","protected":false},"excerpt":{"rendered":"<p>DECLARACI\u00d3N N\u00ba 29 VISTO: El Expediente N\u00ba 2008-00364-8, caratulado Bloque justicialista: Concejales Terranova y Da Rold, Proyecto de Declaraci\u00f3n: Declarar de Inter\u00e9s Departmental la Feria Cient\u00edfica y Tecnol\u00f3gica, que nuclea a Estudiantes de Establecimientos Educativos de Rivadavia, y CONSIDERANDO: Que las actividades que vinculan a los j\u00f3venes con la Ciencia y la Tecnol\u00f3gia tiene en [&hellip;]<\/p>\n","protected":false},"author":1,"featured_media":4276,"comment_status":"closed","ping_status":"closed","sticky":false,"template":"","format":"standard","meta":{"_acf_changed":false,"footnotes":""},"categories":[66],"tags":[],"class_list":["post-5317","post","type-post","status-publish","format-standard","has-post-thumbnail","hentry","category-declaraciones"],"acf":[],"_links":{"self":[{"href":"https:\/\/coworkdigital.com.ar\/hcd\/wp-json\/wp\/v2\/posts\/5317","targetHints":{"allow":["GET"]}}],"collection":[{"href":"https:\/\/coworkdigital.com.ar\/hcd\/wp-json\/wp\/v2\/posts"}],"about":[{"href":"https:\/\/coworkdigital.com.ar\/hcd\/wp-json\/wp\/v2\/types\/post"}],"author":[{"embeddable":true,"href":"https:\/\/coworkdigital.com.ar\/hcd\/wp-json\/wp\/v2\/users\/1"}],"replies":[{"embeddable":true,"href":"https:\/\/coworkdigital.com.ar\/hcd\/wp-json\/wp\/v2\/comments?post=5317"}],"version-history":[{"count":0,"href":"https:\/\/coworkdigital.com.ar\/hcd\/wp-json\/wp\/v2\/posts\/5317\/revisions"}],"wp:featuredmedia":[{"embeddable":true,"href":"https:\/\/coworkdigital.com.ar\/hcd\/wp-json\/wp\/v2\/media\/4276"}],"wp:attachment":[{"href":"https:\/\/coworkdigital.com.ar\/hcd\/wp-json\/wp\/v2\/media?parent=5317"}],"wp:term":[{"taxonomy":"category","embeddable":true,"href":"https:\/\/coworkdigital.com.ar\/hcd\/wp-json\/wp\/v2\/categories?post=5317"},{"taxonomy":"post_tag","embeddable":true,"href":"https:\/\/coworkdigital.com.ar\/hcd\/wp-json\/wp\/v2\/tags?post=5317"}],"curies":[{"name":"wp","href":"https:\/\/api.w.org\/{rel}","templated":true}]}}