{"id":5321,"date":"2008-07-29T14:00:03","date_gmt":"2008-07-29T14:00:03","guid":{"rendered":"http:\/\/www.rivadaviamendoza.gob.ar\/hcd\/?p=5321"},"modified":"2008-07-29T14:00:03","modified_gmt":"2008-07-29T14:00:03","slug":"declaracion-27-2008","status":"publish","type":"post","link":"https:\/\/coworkdigital.com.ar\/hcd\/declaracion-27-2008\/","title":{"rendered":"Declaraci\u00f3n 27-2008"},"content":{"rendered":"<p style=\"text-align: center;\"><strong><img fetchpriority=\"high\" decoding=\"async\" class=\"wp-image-1054 aligncenter\" src=\"http:\/\/rd.gov.ar\/wp4\/wp-content\/uploads\/2017\/02\/encabezado-300x60.jpg\" sizes=\"(max-width: 669px) 100vw, 669px\" srcset=\"http:\/\/www.rivadaviamendoza.gob.ar\/hcd\/wp-content\/uploads\/2017\/02\/encabezado-300x60.jpg 300w, http:\/\/www.rivadaviamendoza.gob.ar\/hcd\/wp-content\/uploads\/2017\/02\/encabezado-768x153.jpg 768w, http:\/\/www.rivadaviamendoza.gob.ar\/hcd\/wp-content\/uploads\/2017\/02\/encabezado-1024x203.jpg 1024w\" alt=\"\" width=\"669\" height=\"134\" \/><\/strong><\/p>\n<p style=\"text-align: center;\"><strong>DECLARACI\u00d3N N\u00ba 27<\/strong><\/p>\n<p style=\"text-align: justify;\"><strong>VISTO:<\/strong><br \/>\nEl Expediente N\u00ba2008-00339-0, caratulado Comunidad Educativa del C.E.N.S., N\u00ba3-434 \u201cSin Nombre\u201d, notifica que se ha resuelto asignar un nombre a la Instituci\u00f3n, y<\/p>\n<p style=\"text-align: justify;\"><strong>CONSIDERANDO:<\/strong><br \/>\nQue este Centro Educacional se encuentra sin nombre desde el a\u00f1o 1995, fecha de su creaci\u00f3n, siendo esta iniciativa una justa y aceptable propuesta por parte de la comunidad y Personal del mismo.<br \/>\nQue, la gestiones llevadas a cabo por el Director del Establecimiento, tuvieron una amplia aceptaci\u00f3n por parte de vecinos, de toda la comunidad educativa y alumnos, qui\u00e9nes fueron en su conjunto los actores principales en la decisi\u00f3n de buscar un nombre para su Escuela.<br \/>\nQue este Centro Educacional realiz\u00f3 una encuesta con dos nombres propuestos y fundamentados por parte de alumnos y profesores, siendo los mismos: \u201c18 de Abril\u201d y \u201cProfesora Adriana Vargas\u201d. Cabe destacar que sobre un total aproximado a las Mil Ciento Veintinueve (1.129) firmas, el 76% correspondi\u00f3 al nombre de \u201c18 de Abril\u201d y el 23% en apoyo a la moci\u00f3n \u201cProfesora Adriana Vargas\u201d, por lo que mediante Acta se procede a imponer el nombre de \u201c18 de Abril\u201d a este Centro Educativo.<\/p>\n<p style=\"text-align: justify;\"><strong>POR ELLO:<\/strong><br \/>\nEl Concejo Deliberante de Rivadavia, provincia de Mendoza, y en uso de sus facultades:<\/p>\n<p style=\"text-align: center;\"><strong>DECLARA<\/strong><\/p>\n<p style=\"text-align: justify;\"><strong>Art\u00edculo 1\u00ba:<\/strong> El Concejo Deliberante de Rivadavia, provincia de Mendoza, ver\u00eda con agrado que la Direcci\u00f3n General de Escuelas procediera a imponerle el nombre <strong>\u201c18 DE ABRIL\u201d<\/strong>, al C.E.N.S. N\u00ba3-434, que actualmente funciona en la Ciudad de Rivadavia, sobre calle San Isidro N\u00ba791, de este Departamento.<\/p>\n<p style=\"text-align: justify;\"><strong>Art\u00edculo 2\u00ba:<\/strong> Rem\u00edtase copia de la presente pieza legal, y de las Actas N\u00ba 06, 07, 08, 10 y 11\/08 correspondiente al Libro de Actas N\u00ba2, a la se\u00f1ora Directora General de Escuelas Iris Mar\u00eda Lima, al Director del C.E.N.S. N\u00ba3-434, Pfsor. Mario Herrera y al Honorable Consejo Administrativo de la Ense\u00f1anza P\u00fablica.<\/p>\n<p style=\"text-align: justify;\"><strong>Art\u00edculo 3\u00ba:<\/strong> Comun\u00edquese al Departamento Ejecutivo a sus efectos, e ins\u00e9rtese en elLibro de Declaraciones de este Cuerpo.<\/p>\n<p style=\"text-align: justify;\">Dada en la Sala de Sesiones Bandera Nacional Argentina, del Concejo Deliberante de Rivadavia, Mendoza, a los 29 d\u00edas del mes de julio de 2008.<\/p>\n<table>\n<tbody>\n<tr>\n<td style=\"text-align: center;\">ORLANDO JAVIER RODRIGUEZ<\/td>\n<td style=\"text-align: center;\">ENRIQUE LE\u00d3N<\/td>\n<\/tr>\n<tr>\n<td style=\"text-align: center;\">SECRETARIO C.D.<\/td>\n<td style=\"text-align: center;\">PRESIDENTE C.D.<\/td>\n<\/tr>\n<\/tbody>\n<\/table>\n<p style=\"text-align: right;\">Cpde. Expte. N\u00ba 2008-00339-0 C.D.<\/p>\n","protected":false},"excerpt":{"rendered":"<p>DECLARACI\u00d3N N\u00ba 27 VISTO: El Expediente N\u00ba2008-00339-0, caratulado Comunidad Educativa del C.E.N.S., N\u00ba3-434 \u201cSin Nombre\u201d, notifica que se ha resuelto asignar un nombre a la Instituci\u00f3n, y CONSIDERANDO: Que este Centro Educacional se encuentra sin nombre desde el a\u00f1o 1995, fecha de su creaci\u00f3n, siendo esta iniciativa una justa y aceptable propuesta por parte de [&hellip;]<\/p>\n","protected":false},"author":1,"featured_media":4276,"comment_status":"closed","ping_status":"closed","sticky":false,"template":"","format":"standard","meta":{"_acf_changed":false,"footnotes":""},"categories":[66],"tags":[],"class_list":["post-5321","post","type-post","status-publish","format-standard","has-post-thumbnail","hentry","category-declaraciones"],"acf":[],"_links":{"self":[{"href":"https:\/\/coworkdigital.com.ar\/hcd\/wp-json\/wp\/v2\/posts\/5321","targetHints":{"allow":["GET"]}}],"collection":[{"href":"https:\/\/coworkdigital.com.ar\/hcd\/wp-json\/wp\/v2\/posts"}],"about":[{"href":"https:\/\/coworkdigital.com.ar\/hcd\/wp-json\/wp\/v2\/types\/post"}],"author":[{"embeddable":true,"href":"https:\/\/coworkdigital.com.ar\/hcd\/wp-json\/wp\/v2\/users\/1"}],"replies":[{"embeddable":true,"href":"https:\/\/coworkdigital.com.ar\/hcd\/wp-json\/wp\/v2\/comments?post=5321"}],"version-history":[{"count":0,"href":"https:\/\/coworkdigital.com.ar\/hcd\/wp-json\/wp\/v2\/posts\/5321\/revisions"}],"wp:featuredmedia":[{"embeddable":true,"href":"https:\/\/coworkdigital.com.ar\/hcd\/wp-json\/wp\/v2\/media\/4276"}],"wp:attachment":[{"href":"https:\/\/coworkdigital.com.ar\/hcd\/wp-json\/wp\/v2\/media?parent=5321"}],"wp:term":[{"taxonomy":"category","embeddable":true,"href":"https:\/\/coworkdigital.com.ar\/hcd\/wp-json\/wp\/v2\/categories?post=5321"},{"taxonomy":"post_tag","embeddable":true,"href":"https:\/\/coworkdigital.com.ar\/hcd\/wp-json\/wp\/v2\/tags?post=5321"}],"curies":[{"name":"wp","href":"https:\/\/api.w.org\/{rel}","templated":true}]}}