{"id":5335,"date":"2008-05-27T11:15:36","date_gmt":"2008-05-27T11:15:36","guid":{"rendered":"http:\/\/www.rivadaviamendoza.gob.ar\/hcd\/?p=5335"},"modified":"2008-05-27T11:15:36","modified_gmt":"2008-05-27T11:15:36","slug":"declaracion-21-2008","status":"publish","type":"post","link":"https:\/\/coworkdigital.com.ar\/hcd\/declaracion-21-2008\/","title":{"rendered":"Declaraci\u00f3n 21-2008"},"content":{"rendered":"<p style=\"text-align: center;\"><strong><img fetchpriority=\"high\" decoding=\"async\" class=\"wp-image-1054 aligncenter\" src=\"http:\/\/rd.gov.ar\/wp4\/wp-content\/uploads\/2017\/02\/encabezado-300x60.jpg\" sizes=\"(max-width: 669px) 100vw, 669px\" srcset=\"http:\/\/www.rivadaviamendoza.gob.ar\/hcd\/wp-content\/uploads\/2017\/02\/encabezado-300x60.jpg 300w, http:\/\/www.rivadaviamendoza.gob.ar\/hcd\/wp-content\/uploads\/2017\/02\/encabezado-768x153.jpg 768w, http:\/\/www.rivadaviamendoza.gob.ar\/hcd\/wp-content\/uploads\/2017\/02\/encabezado-1024x203.jpg 1024w\" alt=\"\" width=\"669\" height=\"134\" \/><\/strong><\/p>\n<p style=\"text-align: center;\"><strong>DECLARACION N\u00ba 21<\/strong><\/p>\n<p style=\"text-align: justify;\"><strong>VISTO:<br \/>\n<\/strong>Que durante el mes junio del corriente a\u00f1o, se llevar\u00e1n a cabo en nuestro Departamento de Rivadavia, Las Segundas Jornadas Regionales\u00a0 de V.I.H. &#8211; SIDA \u2013 denominadas <strong>\u201cRompiendo Silencios y Prejuicios\u201d, en Homenaje al Dr. Francisco \u201cPaco\u201d Maglio\u201d<\/strong>, organizadas por el Programa Provincial de Sida, y auspiciadas por el Hospital Carlos Saporiti de Rivadavia y la Municipalidad de Rivadavia.<\/p>\n<p style=\"text-align: justify;\"><strong>CONSIDERANDO:<\/strong><br \/>\n<strong>I.- <span style=\"text-decoration: underline;\">Sobre el inter\u00e9s p\u00fablico del VHI \u2013 SIDA:<br \/>\n<\/span><\/strong>Que esta iniciativa es de indudable inter\u00e9s social, sanitario y cultural para el Departamento, la Regi\u00f3n Este y la Provincia de Mendoza, en raz\u00f3n de abordar una problem\u00e1tica sanitaria (VHI \u2013 SIDA), que por sus caracter\u00edsticas pand\u00e9micas tiene implicancia en el desarrollo social y econ\u00f3mico del pa\u00eds, as\u00ed como incidencia directa en los h\u00e1bitos y comportamientos de grupo, que hacen a la convivencia cotidiana de nuestra modernidad, impactando finalmente en\u00a0 los derechos esenciales de la persona humana.<br \/>\nEstas Segundas Jornadas de VHI SIDA, son una <strong>oportunidad para profundizar<\/strong> y <strong>enriquecer el debate<\/strong> sobre la enfermedad, permiti\u00e9ndonos actualizar informaci\u00f3n b\u00e1sica sobre acciones m\u00e9dicas de prevenci\u00f3n y asistencia, sobre estad\u00edsticas oficiales y extraoficiales de los \u00faltimos a\u00f1os y pol\u00edticas p\u00fablicas sobre la enfermedad. Adem\u00e1s <strong>nos posibilita participar en el <\/strong><strong>an\u00e1lisis de sus aspectos socioculturales<\/strong>, y nos permite realizar una mirada cr\u00edtica \u2013 y en retrospectiva \u2013 con respecto a las conclusiones arribadas en las Primeras Jornadas. En definitiva, estaremos frente a un espacio inmejorable para revitalizar el debate sobre un tema de m\u00e1xima actualidad, desde una mirada centrada en las consecuencias y estigmas sociales de la patolog\u00eda.<br \/>\nEn el mundo, la epidemia de SIDA ha sido acompa\u00f1ada por otra epidemia de miedo, estigmatizaci\u00f3n y discriminaci\u00f3n. Las reacciones negativas ante el SIDA no son \u00fanicas en la historia de las enfermedades, y cabe recordar que la respuesta de los seres humanos a las grandes pandemias ha sido pobre y se ha caracterizado por tratar de encontrar culpables y \u201cchivos expiatorios\u201d. Mientras la discriminaci\u00f3n, la estigmatizaci\u00f3n y la violaci\u00f3n de los derechos humanos contin\u00faen, la idea de que los infectados forman parte de grupos especiales no dejar\u00e1 de existir, y la percepci\u00f3n de riesgo de quien no se considere parte de estos grupos ser\u00e1 nula o casi nula, aumentando la posibilidad de que se infecte. Por su parte, los afectados se alejar\u00e1n cada vez m\u00e1s de las medidas de prevenci\u00f3n que se adopten y se volver\u00e1n cada vez remisos a acudir a los sitios donde se les puede brindar ayuda, pues tendr\u00e1n miedo de ser identificados y de padecer en carne propia discriminaci\u00f3n o violaci\u00f3n de sus derechos.<br \/>\nSi bien somos concientes, que el SIDA es un problema b\u00e1sicamente de de la incumbencia del sector salud; en la medida que se manifiesta como una problem\u00e1tica social diversa que se agrava por problemas de subdesarrollo, desempleo, pobreza y analfabetismo, se constituye en un problema que requiere la intervenci\u00f3n del conjunto de las instituciones responsables de la pol\u00edtica de los Estados.<br \/>\nDe all\u00ed, nuestro compromiso en abordar de forma intensa y comprometida esta tem\u00e1tica, como un verdadero asunto de internes p\u00fablico departamental y provincial.<br \/>\n<strong>II.- <span style=\"text-decoration: underline;\">Sobre la metodolog\u00eda y contenidos de la Jornada<\/span>:<br \/>\n<\/strong>Que estas jornadas son las segundas que se realizan en nuestro Departamento respecto de la pandemia universal de Sida y su influencia biopsicosocial en el ser humano. Las primeras se llevaron a cabo el 7 de noviembre del 2003, con nutrido temario y amplia participaci\u00f3n social, siendo organizadas con la colaboraci\u00f3n de la Escuela Francisco H. Tolosa y contando con la inestimable presencia del Dr. Paco Maglio.<br \/>\nEl programa de las jornadas forma parte del ANEXO 1 de este documento, y de acuerdo a lo ya adelantado, su temario tendr\u00e1 por finalidad <strong>dar a conocer<\/strong> aspectos centrales de actualidad del Sida, y tambi\u00e9n <strong>sensibilizar y formar conciencia en la poblaci\u00f3n<\/strong> en general sobre los alcances de la pandemia VIH\/Sida, otorg\u00e1ndole informaci\u00f3n sobre el virus, sobre c\u00f3mo protegerse de la epidemia, avances en los tratamientos, aspectos legales,\u00a0 consecuencias socioambientales en los pueblos.<br \/>\nLas jornadas de VHI-SIDA, est\u00e1n previstas para los d\u00edas jueves 26, viernes 27 y s\u00e1bado 28 de junio pr\u00f3ximo, y ser\u00e1 desarrollada a trav\u00e9s de distintas metodolog\u00edas, principalmente Conferencias Plenarias y Mesas Redondas, a cargo de m\u00e9dicos especialistas de reconocida trayectoria, inclusive profesionales de otras disciplinas.<br \/>\nLos temas del Programa, son variados, destac\u00e1ndose el enfoque social de la Jornada de VHI, su vinculaci\u00f3n con los derechos humanos, horizontes sanitarios de la patolog\u00eda, y perspectiva legal de misma.<br \/>\nA continuaci\u00f3n se mencionan los temas centrales del programa: <em>\u201cConstrucci\u00f3n Social de la Discriminaci\u00f3n\u201d; \u201cDerechos Humanos: Herramientas Efectivas contra la Discrminaci\u00f3n\u201d;\u00a0 \u201cEl Diagn\u00f3stico de VHI &#8211;\u00a0 Sida y sus procesos de significaci\u00f3n\u201d; \u201cConferencia sobre APS y Sida\u201d; \u201cManejo Inicial del paciente VHI \u2013 Sida\u201d, \u201cITS y Sida\u201d; \u201cPatolog\u00eda Pulmonar prevalente en pacientes con VHI\u201d; \u201cEmbarazo y Sida\u201d; \u201cBioseguridad y Sida\u201d, \u201c\u00c9tica en el Equipo\u00a0 de Salud\u201d; \u201cImportancia del Apoyo del Personal de la Salud en la Reducci\u00f3n del Estr\u00e9s en PVVS\u201d; \u201cDignidad e Intimidad en VHI \u2013 Sida\u201d; El Sida como Enfermedad Social\u201d, Testimonio de PVVS\u201d.<\/em><br \/>\nPodemos afirmar que la propuesta representa un espacio de singular importancia para generar conciencia social y cambios de conducta sobre un flagelo que impacta en el coraz\u00f3n de la humanidad.<br \/>\n<strong>III.- <span style=\"text-decoration: underline;\">Distinci\u00f3n al Dr. Francisco Maglio:<br \/>\n<\/span><\/strong>El t\u00edtulo de las Jornadas simboliza el estado de situaci\u00f3n de la enfermedad y las expectativas que sobre la misma se ciernen: <em>\u201cromper el silencio y los prejuicios que existen en torno a esta patolog\u00eda\u201d<\/em>.<br \/>\nAsimismo est\u00e1n dedicadas a un m\u00e9dico humanista de gran trayectoria, compromiso social y sobrada experiencia de campo en enfermedades infectocontagiosas: el Dr. Francisco \u201cPaco\u201d Maglio, oriundo de Capital Federal, quien adem\u00e1s forma parte de las jornadas, y quien fuera el mentor de su nombre y enfoque. Sus antecedentes conforman el <strong>ANEXO 2<\/strong>, que es parte de este trabajo.<br \/>\nContar en nuestro Departamento de Rivadavia con la participaci\u00f3n de una figura de fuste internacional, como la del Dr. Paco Maglio, importa un orgullo para los Rivadavienses, que merece ser reconocido, porque su historia, es un ejemplo de vida en el que la sociedad debe mirarse y aprender, y especialmente porque con ello se reconoce y revaloriza\u00a0 la lucha, el compromiso, la dedicaci\u00f3n, el amor y la fe por la condici\u00f3n humana, virtudes esenciales para la construcci\u00f3n de una sociedad justa, en la que todos merecemos vivir.<br \/>\nPor todo ello, este Concejo Deliberante, declara al Dr. Francisco \u201cPaco\u201d Maglio, visitante ilustre de nuestro Departamento, quedando en la memoria de este pueblo, el eco entra\u00f1able de sus palabras oportunamente pronunciadas en el Teatro Municipal <strong>\u201cEnzo Bianchi, al decir: \u201cplanteo la solidaridad, m\u00e1s que como la mejor opci\u00f3n, como la \u00fanica opci\u00f3n; como alguien dijo: \u201clas personas somos \u00e1ngeles con una sola ala, la \u00fanica forma de volar es abraz\u00e1ndonos.\u201d<\/strong><\/p>\n<p style=\"text-align: justify;\"><strong>POR ELLO<\/strong><br \/>\nEl Concejo Deliberante de Rivadavia, Mendoza, y en uso de sus facultades:<\/p>\n<p style=\"text-align: center;\"><strong>DECLARA<\/strong><\/p>\n<p style=\"text-align: justify;\"><strong>Art\u00edculo 1\u00ba:<\/strong> El Concejo Deliberante de Rivadavia declara de Inter\u00e9s Departamental\u00a0 las <em>\u201cSegundas Jornadas Regionales\u00a0 de V.I.H. &#8211; SIDA \u2013 Rompiendo Silencios y Prejuicios en Homenaje al Dr. Francisco \u201cPaco\u201d Maglio\u201d<\/em>, organizada por el Programa Provincial de Sida, con el auspicio del Hospital Carlos Saporiti y la Municipalidad de Rivadavia, por considerarlas un valioso espacio de informaci\u00f3n, debate y participaci\u00f3n sobre aspectos actuales de la pandemia universal VHI\/SIDA y sus aspectos socioculturales.<\/p>\n<p style=\"text-align: justify;\"><strong>Art\u00edculo 2\u00ba:<\/strong> El Concejo Deliberante de Rivadavia declara Visitante Ilustre del Departamento de Rivadavia, Provincia de Mendoza, al Dr. Francisco \u201cPaco\u201d Maglio, por su reconocida labor profesional y su permanente compromiso \u00e9tico &#8211; social al servicio de comunidad, en su condici\u00f3n m\u00e9dico especialista en enfermedades infecciosas.<\/p>\n<p style=\"text-align: justify;\"><strong>Art\u00edculo 3\u00ba:<\/strong> H\u00e1gase entrega de una copia de la presente al Dr. Francisco \u201cPaco\u201d Maglio, y oportunamente ot\u00f3rguese una distinci\u00f3n representativa de su visita.<\/p>\n<p style=\"text-align: justify;\"><strong>Art\u00edculo 4\u00ba:<\/strong> Comun\u00edquese al Departamento Ejecutivo a sus efectos, e ins\u00e9rtese en el Libro de Declaraciones de este Cuerpo.<\/p>\n<p style=\"text-align: justify;\">Dada en la Sala de Sesiones Bandera Nacional Argentina, del Concejo Deliberante de Rivadavia, Mendoza a los 27 d\u00edas del mes de mayo de 2.008.<\/p>\n<table>\n<tbody>\n<tr>\n<td style=\"text-align: center;\">ORLANDO JAVIER RODRIGUEZ<\/td>\n<td style=\"text-align: center;\">ENRIQUE LE\u00d3N<\/td>\n<\/tr>\n<tr>\n<td style=\"text-align: center;\">SECRETARIO C.D.<\/td>\n<td style=\"text-align: center;\">PRESIDENTE C.D.<\/td>\n<\/tr>\n<\/tbody>\n<\/table>\n<p style=\"text-align: right;\">Cpde. Expte. N\u00ba 2008-00262-4 C.D.<\/p>\n","protected":false},"excerpt":{"rendered":"<p>DECLARACION N\u00ba 21 VISTO: Que durante el mes junio del corriente a\u00f1o, se llevar\u00e1n a cabo en nuestro Departamento de Rivadavia, Las Segundas Jornadas Regionales\u00a0 de V.I.H. &#8211; SIDA \u2013 denominadas \u201cRompiendo Silencios y Prejuicios\u201d, en Homenaje al Dr. Francisco \u201cPaco\u201d Maglio\u201d, organizadas por el Programa Provincial de Sida, y auspiciadas por el Hospital Carlos [&hellip;]<\/p>\n","protected":false},"author":1,"featured_media":4276,"comment_status":"closed","ping_status":"closed","sticky":false,"template":"","format":"standard","meta":{"_acf_changed":false,"footnotes":""},"categories":[66],"tags":[],"class_list":["post-5335","post","type-post","status-publish","format-standard","has-post-thumbnail","hentry","category-declaraciones"],"acf":[],"_links":{"self":[{"href":"https:\/\/coworkdigital.com.ar\/hcd\/wp-json\/wp\/v2\/posts\/5335","targetHints":{"allow":["GET"]}}],"collection":[{"href":"https:\/\/coworkdigital.com.ar\/hcd\/wp-json\/wp\/v2\/posts"}],"about":[{"href":"https:\/\/coworkdigital.com.ar\/hcd\/wp-json\/wp\/v2\/types\/post"}],"author":[{"embeddable":true,"href":"https:\/\/coworkdigital.com.ar\/hcd\/wp-json\/wp\/v2\/users\/1"}],"replies":[{"embeddable":true,"href":"https:\/\/coworkdigital.com.ar\/hcd\/wp-json\/wp\/v2\/comments?post=5335"}],"version-history":[{"count":0,"href":"https:\/\/coworkdigital.com.ar\/hcd\/wp-json\/wp\/v2\/posts\/5335\/revisions"}],"wp:featuredmedia":[{"embeddable":true,"href":"https:\/\/coworkdigital.com.ar\/hcd\/wp-json\/wp\/v2\/media\/4276"}],"wp:attachment":[{"href":"https:\/\/coworkdigital.com.ar\/hcd\/wp-json\/wp\/v2\/media?parent=5335"}],"wp:term":[{"taxonomy":"category","embeddable":true,"href":"https:\/\/coworkdigital.com.ar\/hcd\/wp-json\/wp\/v2\/categories?post=5335"},{"taxonomy":"post_tag","embeddable":true,"href":"https:\/\/coworkdigital.com.ar\/hcd\/wp-json\/wp\/v2\/tags?post=5335"}],"curies":[{"name":"wp","href":"https:\/\/api.w.org\/{rel}","templated":true}]}}