{"id":5337,"date":"2008-05-27T11:10:52","date_gmt":"2008-05-27T11:10:52","guid":{"rendered":"http:\/\/www.rivadaviamendoza.gob.ar\/hcd\/?p=5337"},"modified":"2008-05-27T11:10:52","modified_gmt":"2008-05-27T11:10:52","slug":"declaracion-20-2008","status":"publish","type":"post","link":"https:\/\/coworkdigital.com.ar\/hcd\/declaracion-20-2008\/","title":{"rendered":"Declaraci\u00f3n 20-2008"},"content":{"rendered":"<p style=\"text-align: center;\"><strong><img fetchpriority=\"high\" decoding=\"async\" class=\"wp-image-1054 aligncenter\" src=\"http:\/\/rd.gov.ar\/wp4\/wp-content\/uploads\/2017\/02\/encabezado-300x60.jpg\" sizes=\"(max-width: 669px) 100vw, 669px\" srcset=\"http:\/\/www.rivadaviamendoza.gob.ar\/hcd\/wp-content\/uploads\/2017\/02\/encabezado-300x60.jpg 300w, http:\/\/www.rivadaviamendoza.gob.ar\/hcd\/wp-content\/uploads\/2017\/02\/encabezado-768x153.jpg 768w, http:\/\/www.rivadaviamendoza.gob.ar\/hcd\/wp-content\/uploads\/2017\/02\/encabezado-1024x203.jpg 1024w\" alt=\"\" width=\"669\" height=\"134\" \/><\/strong><\/p>\n<p style=\"text-align: center;\"><strong>DECLARACION N\u00ba 20<\/strong><\/p>\n<p style=\"text-align: justify;\"><strong>VISTO:<br \/>\n<\/strong>La nota de presentaci\u00f3n formulada por representantes de la ONG\u00a0 &#8211; J.C.I. San Mart\u00edn, que aglutina a j\u00f3venes estudiantes y emprendedores de la Zona Este, que encabeza el Expediente N\u00ba 2008-00256-6, del Concejo Deliberante de Rivadavia, y<\/p>\n<p style=\"text-align: justify;\"><strong>CONSIDERANDO:<\/strong><br \/>\nQue los peticionantes, solicitan declarar de Inter\u00e9s el \u201cPrograma Nacional de Formaci\u00f3n de L\u00edderes\u201d, que promueve la C\u00e1mara Junior de San Mart\u00edn, y a desarrollarse los d\u00edas 29 de mayo, 5 de junio y 12 de junio del corriente a\u00f1o.<br \/>\nQue asimismo, solicitan se los autorice a realizar el ciclo de charlas del programa, en el Teatro Municipal Enzo Bianchi, liber\u00e1ndolos de los aforos vigentes, en raz\u00f3n se ser un ciclo gratuito y una experiencia piloto para Rivadavia.<br \/>\nQue adjuntan copia de la propuesta: Proyecto Formaci\u00f3n de L\u00edderes, y el cronograma del ciclo de charlas, que incluye los objetivos y temario de cada conferencia.<br \/>\nQue el pedido responde a la necesidad de poner en valor actitudes, competencias y procedimientos eficaces para el funcionamiento de las organizaciones modernas, ya sean p\u00fablicas o privadas, como son la vocaci\u00f3n de liderazgo y el esp\u00edritu emprendedor y la responsabilidad social de las organizaciones, y que justamente\u00a0 son el objeto del temario ha desarrollar por las jornadas.<br \/>\nCabe hacer menci\u00f3n el objetivo general de esta organizaci\u00f3n J.C.I., en su traducci\u00f3n al castellano C\u00e1mara de J\u00f3venes L\u00edderes y Emprendedores, es brindar capacitaci\u00f3n para futuros l\u00edderes de la sociedad, y concienciar de las implicancias de la actividad empresaria en los diversos \u00e1mbitos.<br \/>\nQue el desarrollo de este ciclo en Rivadavia, lo realizan estudiantes del Departamento, destacando el componente autoorganizativo que plasman estos j\u00f3venes, brindando ejemplo de esas cualidades que pretenden transmitir, al ponerse al frente de la gesti\u00f3n de este espacio de capacitaci\u00f3n en Rivadavia.<br \/>\nEl inter\u00e9s Departamental de la iniciativa, se evidencia a partir de la movilidad social que comportan propuestas de este tipo, al ser espacios promovidos y organizados para la comunidad en general.<br \/>\nAsimismo, resulta de inter\u00e9s, el hecho de desarrollar y formar en valores que se reconocen y consideran \u00fatiles para las organizaciones de la sociedad moderna, como son la participaci\u00f3n, la capacitaci\u00f3n t\u00e9cnica, la autoorganizaci\u00f3n, la formaci\u00f3n en valores, la vocaci\u00f3n emprendedora y el esp\u00edritu solidario, trasuntado este \u00faltimo en la metodolog\u00eda del curso, especialmente la condici\u00f3n de acceso: un alimento no perecedero y su destino ha organizaciones civiles solidarias como expresamente dicta la propuesta.<br \/>\nPor \u00faltimo destacamos que la generaci\u00f3n y promoci\u00f3n de l\u00edderes y emprendedores resulta un eje de importancia para incorporar en las pol\u00edticas del Estado Municipal, especialmente en materia de desarrollo econ\u00f3mico, como herramienta de utilidad para la formaci\u00f3n de nuevas fuerzas productivas y nuevas fuentes de empleo, de car\u00e1cter autosustentable y de fuerte compromiso con la comunidad y el ambiente.<\/p>\n<p style=\"text-align: justify;\"><strong>POR ELLO<\/strong><br \/>\nEl Concejo Deliberante de Rivadavia, Mendoza y en uso de sus facultades:<\/p>\n<p style=\"text-align: center;\"><strong>DECLARA<\/strong><\/p>\n<p style=\"text-align: justify;\"><strong>Art\u00edculo 1\u00ba:<\/strong> El Concejo Deliberante de Rivadavia declara de Inter\u00e9s Departamental el \u201cPrograma Nacional de Formaci\u00f3n de L\u00edderes\u201d, organizado por estudiantes universitarios de Rivadavia, en el marco de actividades de la Junior Chamber International\u00a0 (J.C.I.) \u2013 San Mart\u00edn, como un espacio abierto de capacitaci\u00f3n, en temas de utilidad para las organizaciones p\u00fablicas y privadas de la comunidad en materia de autosustentabilidad y responsabilidad social.<\/p>\n<p style=\"text-align: justify;\"><strong>Art\u00edculo 2\u00ba:<\/strong> Eximir a los solicitantes del pago de derecho municipal por el uso de las Instalaciones del Teatro Municipal Enzo Bianchi, en donde se desarrollar\u00e1n las jornadas de capacitaci\u00f3n del Programa referido, los d\u00edas 29 de mayo, 5 de junio y 12 de junio del corriente a\u00f1o, en el horario que se deber\u00e1 acordar con la Direcci\u00f3n de Cultura del Municipio.<\/p>\n<p style=\"text-align: justify;\"><strong>Art\u00edculo 3\u00ba:<\/strong> Remitir copia de la presente Norma a las \u00c1reas de Tesorer\u00eda Municipal,\u00a0 Direcci\u00f3n de Cultura y Direcci\u00f3n de Desarrollo Econ\u00f3mico del Municipio.<\/p>\n<p style=\"text-align: justify;\"><strong>Art\u00edculo 4\u00ba:<\/strong> Comun\u00edquese al Departamento Ejecutivo a sus efectos, e ins\u00e9rtese en el Libro de Declaraciones de este Cuerpo.<\/p>\n<p style=\"text-align: justify;\">Dada en la Sala de Sesiones Bandera Nacional Argentina, del Concejo Deliberante de Rivadavia, Mendoza a los 27 d\u00edas del mes de mayo de 2.008.<\/p>\n<table>\n<tbody>\n<tr>\n<td style=\"text-align: center;\">ORLANDO JAVIER RODRIGUEZ<\/td>\n<td style=\"text-align: center;\">ENRIQUE LE\u00d3N<\/td>\n<\/tr>\n<tr>\n<td style=\"text-align: center;\">SECRETARIO C.D.<\/td>\n<td style=\"text-align: center;\">PRESIDENTE C.D.<\/td>\n<\/tr>\n<\/tbody>\n<\/table>\n<p style=\"text-align: right;\">Cpde. Expte. N\u00ba 2008-00261-6 C.D.<\/p>\n","protected":false},"excerpt":{"rendered":"<p>DECLARACION N\u00ba 20 VISTO: La nota de presentaci\u00f3n formulada por representantes de la ONG\u00a0 &#8211; J.C.I. San Mart\u00edn, que aglutina a j\u00f3venes estudiantes y emprendedores de la Zona Este, que encabeza el Expediente N\u00ba 2008-00256-6, del Concejo Deliberante de Rivadavia, y CONSIDERANDO: Que los peticionantes, solicitan declarar de Inter\u00e9s el \u201cPrograma Nacional de Formaci\u00f3n de [&hellip;]<\/p>\n","protected":false},"author":1,"featured_media":4276,"comment_status":"closed","ping_status":"closed","sticky":false,"template":"","format":"standard","meta":{"_acf_changed":false,"footnotes":""},"categories":[66],"tags":[],"class_list":["post-5337","post","type-post","status-publish","format-standard","has-post-thumbnail","hentry","category-declaraciones"],"acf":[],"_links":{"self":[{"href":"https:\/\/coworkdigital.com.ar\/hcd\/wp-json\/wp\/v2\/posts\/5337","targetHints":{"allow":["GET"]}}],"collection":[{"href":"https:\/\/coworkdigital.com.ar\/hcd\/wp-json\/wp\/v2\/posts"}],"about":[{"href":"https:\/\/coworkdigital.com.ar\/hcd\/wp-json\/wp\/v2\/types\/post"}],"author":[{"embeddable":true,"href":"https:\/\/coworkdigital.com.ar\/hcd\/wp-json\/wp\/v2\/users\/1"}],"replies":[{"embeddable":true,"href":"https:\/\/coworkdigital.com.ar\/hcd\/wp-json\/wp\/v2\/comments?post=5337"}],"version-history":[{"count":0,"href":"https:\/\/coworkdigital.com.ar\/hcd\/wp-json\/wp\/v2\/posts\/5337\/revisions"}],"wp:featuredmedia":[{"embeddable":true,"href":"https:\/\/coworkdigital.com.ar\/hcd\/wp-json\/wp\/v2\/media\/4276"}],"wp:attachment":[{"href":"https:\/\/coworkdigital.com.ar\/hcd\/wp-json\/wp\/v2\/media?parent=5337"}],"wp:term":[{"taxonomy":"category","embeddable":true,"href":"https:\/\/coworkdigital.com.ar\/hcd\/wp-json\/wp\/v2\/categories?post=5337"},{"taxonomy":"post_tag","embeddable":true,"href":"https:\/\/coworkdigital.com.ar\/hcd\/wp-json\/wp\/v2\/tags?post=5337"}],"curies":[{"name":"wp","href":"https:\/\/api.w.org\/{rel}","templated":true}]}}