{"id":5339,"date":"2008-05-27T11:00:58","date_gmt":"2008-05-27T11:00:58","guid":{"rendered":"http:\/\/www.rivadaviamendoza.gob.ar\/hcd\/?p=5339"},"modified":"2008-05-27T11:00:58","modified_gmt":"2008-05-27T11:00:58","slug":"declaracion-19-2008","status":"publish","type":"post","link":"https:\/\/coworkdigital.com.ar\/hcd\/declaracion-19-2008\/","title":{"rendered":"Declaraci\u00f3n 19-2008"},"content":{"rendered":"<p style=\"text-align: center;\"><strong><img fetchpriority=\"high\" decoding=\"async\" class=\"wp-image-1054 aligncenter\" src=\"http:\/\/rd.gov.ar\/wp4\/wp-content\/uploads\/2017\/02\/encabezado-300x60.jpg\" sizes=\"(max-width: 669px) 100vw, 669px\" srcset=\"http:\/\/www.rivadaviamendoza.gob.ar\/hcd\/wp-content\/uploads\/2017\/02\/encabezado-300x60.jpg 300w, http:\/\/www.rivadaviamendoza.gob.ar\/hcd\/wp-content\/uploads\/2017\/02\/encabezado-768x153.jpg 768w, http:\/\/www.rivadaviamendoza.gob.ar\/hcd\/wp-content\/uploads\/2017\/02\/encabezado-1024x203.jpg 1024w\" alt=\"\" width=\"669\" height=\"134\" \/><\/strong><\/p>\n<p style=\"text-align: center;\"><strong>DECLARACION N\u00ba 19<\/strong><\/p>\n<p style=\"text-align: justify;\"><strong>VISTO<\/strong><br \/>\nEl Expediente N\u00ba 2008-00273-1, caratulado Centro de Vi\u00f1ateros y Bodegueros del Este, comunica invitaci\u00f3n al almuerzo de fin de cosecha, y<\/p>\n<p style=\"text-align: justify;\"><strong>CONSIDERANDO<\/strong><br \/>\nQue este evento representa la culminaci\u00f3n de la principal actividad productiva y econ\u00f3mica no solo de nuestro Departamento, sino de toda la Regi\u00f3n.<br \/>\nQue el mismo es organizado por el Centro de Vi\u00f1ateros y Bodegueros de la Zona Este, y este a\u00f1o tendr\u00e1 como anfitri\u00f3n a una Entidad de trayectoria reconocida en nuestro medio, como lo es la Cooperativa Agraria de Productores del Este (C.A.P.E.).<br \/>\nQue adem\u00e1s ha sido declarado de Inter\u00e9s Legislativo, por el Honorable Senado de la provincia de Mendoza; de Inter\u00e9s Regional, por el Honorable Concejo Deliberante de General San Mart\u00edn; de Inter\u00e9s Econ\u00f3mico, Productivo y Agroindustrial, por el Honorable Concejo Deliberante de Jun\u00edn y de Inter\u00e9s Departamental, por\u00a0 el Honorable Concejo Deliberante de Santa Rosa.<\/p>\n<p style=\"text-align: justify;\"><strong>POR ELLO<\/strong><br \/>\nLos abajo firmantes, Concejales por el departamento de Rivadavia, y reunido el Cuerpo en Comisi\u00f3n en Sesi\u00f3n Ordinaria del d\u00eda de la fecha, sugieren sancionar el siguiente proyecto de:<\/p>\n<p style=\"text-align: center;\"><strong>DECLARACI\u00d3N<\/strong><\/p>\n<p style=\"text-align: justify;\"><strong>Art\u00edculo 1\u00ba:<\/strong> El Concejo Deliberante de Rivadavia, Mendoza, declara de \u201cInter\u00e9s Departamental\u201d, el Almuerzo de Fin de Cosecha, organizado por el Centro de Vi\u00f1ateros y Bodegueros del Este, con motivo de la finalizaci\u00f3n de la Vendimia 2008, a realizarse en las instalaciones de la Cooperativa Agraria de Productores del Este (C.A.P.E.), Entidad con sede en el departamento de Rivadavia.<\/p>\n<p style=\"text-align: justify;\"><strong>Art\u00edculo 2\u00ba:<\/strong> La presente Declaraci\u00f3n no representar\u00e1 erogaci\u00f3n alguna para la Municipalidad de Rivadavia.<\/p>\n<p style=\"text-align: justify;\"><strong>Art\u00edculo 3\u00ba:<\/strong> Rem\u00edtase copia de la presente Norma, al Centro de Vi\u00f1ateros y Bodegueros del Este y a la Cooperativa Agraria de Productores del Este (C.A.P.E.).<\/p>\n<p style=\"text-align: justify;\"><strong>Art\u00edculo 4\u00ba:<\/strong> Comun\u00edquese al Departamento Ejecutivo a sus efectos, e ins\u00e9rtese en el Libro de Declaraciones de este Cuerpo.<\/p>\n<p style=\"text-align: justify;\">Dada en la Sala de Sesiones Bandera Nacional Argentina, del Concejo Deliberante de Rivadavia, Mendoza a los 27 d\u00edas del mes de mayo de 2.008.<\/p>\n<table>\n<tbody>\n<tr>\n<td style=\"text-align: center;\">ORLANDO JAVIER RODRIGUEZ<\/td>\n<td style=\"text-align: center;\">ENRIQUE LE\u00d3N<\/td>\n<\/tr>\n<tr>\n<td style=\"text-align: center;\">SECRETARIO C.D.<\/td>\n<td style=\"text-align: center;\">PRESIDENTE C.D.<\/td>\n<\/tr>\n<\/tbody>\n<\/table>\n<p style=\"text-align: right;\">Cpde. Expte. N\u00ba 2008-00273-1 C.D.<\/p>\n","protected":false},"excerpt":{"rendered":"<p>DECLARACION N\u00ba 19 VISTO El Expediente N\u00ba 2008-00273-1, caratulado Centro de Vi\u00f1ateros y Bodegueros del Este, comunica invitaci\u00f3n al almuerzo de fin de cosecha, y CONSIDERANDO Que este evento representa la culminaci\u00f3n de la principal actividad productiva y econ\u00f3mica no solo de nuestro Departamento, sino de toda la Regi\u00f3n. Que el mismo es organizado por [&hellip;]<\/p>\n","protected":false},"author":1,"featured_media":4276,"comment_status":"closed","ping_status":"closed","sticky":false,"template":"","format":"standard","meta":{"_acf_changed":false,"footnotes":""},"categories":[66],"tags":[],"class_list":["post-5339","post","type-post","status-publish","format-standard","has-post-thumbnail","hentry","category-declaraciones"],"acf":[],"_links":{"self":[{"href":"https:\/\/coworkdigital.com.ar\/hcd\/wp-json\/wp\/v2\/posts\/5339","targetHints":{"allow":["GET"]}}],"collection":[{"href":"https:\/\/coworkdigital.com.ar\/hcd\/wp-json\/wp\/v2\/posts"}],"about":[{"href":"https:\/\/coworkdigital.com.ar\/hcd\/wp-json\/wp\/v2\/types\/post"}],"author":[{"embeddable":true,"href":"https:\/\/coworkdigital.com.ar\/hcd\/wp-json\/wp\/v2\/users\/1"}],"replies":[{"embeddable":true,"href":"https:\/\/coworkdigital.com.ar\/hcd\/wp-json\/wp\/v2\/comments?post=5339"}],"version-history":[{"count":0,"href":"https:\/\/coworkdigital.com.ar\/hcd\/wp-json\/wp\/v2\/posts\/5339\/revisions"}],"wp:featuredmedia":[{"embeddable":true,"href":"https:\/\/coworkdigital.com.ar\/hcd\/wp-json\/wp\/v2\/media\/4276"}],"wp:attachment":[{"href":"https:\/\/coworkdigital.com.ar\/hcd\/wp-json\/wp\/v2\/media?parent=5339"}],"wp:term":[{"taxonomy":"category","embeddable":true,"href":"https:\/\/coworkdigital.com.ar\/hcd\/wp-json\/wp\/v2\/categories?post=5339"},{"taxonomy":"post_tag","embeddable":true,"href":"https:\/\/coworkdigital.com.ar\/hcd\/wp-json\/wp\/v2\/tags?post=5339"}],"curies":[{"name":"wp","href":"https:\/\/api.w.org\/{rel}","templated":true}]}}